{"id":522535,"date":"2025-11-09T10:33:12","date_gmt":"2025-11-09T10:33:12","guid":{"rendered":"https:\/\/www.europesays.com\/fr\/522535\/"},"modified":"2025-11-09T10:33:12","modified_gmt":"2025-11-09T10:33:12","slug":"des-soldats-americains-en-difficulte-en-allemagne-un-message-de-larmee-pose-question","status":"publish","type":"post","link":"https:\/\/www.europesays.com\/fr\/522535\/","title":{"rendered":"Des soldats am\u00e9ricains en difficult\u00e9 en Allemagne? Un message de l&rsquo;arm\u00e9e pose question"},"content":{"rendered":"<p class=\"ap-StoryElement ap-StoryElement--mb ap-StoryText\"><a href=\"https:\/\/home.army.mil\/bavaria\/about\/shutdown-guidance\" target=\"_blank\" rel=\"noreferrer noopener\">Un guide mis en ligne<\/a> par le commandement de la garnison am\u00e9ricaine de Bavi\u00e8re ce mercredi n&rsquo;a fait qu&rsquo;amplifier cette inqui\u00e9tude en Allemagne.<\/p>\n<p><a href=\"https:\/\/www.dhnet.be\/actu\/monde\/2025\/11\/07\/la-russie-pourrait-attaquer-un-pays-de-lotan-des-demain-les-declarations-alarmantes-dun-general-allemand-WN5N724BFFB6TPNMYH6VBWF6CQ\/\" target=\"_self\" class=\"ap-StoryInterstitialLink ap-StoryElement ap-StoryElement--mb\" rel=\"noopener\">\u00ab\u00a0La Russie pourrait attaquer un pays de l&rsquo;OTAN d\u00e8s demain\u00a0\u00bb : les d\u00e9clarations alarmantes d&rsquo;un g\u00e9n\u00e9ral allemand<\/a><\/p>\n<p class=\"ap-StoryElement ap-StoryElement--mb ap-StoryText\">En effet, celui-ci recensait les organisations humanitaires distribuant de la nourriture aux personnes dans le besoin. On y retrouve des banques alimentaires mais aussi des applications antigaspillages comme \u00ab\u00a0Too Good To Go\u00a0\u00bb. Ce guide, provoquant de nombreuses questions, a \u00e9t\u00e9 retir\u00e9 du site bavarois de l&rsquo;US Army ce samedi.<\/p>\n<p class=\"ap-StoryElement ap-StoryElement--mb ap-StoryText\">Selon <a href=\"https:\/\/www.leparisien.fr\/international\/etats-unis\/shutdown-aux-etats-unis-en-allemagne-larmee-americaine-avait-recommande-a-ses-troupes-de-se-fournir-a-la-banque-alimentaire-08-11-2025-THASEDFJWJDB7AUC7YXZUMANWM.php\" target=\"_blank\" rel=\"noreferrer noopener\">le Parisien<\/a>, il a \u00e9t\u00e9 remplac\u00e9 par un message assurant que la garnison de l&rsquo;arm\u00e9e am\u00e9ricaine de Bavi\u00e8re \u00ab\u00a0continuera d&rsquo;assurer les services essentiels \u00e0 la vie quotidienne, \u00e0 la sant\u00e9 et \u00e0 la s\u00e9curit\u00e9 des personnes travaillant et vivant dans notre communaut\u00e9\u00a0\u00bb. L&rsquo;arm\u00e9e am\u00e9ricaine a d\u00e9clar\u00e9 que cette liste devait \u00eatre uniquement destin\u00e9e aux civils am\u00e9ricains travaillant pour l&rsquo;arm\u00e9e.<\/p>\n<p class=\"ap-StoryElement ap-StoryElement--mb ap-StoryText\">Cependant, certains services, comme la livraison de mat\u00e9riel \u00e9lectrom\u00e9nager, ne seront plus assur\u00e9s. <a href=\"https:\/\/de.euronews.com\/2025\/11\/05\/shutdown-us-soldaten-tafel-trump-ramstein\" target=\"_blank\" rel=\"noreferrer noopener\">Euronews <\/a>pr\u00e9cise qu&rsquo;un r\u00e8glement de l&rsquo;OTAN interdit l&rsquo;application des dispositions allemandes en mati\u00e8re de s\u00e9curit\u00e9 sociale et de protection sociale aux troupes \u00e9trang\u00e8res.<\/p>\n<p class=\"ap-StoryElement ap-StoryElement--mb ap-StoryText\">Selon le magazine <a href=\"https:\/\/www.spiegel.de\/panorama\/us-militaer-in-bayern-empfahl-truppe-gang-zur-tafel-a-6f366675-c1aa-465a-9a46-2379fb73c2fc\" rel=\"noopener\" target=\"_blank\">Der Spiegel<\/a>, Berlin \u00ab\u00a0a pris en charge les salaires d&rsquo;octobre\u00a0\u00bb des forces am\u00e9ricaines en Allemagne \u00ab\u00a0et pr\u00e9voit de les verser \u00e9galement en novembre\u00a0\u00bb. Information confirm\u00e9e par le minist\u00e8re de l&rsquo;Int\u00e9rieur.<\/p>\n<p><a href=\"https:\/\/www.dhnet.be\/actu\/monde\/2025\/10\/03\/donald-trump-premier-beneficiaire-du-shutdown-aux-usa-HY6EVQCHLNHMHPXCNC6VDWSHMA\/\" target=\"_self\" class=\"ap-StoryInterstitialLink ap-StoryElement ap-StoryElement--mb\" rel=\"noopener\">Donald Trump, premier b\u00e9n\u00e9ficiaire du shutdown aux USA?<\/a>Don anonyme<\/p>\n<p class=\"ap-StoryElement ap-StoryElement--mb ap-StoryText\">Sean Parnell, porte-parole du Pentagone, a d\u00e9clar\u00e9 \u00e0 CNN que Donald Trump avait re\u00e7u le don d&rsquo;un \u00ab\u00a0ami\u00a0\u00bb anonyme et que celui-ci, de 130\u00a0millions de dollars, serait revers\u00e9 au gouvernement\u00a0: \u00ab\u00a0Ce don \u00e9tait conditionn\u00e9 \u00e0 son utilisation pour couvrir les salaires et les avantages sociaux des soldats\u00a0\u00bb. Cet argent semble urgent car, selon l&rsquo;<a href=\"https:\/\/bluestarfam.org\/2025\/10\/blue-star-families-joined-by-leading-military-and-veteran-organizations-call-on-congress-to-fund-the-government-and-protect-military-and-veteran-families\/\" rel=\"noopener\" target=\"_blank\">initiative Blue Star Families<\/a> fond\u00e9e par des militaires, \u00ab\u00a0moins d&rsquo;une famille militaire sur trois dispose d&rsquo;\u00e9conomies de 3\u00a0000\u00a0dollars\u00a0\u00bb.<\/p>\n","protected":false},"excerpt":{"rendered":"Un guide mis en ligne par le commandement de la garnison am\u00e9ricaine de Bavi\u00e8re ce mercredi n&rsquo;a fait&hellip;\n","protected":false},"author":2,"featured_media":522536,"comment_status":"","ping_status":"","sticky":false,"template":"","format":"standard","meta":{"footnotes":""},"categories":[1587],"tags":[11,64303,672,35820,64304,18735,9504,15742,40236,64305,35342,1804,64306,10104,5432,10350,29330,64307,1805,1803,64308,1777,674,27144,36943,20017,18038,8344,1801,57483,57484,9518,39700,57487,64309,64310,5803,64311,12,1476,1802,37736,64312,64313,22782,64314,64315,220,64316,57498,64317,4932,64318,64319,57499,64320],"class_list":{"0":"post-522535","1":"post","2":"type-post","3":"status-publish","4":"format-standard","5":"has-post-thumbnail","7":"category-allemagne","8":"tag-actualites","9":"tag-aggressive","10":"tag-allemagne","11":"tag-army","12":"tag-assault","13":"tag-attack","14":"tag-background","15":"tag-battle","16":"tag-battlefield","17":"tag-border","18":"tag-brave","19":"tag-bundesrepublik-deutschland","20":"tag-camouflage","21":"tag-close-up","22":"tag-combat","23":"tag-conflict","24":"tag-copy-space","25":"tag-counter","26":"tag-de","27":"tag-deutschland","28":"tag-disguise","29":"tag-eu","30":"tag-europe","31":"tag-fight","32":"tag-fighter","33":"tag-force","34":"tag-forest","35":"tag-game","36":"tag-germany","37":"tag-guard","38":"tag-gun","39":"tag-hand","40":"tag-holding","41":"tag-kill","42":"tag-looking","43":"tag-machine-gun","44":"tag-man","45":"tag-military","46":"tag-news","47":"tag-operation","48":"tag-republique-federale-dallemagne","49":"tag-russian","50":"tag-sniper","51":"tag-soldier","52":"tag-special","53":"tag-strategy","54":"tag-struggle","55":"tag-ukraine","56":"tag-ukrainian","57":"tag-uniform","58":"tag-unit","59":"tag-war","60":"tag-warfare","61":"tag-warrior","62":"tag-weapon","63":"tag-woodland"},"share_on_mastodon":{"url":"","error":"Validation failed: Text character limit of 500 exceeded"},"_links":{"self":[{"href":"https:\/\/www.europesays.com\/fr\/wp-json\/wp\/v2\/posts\/522535","targetHints":{"allow":["GET"]}}],"collection":[{"href":"https:\/\/www.europesays.com\/fr\/wp-json\/wp\/v2\/posts"}],"about":[{"href":"https:\/\/www.europesays.com\/fr\/wp-json\/wp\/v2\/types\/post"}],"author":[{"embeddable":true,"href":"https:\/\/www.europesays.com\/fr\/wp-json\/wp\/v2\/users\/2"}],"replies":[{"embeddable":true,"href":"https:\/\/www.europesays.com\/fr\/wp-json\/wp\/v2\/comments?post=522535"}],"version-history":[{"count":0,"href":"https:\/\/www.europesays.com\/fr\/wp-json\/wp\/v2\/posts\/522535\/revisions"}],"wp:featuredmedia":[{"embeddable":true,"href":"https:\/\/www.europesays.com\/fr\/wp-json\/wp\/v2\/media\/522536"}],"wp:attachment":[{"href":"https:\/\/www.europesays.com\/fr\/wp-json\/wp\/v2\/media?parent=522535"}],"wp:term":[{"taxonomy":"category","embeddable":true,"href":"https:\/\/www.europesays.com\/fr\/wp-json\/wp\/v2\/categories?post=522535"},{"taxonomy":"post_tag","embeddable":true,"href":"https:\/\/www.europesays.com\/fr\/wp-json\/wp\/v2\/tags?post=522535"}],"curies":[{"name":"wp","href":"https:\/\/api.w.org\/{rel}","templated":true}]}}