{"id":522545,"date":"2025-11-09T10:38:16","date_gmt":"2025-11-09T10:38:16","guid":{"rendered":"https:\/\/www.europesays.com\/fr\/522545\/"},"modified":"2025-11-09T10:38:16","modified_gmt":"2025-11-09T10:38:16","slug":"la-france-ne-signera-pas-un-texte-qui-condamnerait-ses-agriculteurs-ministre","status":"publish","type":"post","link":"https:\/\/www.europesays.com\/fr\/522545\/","title":{"rendered":"la France \u00ab\u00a0ne signera pas\u00a0\u00bb un texte qui \u00ab\u00a0condamnerait\u00a0\u00bb ses agriculteurs (ministre)"},"content":{"rendered":"<p>Un message de fermet\u00e9 adress\u00e9 \u00e0 Bruxelles comme \u00e0 Brasilia. \u00ab\u00a0Nous voulons soutenir nos agriculteurs et c\u2019est pourquoi la France ne signera pas un accord qui les condamnerait \u00e0 terme\u00a0\u00bb, a d\u00e9clar\u00e9 la ministre de l\u2019Agriculture dans un entretien au Journal du dimanche, pr\u00e9cisant les \u00ab\u00a0lignes rouges\u00a0\u00bb pos\u00e9es par Paris.<\/p>\n<p>Celles-ci sont au nombre de trois\u00a0: une \u00ab\u00a0clause de sauvegarde agricole sp\u00e9cifique\u00a0\u00bb, des \u00ab\u00a0mesures miroir\u00a0\u00bb interdisant l\u2019importation de produits ne respectant pas les normes europ\u00e9ennes, et un renforcement des contr\u00f4les sanitaires. L\u2019objectif\u00a0: \u00e9viter une mise en concurrence jug\u00e9e d\u00e9loyale entre les producteurs europ\u00e9ens et sud-am\u00e9ricains.<\/p>\n<p>Concernant la clause de sauvegarde, Annie Genevard \u00e9voque \u00ab\u00a0un frein d\u2019urgence si, par exemple, la fili\u00e8re est menac\u00e9e par une chute massive de prix li\u00e9e \u00e0 un afflux de denr\u00e9es import\u00e9es\u00a0\u00bb. Mais la ministre reconna\u00eet que le dispositif reste \u00e0 pr\u00e9ciser. \u00ab\u00a0Qui d\u00e9cide\u00a0? Qui v\u00e9rifie\u00a0? En combien de temps\u00a0? Quels crit\u00e8res d\u00e9clenchent le m\u00e9canisme\u00a0?\u00a0\u00bb interroge-t-elle, promettant une \u00ab\u00a0vigilance totale\u00a0\u00bb sur son efficacit\u00e9 r\u00e9elle.<\/p>\n<p><strong>La France \u00ab\u00a0a les moyens de se faire entendre\u00a0\u00bb<\/strong>&#13;\n<\/p>\n<p>Interrog\u00e9e sur la possibilit\u00e9 de bloquer le processus, alors que le Br\u00e9sil esp\u00e8re une signature avec l\u2019Union europ\u00e9enne d\u2019ici au 20\u00a0d\u00e9cembre, la ministre assure que la France \u00ab\u00a0a les moyens de se faire entendre\u00a0\u00bb. Plusieurs \u00c9tats membres \u2013 dont la Pologne, l\u2019Autriche, les Pays-Bas, l\u2019Irlande et la Hongrie \u2013 partagent ses r\u00e9serves. \u00ab\u00a0Tant que ces garanties ne sont pas \u00e9crites, valid\u00e9es et accept\u00e9es par nos partenaires du Mercosur, la France restera sur sa position\u00a0\u00bb, insiste-t-elle.<\/p>\n<p>Jeudi, en visite au Br\u00e9sil, Emmanuel Macron s\u2019\u00e9tait dit \u00ab\u00a0plut\u00f4t positif\u00a0\u00bb quant \u00e0 la possibilit\u00e9 d\u2019un accord, tout en appelant \u00e0 rester \u00ab\u00a0vigilant\u00a0\u00bb. Quelques heures plus tard, au Mexique, il avait nuanc\u00e9 son propos en rappelant que \u00ab\u00a0la France continue d\u2019attendre des r\u00e9ponses claires\u00a0\u00bb. Des d\u00e9clarations jug\u00e9es ambigu\u00ebs, qui ont suscit\u00e9 de vives critiques dans les rangs agricoles et politiques.<\/p>\n","protected":false},"excerpt":{"rendered":"Un message de fermet\u00e9 adress\u00e9 \u00e0 Bruxelles comme \u00e0 Brasilia. \u00ab\u00a0Nous voulons soutenir nos agriculteurs et c\u2019est pourquoi&hellip;\n","protected":false},"author":2,"featured_media":522546,"comment_status":"","ping_status":"","sticky":false,"template":"","format":"standard","meta":{"footnotes":""},"categories":[4],"tags":[64322,17,743,11,2572,1129,1011,27,21426,3784,16285,12,5261,25,64321,34927,1778],"class_list":{"0":"post-522545","1":"post","2":"type-post","3":"status-publish","4":"format-standard","5":"has-post-thumbnail","7":"category-france","8":"tag-condamnerait","9":"tag-17","10":"tag-accord","11":"tag-actualites","12":"tag-agriculteurs","13":"tag-climat","14":"tag-fr","15":"tag-france","16":"tag-mercosur","17":"tag-ministre","18":"tag-ne","19":"tag-news","20":"tag-pas","21":"tag-republique-francaise","22":"tag-signera","23":"tag-texte","24":"tag-ue"},"share_on_mastodon":{"url":"https:\/\/pubeurope.com\/@fr\/115519311230511296","error":""},"_links":{"self":[{"href":"https:\/\/www.europesays.com\/fr\/wp-json\/wp\/v2\/posts\/522545","targetHints":{"allow":["GET"]}}],"collection":[{"href":"https:\/\/www.europesays.com\/fr\/wp-json\/wp\/v2\/posts"}],"about":[{"href":"https:\/\/www.europesays.com\/fr\/wp-json\/wp\/v2\/types\/post"}],"author":[{"embeddable":true,"href":"https:\/\/www.europesays.com\/fr\/wp-json\/wp\/v2\/users\/2"}],"replies":[{"embeddable":true,"href":"https:\/\/www.europesays.com\/fr\/wp-json\/wp\/v2\/comments?post=522545"}],"version-history":[{"count":0,"href":"https:\/\/www.europesays.com\/fr\/wp-json\/wp\/v2\/posts\/522545\/revisions"}],"wp:featuredmedia":[{"embeddable":true,"href":"https:\/\/www.europesays.com\/fr\/wp-json\/wp\/v2\/media\/522546"}],"wp:attachment":[{"href":"https:\/\/www.europesays.com\/fr\/wp-json\/wp\/v2\/media?parent=522545"}],"wp:term":[{"taxonomy":"category","embeddable":true,"href":"https:\/\/www.europesays.com\/fr\/wp-json\/wp\/v2\/categories?post=522545"},{"taxonomy":"post_tag","embeddable":true,"href":"https:\/\/www.europesays.com\/fr\/wp-json\/wp\/v2\/tags?post=522545"}],"curies":[{"name":"wp","href":"https:\/\/api.w.org\/{rel}","templated":true}]}}