{"id":522547,"date":"2025-11-09T10:41:10","date_gmt":"2025-11-09T10:41:10","guid":{"rendered":"https:\/\/www.europesays.com\/fr\/522547\/"},"modified":"2025-11-09T10:41:10","modified_gmt":"2025-11-09T10:41:10","slug":"scandale-pour-le-xv-de-france-il-denonce-un-vol","status":"publish","type":"post","link":"https:\/\/www.europesays.com\/fr\/522547\/","title":{"rendered":"Scandale pour le XV de France, il d\u00e9nonce un \u00abvol\u00bb !"},"content":{"rendered":"<p class=\"heading\">Pour le moment, le XV de France n\u2019a encore jamais remport\u00e9 la Coupe du monde. Les Bleus \u00e9taient proches de le faire en 1995, mais ils avaient \u00e0 l\u2019\u00e9poque d\u00fb s\u2019arr\u00eater en demi-finale, battus par l\u2019Afrique du Sud (19-15). Selon Philippe Saint-Andr\u00e9, pr\u00e9sent ce jour-l\u00e0 sur la pelouse, les Springboks n\u2019auraient jamais d\u00fb l\u2019emporter et les Fran\u00e7ais se sont fait voler. <\/p>\n<p>En 2027, le <strong>XV de France<\/strong> participera \u00e0 la<strong> Coupe du monde<\/strong> de rugby en <strong>Australie<\/strong> et les Bleus voudront enfin mettre la main sur un troph\u00e9e qui les fuit depuis tant d\u2019ann\u00e9es. Les Fran\u00e7ais n\u2019ont jamais remport\u00e9 la comp\u00e9tition, mais ils ont \u00e9t\u00e9 proches de le faire \u00e0 quelques reprises. Cela sera surtout l\u2019occasion pour la g\u00e9n\u00e9ration d\u2019<a href=\"https:\/\/le10sport.com\/rugby\/antoine-dupont-15meur-signature-confirmee-sur-tf-764196\" target=\"_blank\" rel=\"noopener\">Antoine Dupont <\/a>d\u2019enfin boucler la boucle et de s\u2019installer au firmament du rugby mondial.<\/p>\n<p>                                            \u00ab\u00a0\u00c7a fait trente ans et je n&rsquo;ai jamais voulu la revoir\u00a0\u00bb<\/p>\n<p>En 1995, le<strong> XV de France<\/strong> faisait partie des favoris pour remporter la <strong>Coupe du monde<\/strong>. Pour disputer la finale, les Bleus doivent alors se d\u00e9faire de l\u2019<strong>Afrique du Sud <\/strong>en demi, mais ils n\u2019y arriveront pas. \u00c0 <strong>Durban<\/strong>, les Springboks s\u2019imposeront 19 \u00e0 15, mais ce match suscitera beaucoup de col\u00e8re chez les Fran\u00e7ais. Pr\u00e9sent sur la pelouse ce jour-l\u00e0,<strong> Philippe Saint-Andr\u00e9 <\/strong>a accept\u00e9 de revenir sur cette rencontre tr\u00e8s douloureuse dans les colonnes de L\u2019\u00c9quipe. \u00ab\u00a0\u00c7a fait trente ans et je n&rsquo;ai jamais voulu la revoir. L&rsquo;arbitre nous refuse trois ou quatre essais. Avant de mourir, leur troisi\u00e8me-ligne Ruben Kruger, lui, a reconnu qu&rsquo;il n&rsquo;a jamais aplati son essai. Je ne vais pas dire que c&rsquo;\u00e9tait un vol manifeste mais cette demi-finale n&rsquo;a pas \u00e9t\u00e9 tr\u00e8s clean. Notre g\u00e9n\u00e9ration pensait pouvoir \u00eatre championne du monde et on a \u00e9t\u00e9 marqu\u00e9s \u00e0 vie par cette d\u00e9faite. On avait gagn\u00e9 sur tous les terrains du monde avant cette rencontre qui n&rsquo;aurait pas d\u00fb avoir lieu en raison des conditions m\u00e9t\u00e9o.\u00a0\u00bb<\/p>\n<p>                                            \u00ab\u00a0Je n&rsquo;avais jamais vu autant de d\u00e9tresse dans un vestiaire\u00a0\u00bb<\/p>\n<p>Selon <strong>Philippe Saint-Andr\u00e9<\/strong>, le match aurait donc d\u00fb \u00eatre annul\u00e9 et \u00e0 ce moment-l\u00e0, c\u2019est le <strong>XV de France <\/strong>qui se serait qualifi\u00e9 pour la grande finale face \u00e0 la <strong>Nouvelle-Z\u00e9lande<\/strong>. \u00ab\u00a0Comme le pr\u00e9voyait le r\u00e8glement, le match n&rsquo;aurait pas \u00e9t\u00e9 rejou\u00e9 s&rsquo;il avait \u00e9t\u00e9 annul\u00e9, on l&rsquo;aurait emport\u00e9 sur tapis vert puisqu&rsquo;ils avaient pris un carton rouge en phase de poules. Je n&rsquo;avais jamais vu autant de d\u00e9tresse dans un vestiaire. Les souvenirs reviennent, je les avais enfouis au fond de moi. Mais on ne peut pas r\u00e9\u00e9crire l&rsquo;histoire. On a un groupe WhatsApp et on devait se retrouver vendredi soir \u00e0 Paris mais je n&rsquo;ai pas pu y aller (il est manager de Provence Rugby qui jouait \u00e0 Colomiers en Pro D2).\u00a0\u00bb Le destin a finalement \u00e9t\u00e9 du c\u00f4t\u00e9 des Springboks ce jour-l\u00e0, qui \u00e9taient par la suite venus \u00e0 bout des All-Blacks en finale (15-12). <\/p>\n","protected":false},"excerpt":{"rendered":"Pour le moment, le XV de France n\u2019a encore jamais remport\u00e9 la Coupe du monde. Les Bleus \u00e9taient&hellip;\n","protected":false},"author":2,"featured_media":522548,"comment_status":"","ping_status":"","sticky":false,"template":"","format":"standard","meta":{"footnotes":""},"categories":[1416],"tags":[1011,27,479,1468,60],"class_list":{"0":"post-522547","1":"post","2":"type-post","3":"status-publish","4":"format-standard","5":"has-post-thumbnail","7":"category-rugby","8":"tag-fr","9":"tag-france","10":"tag-rugby","11":"tag-rugby-football","12":"tag-sports"},"share_on_mastodon":{"url":"https:\/\/pubeurope.com\/@fr\/115519323155686267","error":""},"_links":{"self":[{"href":"https:\/\/www.europesays.com\/fr\/wp-json\/wp\/v2\/posts\/522547","targetHints":{"allow":["GET"]}}],"collection":[{"href":"https:\/\/www.europesays.com\/fr\/wp-json\/wp\/v2\/posts"}],"about":[{"href":"https:\/\/www.europesays.com\/fr\/wp-json\/wp\/v2\/types\/post"}],"author":[{"embeddable":true,"href":"https:\/\/www.europesays.com\/fr\/wp-json\/wp\/v2\/users\/2"}],"replies":[{"embeddable":true,"href":"https:\/\/www.europesays.com\/fr\/wp-json\/wp\/v2\/comments?post=522547"}],"version-history":[{"count":0,"href":"https:\/\/www.europesays.com\/fr\/wp-json\/wp\/v2\/posts\/522547\/revisions"}],"wp:featuredmedia":[{"embeddable":true,"href":"https:\/\/www.europesays.com\/fr\/wp-json\/wp\/v2\/media\/522548"}],"wp:attachment":[{"href":"https:\/\/www.europesays.com\/fr\/wp-json\/wp\/v2\/media?parent=522547"}],"wp:term":[{"taxonomy":"category","embeddable":true,"href":"https:\/\/www.europesays.com\/fr\/wp-json\/wp\/v2\/categories?post=522547"},{"taxonomy":"post_tag","embeddable":true,"href":"https:\/\/www.europesays.com\/fr\/wp-json\/wp\/v2\/tags?post=522547"}],"curies":[{"name":"wp","href":"https:\/\/api.w.org\/{rel}","templated":true}]}}