{"id":522549,"date":"2025-11-09T10:42:11","date_gmt":"2025-11-09T10:42:11","guid":{"rendered":"https:\/\/www.europesays.com\/fr\/522549\/"},"modified":"2025-11-09T10:42:11","modified_gmt":"2025-11-09T10:42:11","slug":"atp-finals-sinner-alcaraz-shelton-les-8-finalistes-passes-au-crible-le-figaro","status":"publish","type":"post","link":"https:\/\/www.europesays.com\/fr\/522549\/","title":{"rendered":"ATP Finals : Sinner, Alcaraz, Shelton&#8230; les 8 finalistes pass\u00e9s au crible &#8211; Le Figaro"},"content":{"rendered":"<ol>\n<li><a href=\"https:\/\/news.google.com\/rss\/articles\/CBMiwAFBVV95cUxOMzdCaGxwRjZfSVhEcWlJVGlPVGRuZ1lDUFY0UTBPY2xEYjNKQ0hhUUlNYWJJWS1naHNvYnIxdnV1X29lc1Y4Qks5MVR6Qk9jSjF3UHJQa0Q0Nnd3Q0V6ZV9sMFJTOGdzWkR3R0V6S3hOME1QaXFzWXVjc1RUekFodW8xeEx5NHJvTkMtNmJMcG1kY1J2RzFNX2VBMlZCTENmeWNuVEJ4RXV3MDV6TmNJWFFoUEotcjc2dzU0bHdoSm4?oc=5\" target=\"_blank\" rel=\"noopener\">ATP Finals : Sinner, Alcaraz, Shelton&#8230; les 8 finalistes pass\u00e9s au crible<\/a>&nbsp;&nbsp;Le Figaro<\/li>\n<li><a href=\"https:\/\/news.google.com\/rss\/articles\/CBMi7AFBVV95cUxOOWJaMDVXaHoteENOWS0wS0RCSFRGemtzdUZtRUtVRmhPSTZSSWZSMEtpajJ3cmtCUk9KelBTUFA4Q2FLLTVvbFFYaVJEQ0Fob3ZVU3BSbmJGN2F3U29kd2FfZnRvdlFDZE9PLUdsZVltS1l1NFh4NXZ1UXlJUGVOUVZMM0dpT3hucUhIRDhjbENjRXFWYjZiamV6bW56MmpjWGFYdnFwRGtnaEFFVlZYRXpfZFZqWThOT09EZFZCbktWRVdUUjM2SEZhNF9sXzZrck1JOHpJX21sSFpsMXVPZDZaWTlzMEktZjYwag?oc=5\" target=\"_blank\" rel=\"noopener\">Bless\u00e9 \u00e0 une \u00e9paule, Novak Djokovic d\u00e9clare forfait pour les Finales ATP et est remplac\u00e9 par Lorenzo Musetti<\/a>&nbsp;&nbsp;L&rsquo;\u00c9quipe<\/li>\n<li><a href=\"https:\/\/news.google.com\/rss\/articles\/CBMi-gFBVV95cUxOWWV6ZTFPZkszRWRFNHY2V0ZhcVVnS1FDRlJHTkQ0QVJFU2lhOEc4SGZGaFBabmNuWVJIR0JEV0cwaVNpYXE0N2ZjeUtnaW1HRk1VSGY0czVDX2xUekh2S09GbERxUjY4TVhzQ2NTMDl6dlFWdU1Jb2VBM2FiUEg1Sk1fMlhsVEg0ZnlUdjBaU2NIMUlHMGJBLXdSZzNST1oydHNDZm5Bdmc4TFJPeUJkeVNudlNER0pkamJtcVVUQ3R5ZkFMMnl1MUdtMWZoYVVSa3RDQU1oMzI5QlRXUGt2RFBRY2RxdGxHUTZHSFNFb3hjUHhJUHl2Zl9R?oc=5\" target=\"_blank\" rel=\"noopener\">ATP Finals &#8211; Novak Djokovic d\u00e9clare forfait pour le Masters de Turin, Lorenzo Musetti le remplace<\/a>&nbsp;&nbsp;Eurosport<\/li>\n<li><a href=\"https:\/\/news.google.com\/rss\/articles\/CBMihgJBVV95cUxQdWpvaVMtOUZRUjNpaEp1aE1XZFVQR1BlOTczalNRRm1yeVFLcjZaSm9wQVBTOU5SUm9HNXY3bXRLNVVHajhlTV9rMTM4R1BqR2FvMjB2U0dqOEpkWmhSR1g0TWEtUGhLSU9NS3EwTU5qRU5tRVNHbXF6SS00R2ZTaUdaS0JsQldpTkM2S2ktTi1hQktmTTh6ZjA5SHhTVVVlUlR3SWpiWlNSc0E0QlRicGtyLVRHdDNMQ0tXRHFRMlJMdC1pTzllTGI3LWtNa085N3lrX2xNTVJDTWNCNmI5dmRBN3d4ZnFhS183NFI3RWxIWlhqRFlHZTd6Vkw0TlpVMFVBMG5R?oc=5\" target=\"_blank\" rel=\"noopener\">Tennis : tout juste titr\u00e9 \u00e0 Ath\u00e8nes, Novak Djokovic renonce au Masters ATP \u00e0 cause d&rsquo;une blessure \u00e0 une \u00e9paule<\/a>&nbsp;&nbsp;France Info<\/li>\n<li><a href=\"https:\/\/news.google.com\/rss\/articles\/CBMizwFBVV95cUxNMzRHQXM5dnUtNDZCd3QxLXRlVTRPMW5FX01kMlB0eG5PQlhFT3lhUjhPWGdPRDN3ZHZSNTh1WDc3NGcwZENLaDdMbkNFV2o4RDFkS2ZRdWIzbmd4UmR4b19pUW9heTFidXFGWGZKTnB3SHRQcV94VXFJTzJHQjhjNnpXVnBxT1JDeGlSTENNckZTMEYxcW1aSXN6S09oT2R6Qlpzb0pNSFA3bFVlZ2g4YjdSdEFySi1oNTBWT3Y1dzBjQXF0RHR3WXhEdGx1YmfSAc4BQVVfeXFMUHJpTXJmc2FrbnVxYm1GSDZLR2JpNkVkcXFKVE5oTDFwY2ZQTl9MbDVqejlVb3Zfdy1Sb2RTQ2QxcXAyb1dRd2NOdldIYWdKV1JQTVpleWVYUVdmRFloaDFyMHRRYlhhZlpBXzd6eWhoak5la3N4bkdmYW5mbTlCM1Zpb3d5OF9CR1Zlb21Udm5fcnhsNGpoUmM3V2V1ZnpPVUxwVzZfaHVFUFpxLV9GT1NzellKbGRiS013a3UxeVNmbWRRUkpnUWJnc2pGVmc?oc=5\" target=\"_blank\" rel=\"noopener\">ATP Finals : Djokovic officialise son forfait et c\u00e8de sa place \u00e0 Musetti : Sports &#8211; Orange<\/a>&nbsp;&nbsp;Sports &#8211; Orange<\/li>\n<\/ol>\n","protected":false},"excerpt":{"rendered":"ATP Finals : Sinner, Alcaraz, Shelton&#8230; les 8 finalistes pass\u00e9s au crible&nbsp;&nbsp;Le Figaro Bless\u00e9 \u00e0 une \u00e9paule, Novak&hellip;\n","protected":false},"author":2,"featured_media":522550,"comment_status":"","ping_status":"","sticky":false,"template":"","format":"standard","meta":{"footnotes":""},"categories":[1415],"tags":[5827,7779,1011,27,20859,6433,60,1467],"class_list":{"0":"post-522549","1":"post","2":"type-post","3":"status-publish","4":"format-standard","5":"has-post-thumbnail","7":"category-tennis","8":"tag-alexander-zverev","9":"tag-carlos-alcaraz","10":"tag-fr","11":"tag-france","12":"tag-jannik-sinner","13":"tag-novak-djokovic","14":"tag-sports","15":"tag-tennis"},"share_on_mastodon":{"url":"https:\/\/pubeurope.com\/@fr\/115519326981783127","error":""},"_links":{"self":[{"href":"https:\/\/www.europesays.com\/fr\/wp-json\/wp\/v2\/posts\/522549","targetHints":{"allow":["GET"]}}],"collection":[{"href":"https:\/\/www.europesays.com\/fr\/wp-json\/wp\/v2\/posts"}],"about":[{"href":"https:\/\/www.europesays.com\/fr\/wp-json\/wp\/v2\/types\/post"}],"author":[{"embeddable":true,"href":"https:\/\/www.europesays.com\/fr\/wp-json\/wp\/v2\/users\/2"}],"replies":[{"embeddable":true,"href":"https:\/\/www.europesays.com\/fr\/wp-json\/wp\/v2\/comments?post=522549"}],"version-history":[{"count":0,"href":"https:\/\/www.europesays.com\/fr\/wp-json\/wp\/v2\/posts\/522549\/revisions"}],"wp:featuredmedia":[{"embeddable":true,"href":"https:\/\/www.europesays.com\/fr\/wp-json\/wp\/v2\/media\/522550"}],"wp:attachment":[{"href":"https:\/\/www.europesays.com\/fr\/wp-json\/wp\/v2\/media?parent=522549"}],"wp:term":[{"taxonomy":"category","embeddable":true,"href":"https:\/\/www.europesays.com\/fr\/wp-json\/wp\/v2\/categories?post=522549"},{"taxonomy":"post_tag","embeddable":true,"href":"https:\/\/www.europesays.com\/fr\/wp-json\/wp\/v2\/tags?post=522549"}],"curies":[{"name":"wp","href":"https:\/\/api.w.org\/{rel}","templated":true}]}}