{"id":522555,"date":"2025-11-09T10:48:10","date_gmt":"2025-11-09T10:48:10","guid":{"rendered":"https:\/\/www.europesays.com\/fr\/522555\/"},"modified":"2025-11-09T10:48:10","modified_gmt":"2025-11-09T10:48:10","slug":"ce-jour-ou-paul-mccartney-a-envoye-les-excrements-de-sa-fille-bebe-a-un-critique-musical","status":"publish","type":"post","link":"https:\/\/www.europesays.com\/fr\/522555\/","title":{"rendered":"Ce jour o\u00f9 Paul McCartney a envoy\u00e9 les excr\u00e9ments de sa fille b\u00e9b\u00e9 \u00e0 un critique musical"},"content":{"rendered":"<p>Apr\u00e8s la s\u00e9paration des Beatles en\u00a01970, <a href=\"https:\/\/www.20minutes.fr\/arts-stars\/4120827-20241112-beatles-nommes-grammy-awards-grace-chanson-generee-intelligence-artificielle\" target=\"_blank\" class=\"c-link c-link--is-underlined\" rel=\"noopener\">Paul McCartney<\/a> a fond\u00e9 un nouveau groupe, The Wings. A cette \u00e9poque, le musicien \u00e9tait p\u00e8re de trois enfants en bas \u00e2ge, Heather, Mary et Stella, n\u00e9s de son mariage avec <a href=\"https:\/\/www.20minutes.fr\/people\/2212911-20180203-stella-mccartney-souffert-crises-angoisse-apres-mort-mere\" target=\"_blank\" class=\"c-link c-link--is-underlined\" rel=\"noopener\">la photographe Linda McCartney<\/a> qui n\u2019avait pas encore mis au monde leur quatri\u00e8me, James (n\u00e9 en\u00a01977). C\u2019est Stella, devenue depuis <a href=\"https:\/\/www.20minutes.fr\/tempo\/4144046-20250318-paris-fashion-week-tendances-faut-retenir-automne-hiver-2025-2026\" target=\"_blank\" class=\"c-link c-link--is-underlined\" rel=\"noopener\">une styliste \u00e0 succ\u00e8s<\/a> qui a aid\u00e9, \u00e0 l\u2019insu de son plein gr\u00e9, son p\u00e8re \u00e0 se venger d\u2019un journaliste peu scrupuleux.<\/p>\n<p>Comme le raconte le batteur des Wings, Denny Seiwell, dans l\u2019ouvrage Wings\u00a0: The Story of a Band on the Run, dans lequel Paul McCartney a compil\u00e9 plusieurs t\u00e9moignages, un journaliste britannique leur a propos\u00e9 un article sp\u00e9cial. Apr\u00e8s avoir vu un de leurs concerts, il leur a propos\u00e9 non pas d\u2019en faire la critique, mais d\u2019\u00e9crire un article sur les coulisses de leur tourn\u00e9e.<\/p>\n<p>En effet, de fa\u00e7on <a href=\"https:\/\/www.20minutes.fr\/arts-stars\/people\/2277163-20180527-groupie-pamela-barres-sortirait-bien-harry-styles-si-nouveau-19-ans\" target=\"_blank\" class=\"c-link c-link--is-underlined\" rel=\"noopener\">assez inhabituelle pour l\u2019\u00e9poque<\/a>, les musiciens avaient emmen\u00e9 leurs enfants et compagnes respectives dans leurs bagages.<\/p>\n<p>Un usage inhabituel du savon de l\u2019h\u00f4tel<\/p>\n<p>La proposition a \u00e9t\u00e9 accept\u00e9e par Paul McCartney et le journaliste a eu acc\u00e8s \u00e0 l\u2019intimit\u00e9 du groupe, que ce soit dans le bus de tourn\u00e9e ou pendant les balances, dans les coulisses de leur prochain concert. \u00ab\u00a0Nous l\u2019avons laiss\u00e9 voir comment nous vivions et tout \u00e7a. Il n\u2019est pas rest\u00e9 pour le concert et est rentr\u00e9 chez lui\u00a0\u00bb, ajoute Denny Seiwell (via <a href=\"https:\/\/www.usmagazine.com\/celebrity-moms\/news\/paul-mccartney-sent-baby-stellas-turd-to-critic-after-bad-review\/\" rel=\"nofollow noopener\" target=\"_blank\" class=\"c-link c-link--is-underlined\">Us Weekly<\/a>).<\/p>\n<p>L\u2019article est sorti la semaine suivante\u00a0: une critique assassine du concert auquel le journaliste n\u2019a jamais assist\u00e9. \u00ab\u00a0Il l\u2019a descendu. A propos de tout. Notre fa\u00e7on de vivre, notre fa\u00e7on de voyager, la fa\u00e7on dont on sonnait,\u00a0etc\u00a0\u00bb, pr\u00e9cise Denny Seiwell.<\/p>\n<p>Seulement, <a href=\"https:\/\/www.20minutes.fr\/arts-stars\/livres\/4160731-20250627-beatles-paul-plongee-ur-mccartney-annees-1970-b\" target=\"_blank\" class=\"c-link c-link--is-underlined\" rel=\"noopener\">la cr\u00e9ativit\u00e9<\/a> de Paul McCartney ne s\u2019arr\u00eate visiblement pas \u00e0 une partition de musique. \u00ab\u00a0Stella \u00e9tait b\u00e9b\u00e9 \u00e0 cette \u00e9poque. Paul et Linda ont pris un de ces petits bo\u00eetiers en plastique pour le savon de l\u2019h\u00f4tel o\u00f9 nous s\u00e9journions, ils ont pris des excr\u00e9ments de Stella, les ont mis dans le bo\u00eetier du savon, ont emball\u00e9 le tout et lui ont envoy\u00e9\u00a0\u00bb, raconte Denny Seiwell. \u00ab\u00a0J\u2019ai trouv\u00e9 que c\u2019\u00e9tait la r\u00e9ponse parfaite \u00e0 un grossier gratte-papier britannique.\u00a0\u00bb<\/p>\n","protected":false},"excerpt":{"rendered":"Apr\u00e8s la s\u00e9paration des Beatles en\u00a01970, Paul McCartney a fond\u00e9 un nouveau groupe, The Wings. A cette \u00e9poque,&hellip;\n","protected":false},"author":2,"featured_media":522556,"comment_status":"","ping_status":"","sticky":false,"template":"","format":"standard","meta":{"footnotes":""},"categories":[1359],"tags":[2627,58,59,1011,27,873,32501,973,133],"class_list":{"0":"post-522555","1":"post","2":"type-post","3":"status-publish","4":"format-standard","5":"has-post-thumbnail","7":"category-people","8":"tag-beatles","9":"tag-divertissement","10":"tag-entertainment","11":"tag-fr","12":"tag-france","13":"tag-musique","14":"tag-paul-mccartney","15":"tag-people","16":"tag-video"},"share_on_mastodon":{"url":"https:\/\/pubeurope.com\/@fr\/115519350731576611","error":""},"_links":{"self":[{"href":"https:\/\/www.europesays.com\/fr\/wp-json\/wp\/v2\/posts\/522555","targetHints":{"allow":["GET"]}}],"collection":[{"href":"https:\/\/www.europesays.com\/fr\/wp-json\/wp\/v2\/posts"}],"about":[{"href":"https:\/\/www.europesays.com\/fr\/wp-json\/wp\/v2\/types\/post"}],"author":[{"embeddable":true,"href":"https:\/\/www.europesays.com\/fr\/wp-json\/wp\/v2\/users\/2"}],"replies":[{"embeddable":true,"href":"https:\/\/www.europesays.com\/fr\/wp-json\/wp\/v2\/comments?post=522555"}],"version-history":[{"count":0,"href":"https:\/\/www.europesays.com\/fr\/wp-json\/wp\/v2\/posts\/522555\/revisions"}],"wp:featuredmedia":[{"embeddable":true,"href":"https:\/\/www.europesays.com\/fr\/wp-json\/wp\/v2\/media\/522556"}],"wp:attachment":[{"href":"https:\/\/www.europesays.com\/fr\/wp-json\/wp\/v2\/media?parent=522555"}],"wp:term":[{"taxonomy":"category","embeddable":true,"href":"https:\/\/www.europesays.com\/fr\/wp-json\/wp\/v2\/categories?post=522555"},{"taxonomy":"post_tag","embeddable":true,"href":"https:\/\/www.europesays.com\/fr\/wp-json\/wp\/v2\/tags?post=522555"}],"curies":[{"name":"wp","href":"https:\/\/api.w.org\/{rel}","templated":true}]}}