{"id":522559,"date":"2025-11-09T10:51:14","date_gmt":"2025-11-09T10:51:14","guid":{"rendered":"https:\/\/www.europesays.com\/fr\/522559\/"},"modified":"2025-11-09T10:51:14","modified_gmt":"2025-11-09T10:51:14","slug":"duel-entre-le-xv-de-france-sur-tf1-et-mort-sur-la-piste-sur-france-3","status":"publish","type":"post","link":"https:\/\/www.europesays.com\/fr\/522559\/","title":{"rendered":"duel entre le XV de France sur TF1 et Mort sur la piste sur France 3"},"content":{"rendered":"<p>    Damian Penaud, Thomas Ramos et Louis Bielle-Biarrey.<br \/>\n                TF1<\/p>\n<p>\n    Les audiences du samedi 8 novembre 2025 pour les programmes diffus\u00e9s en premi\u00e8re partie de soir\u00e9e.<\/p>\n<p class=\"fig-paragraph\">Si l\u2019\u00e9quipe fran\u00e7aise s\u2019est<a href=\"http:\/\/www.lefigaro.fr\/sports\/rugby\/xv-de-france\/france-afrique-du-sud-une-melee-secouee-erasmus-fin-tacticien-un-banc-inefficace-les-coups-de-coeur-et-coups-de-griffe-de-nos-envoyes-speciaux-20251109\" target=\"_blank\" data-fig-type=\"NewsFlash\" rel=\"noopener nofollow\" data-gtm-custom-categorie=\"navigation\" data-gtm-custom-action=\"crossclick\" data-gtm-custom-label=\"Contextuel\" data-gtm-event=\"customEventSPE\" data-fig-domain=\"LEFIGARO\">\u00a0inclin\u00e9e face aux Sud-Africains<\/a>, elle a aid\u00e9 TF1 \u00e0 gagner la course aux audiences de ce samedi soir. La Une et le XV de France ont su r\u00e9unir 6,2 millions d\u2019adeptes de rugby, ce qui \u00e9quivaut \u00e0 34,6% du public install\u00e9 devant son poste. La rencontre dans le cadre de la Quilter Nations Series s\u2019offre \u00e9galement un \u00e9norme score de 39% sur la cible des Femmes Responsables Des Achats de moins de 50 ans.<\/p>\n<p class=\"fig-paragraph\">France 3 accroche la seconde place mais arrive loin derri\u00e8re avec la diffusion du long-m\u00e9trage\u00a0<a href=\"https:\/\/tvmag.lefigaro.fr\/programme-tv\/programme\/mort-sur-la-piste-f1486603784\" target=\"_blank\" rel=\"nofollow noopener\" data-gtm-custom-categorie=\"navigation\" data-gtm-custom-action=\"crossclick\" data-gtm-custom-label=\"Contextuel\" data-gtm-event=\"customEventSPE\">Mort sur la piste<\/a> . Sign\u00e9 Philippe Dajoux, le film suit l\u2019enqu\u00eate men\u00e9e par une Fran\u00e7aise et un Am\u00e9ricain sur le meurtre d\u2019un pilote aux 24H du Mans. La fiction a su convaincre 3 millions de t\u00e9l\u00e9spectateurs, soit 16,5% de part d\u2019audience.<\/p>\n<p class=\"fig-body-link\">\n            \u00c0 lire aussi<br \/>\n        <a class=\"fig-body-link__link\" href=\"http:\/\/tvmag.lefigaro.fr\/programme-tv\/ce-soir-tele\/dans-l-intimite-de-thomas-ramos-sur-canal-20251109\" target=\"_blank\" data-fig-type=\"Article\" rel=\"noopener nofollow\" data-gtm-custom-categorie=\"navigation\" data-gtm-custom-action=\"crossclick\" data-gtm-custom-label=\"Contextuel\" data-gtm-event=\"customEventSPE\" data-fig-domain=\"TVMAG\"><\/p>\n<p>        Thomas Ramos, point par point (Canal+)\u00a0: plong\u00e9e dans l\u2019intimit\u00e9 du rugbyman<br \/>\n    <\/a>\n<\/p>\n<p class=\"fig-tv-audience__title\">Audiences de 1\u00e8re partie de soir\u00e9e du samedi 8 novembre<\/p>\n<tr>\n<td class=\"fig-tv-audience__position\">1<\/td>\n<td class=\"fig-tv-audience__channel-container\">\n                        <a class=\"fig-channel-media fig-channel-media--no-margin\" href=\"https:\/\/tvmag.lefigaro.fr\/programme-tv\/chaine\/192\/tous-les-programmes-de-tf1\" title=\"Programme TV TF1\" rel=\"nofollow noopener\" target=\"_blank\"><br \/>\n        <img   alt=\"Programme TV TF1\" class=\"fig-img\"\/><\/p>\n<p>    <\/a><\/p>\n<\/td>\n<td class=\"fig-tv-audience__data\">\n                    <a href=\"https:\/\/tvmag.lefigaro.fr\/programme-tv\/programme\/rugby-quilter-nations-series-f1064717991\" class=\"fig-tv-audience__program-title\" rel=\"nofollow noopener\" target=\"_blank\"><br \/>\n                        Rugby\u00a0: Quilter Nations Series<br \/>\n                    <\/a><\/p>\n<p>                        6\u202f243\u202f000 t\u00e9l\u00e9spectateurs<\/p>\n<p>                    34,6\u00a0%<\/p>\n<\/td>\n<\/tr>\n<tr>\n<td class=\"fig-tv-audience__position\">2<\/td>\n<td class=\"fig-tv-audience__channel-container\">\n                        <a class=\"fig-channel-media fig-channel-media--no-margin\" href=\"https:\/\/tvmag.lefigaro.fr\/programme-tv\/chaine\/80\/tous-les-programmes-de-france-3\" title=\"Programme TV France 3\" rel=\"nofollow noopener\" target=\"_blank\"><br \/>\n        <img   alt=\"Programme TV France 3\" class=\"fig-img\"\/><\/p>\n<p>    <\/a><\/p>\n<\/td>\n<td class=\"fig-tv-audience__data\">\n                    <a href=\"https:\/\/tvmag.lefigaro.fr\/programme-tv\/programme\/mort-sur-la-piste-f1486603784\" class=\"fig-tv-audience__program-title\" rel=\"nofollow noopener\" target=\"_blank\"><br \/>\n                        Mort sur la piste<br \/>\n                    <\/a><\/p>\n<p>                        3\u202f092\u202f000 t\u00e9l\u00e9spectateurs<\/p>\n<p>                    16,5\u00a0%<\/p>\n<\/td>\n<\/tr>\n<tr>\n<td class=\"fig-tv-audience__position\">3<\/td>\n<td class=\"fig-tv-audience__channel-container\">\n                        <a class=\"fig-channel-media fig-channel-media--no-margin\" href=\"https:\/\/tvmag.lefigaro.fr\/programme-tv\/chaine\/4\/tous-les-programmes-de-france-2\" title=\"Programme TV France 2\" rel=\"nofollow noopener\" target=\"_blank\"><br \/>\n        <img   alt=\"Programme TV France 2\" class=\"fig-img\"\/><\/p>\n<p>    <\/a><\/p>\n<\/td>\n<td class=\"fig-tv-audience__data\">\n                    <a href=\"https:\/\/tvmag.lefigaro.fr\/programme-tv\/programme\/n-oubliez-pas-les-paroles-f109763297\" class=\"fig-tv-audience__program-title\" rel=\"nofollow noopener\" target=\"_blank\"><br \/>\n                        N&rsquo;oubliez pas les paroles<br \/>\n                    <\/a><\/p>\n<p>                        1\u202f820\u202f000 t\u00e9l\u00e9spectateurs<\/p>\n<p>                    10,8\u00a0%<\/p>\n<\/td>\n<\/tr>\n<tr>\n<td class=\"fig-tv-audience__position\">4<\/td>\n<td class=\"fig-tv-audience__channel-container\">\n                        <a class=\"fig-channel-media fig-channel-media--no-margin\" href=\"https:\/\/tvmag.lefigaro.fr\/programme-tv\/chaine\/47\/tous-les-programmes-de-france-5\" title=\"Programme TV France 5\" rel=\"nofollow noopener\" target=\"_blank\"><br \/>\n        <img   alt=\"Programme TV France 5\" class=\"fig-img\"\/><\/p>\n<p>    <\/a><\/p>\n<\/td>\n<td class=\"fig-tv-audience__data\">\n                    <a href=\"https:\/\/tvmag.lefigaro.fr\/programme-tv\/programme\/echappees-belles-f2039905263\" class=\"fig-tv-audience__program-title\" rel=\"nofollow noopener\" target=\"_blank\"><br \/>\n                        Echapp\u00e9es belles<br \/>\n                    <\/a><\/p>\n<p>                        1\u202f059\u202f000 t\u00e9l\u00e9spectateurs<\/p>\n<p>                    5,6\u00a0%<\/p>\n<\/td>\n<\/tr>\n<tr>\n<td class=\"fig-tv-audience__position\">5<\/td>\n<td class=\"fig-tv-audience__channel-container\">\n                        <a class=\"fig-channel-media fig-channel-media--no-margin\" href=\"https:\/\/tvmag.lefigaro.fr\/programme-tv\/chaine\/118\/tous-les-programmes-de-m6\" title=\"Programme TV M6\" rel=\"nofollow noopener\" target=\"_blank\"><br \/>\n        <img   alt=\"Programme TV M6\" class=\"fig-img\"\/><\/p>\n<p>    <\/a><\/p>\n<\/td>\n<td class=\"fig-tv-audience__data\">\n                    <a href=\"https:\/\/tvmag.lefigaro.fr\/programme-tv\/programme\/matlock-2024-f866433565\" class=\"fig-tv-audience__program-title\" rel=\"nofollow noopener\" target=\"_blank\"><br \/>\n                        Matlock<br \/>\n                    <\/a><\/p>\n<p>                        765\u202f000 t\u00e9l\u00e9spectateurs<\/p>\n<p>                    3,9\u00a0%<\/p>\n<\/td>\n<\/tr>\n<tr aria-hidden=\"true\">\n<td class=\"fig-tv-audience__position\">6<\/td>\n<td class=\"fig-tv-audience__channel-container\">\n                        <a class=\"fig-channel-media fig-channel-media--no-margin\" href=\"https:\/\/tvmag.lefigaro.fr\/programme-tv\/chaine\/111\/tous-les-programmes-de-arte\" title=\"Programme TV Arte\" rel=\"nofollow noopener\" target=\"_blank\"><br \/>\n        <img   alt=\"Programme TV Arte\" class=\"fig-img\"\/><\/p>\n<p>    <\/a><\/p>\n<\/td>\n<td class=\"fig-tv-audience__data\">\n                    <a href=\"https:\/\/tvmag.lefigaro.fr\/programme-tv\/programme\/emigres-europeens-des-recits-oublies-f716006061\" class=\"fig-tv-audience__program-title\" rel=\"nofollow noopener\" target=\"_blank\"><br \/>\n                        Emigr\u00e9s europ\u00e9ens, des r\u00e9cits oubli\u00e9s<br \/>\n                    <\/a><\/p>\n<p>                        479\u202f000 t\u00e9l\u00e9spectateurs<\/p>\n<p>                    2,5\u00a0%<\/p>\n<\/td>\n<\/tr>\n<tr aria-hidden=\"true\">\n<td class=\"fig-tv-audience__position\">7<\/td>\n<td class=\"fig-tv-audience__channel-container\">\n                        <a class=\"fig-channel-media fig-channel-media--no-margin\" href=\"https:\/\/tvmag.lefigaro.fr\/programme-tv\/chaine\/119\/tous-les-programmes-de-w9\" title=\"Programme TV W9\" rel=\"nofollow noopener\" target=\"_blank\"><br \/>\n        <img   alt=\"Programme TV W9\" class=\"fig-img\"\/><\/p>\n<p>    <\/a><\/p>\n<\/td>\n<td class=\"fig-tv-audience__data\">\n                    <a href=\"https:\/\/tvmag.lefigaro.fr\/programme-tv\/programme\/la-petite-histoire-de-france-f448489346\" class=\"fig-tv-audience__program-title\" rel=\"nofollow noopener\" target=\"_blank\"><br \/>\n                        La petite histoire de France<br \/>\n                    <\/a><\/p>\n<p>                        458\u202f000 t\u00e9l\u00e9spectateurs<\/p>\n<p>                    2,5\u00a0%<\/p>\n<\/td>\n<\/tr>\n<tr aria-hidden=\"true\">\n<td class=\"fig-tv-audience__position\">8<\/td>\n<td class=\"fig-tv-audience__channel-container\">\n                        <a class=\"fig-channel-media fig-channel-media--no-margin\" href=\"https:\/\/tvmag.lefigaro.fr\/programme-tv\/chaine\/446\/tous-les-programmes-de-tfx\" title=\"Programme TV TFX\" rel=\"nofollow noopener\" target=\"_blank\"><br \/>\n        <img   alt=\"Programme TV TFX\" class=\"fig-img\"\/><\/p>\n<p>    <\/a><\/p>\n<\/td>\n<td class=\"fig-tv-audience__data\">\n                    <a href=\"https:\/\/tvmag.lefigaro.fr\/programme-tv\/programme\/chroniques-criminelles-f504487724\" class=\"fig-tv-audience__program-title\" rel=\"nofollow noopener\" target=\"_blank\"><br \/>\n                        Chroniques criminelles<br \/>\n                    <\/a><\/p>\n<p>                        452\u202f000 t\u00e9l\u00e9spectateurs<\/p>\n<p>                    2,5\u00a0%<\/p>\n<\/td>\n<\/tr>\n<tr aria-hidden=\"true\">\n<td class=\"fig-tv-audience__position\">9<\/td>\n<td class=\"fig-tv-audience__channel-container\">\n                        <a class=\"fig-channel-media fig-channel-media--no-margin\" href=\"https:\/\/tvmag.lefigaro.fr\/programme-tv\/chaine\/1403\/tous-les-programmes-de-6ter\" title=\"Programme TV 6ter\" rel=\"nofollow noopener\" target=\"_blank\"><br \/>\n        <img   alt=\"Programme TV 6ter\" class=\"fig-img\"\/><\/p>\n<p>    <\/a><\/p>\n<\/td>\n<td class=\"fig-tv-audience__data\">\n                    <a href=\"https:\/\/tvmag.lefigaro.fr\/programme-tv\/programme\/le-courrier-de-noel-f1938870831\" class=\"fig-tv-audience__program-title\" rel=\"nofollow noopener\" target=\"_blank\"><br \/>\n                        Le courrier de No\u00ebl<br \/>\n                    <\/a><\/p>\n<p>                        464\u202f000 t\u00e9l\u00e9spectateurs<\/p>\n<p>                    2,5\u00a0%<\/p>\n<\/td>\n<\/tr>\n<tr aria-hidden=\"true\">\n<td class=\"fig-tv-audience__position\">10<\/td>\n<td class=\"fig-tv-audience__channel-container\">\n                        <a class=\"fig-channel-media fig-channel-media--no-margin\" href=\"https:\/\/tvmag.lefigaro.fr\/programme-tv\/chaine\/195\/tous-les-programmes-de-tmc\" title=\"Programme TV TMC\" rel=\"nofollow noopener\" target=\"_blank\"><br \/>\n        <img   alt=\"Programme TV TMC\" class=\"fig-img\"\/><\/p>\n<p>    <\/a><\/p>\n<\/td>\n<td class=\"fig-tv-audience__data\">\n                    <a href=\"https:\/\/tvmag.lefigaro.fr\/programme-tv\/programme\/restos-du-coeur-f23489816\" class=\"fig-tv-audience__program-title\" rel=\"nofollow noopener\" target=\"_blank\"><br \/>\n                        Restos du coeur<br \/>\n                    <\/a><\/p>\n<p>                        278\u202f000 t\u00e9l\u00e9spectateurs<\/p>\n<p>                    1,5\u00a0%<\/p>\n<\/td>\n<\/tr>\n<tr aria-hidden=\"true\">\n<td class=\"fig-tv-audience__position\">11<\/td>\n<td class=\"fig-tv-audience__channel-container\">\n                        <a class=\"fig-channel-media fig-channel-media--no-margin\" href=\"https:\/\/tvmag.lefigaro.fr\/programme-tv\/chaine\/1404\/tous-les-programmes-de-tf1-series-films\" title=\"Programme TV TF1 S\u00e9ries Films\" rel=\"nofollow noopener\" target=\"_blank\"><br \/>\n        <img   alt=\"Programme TV TF1 S\u00e9ries Films\" class=\"fig-img\"\/><\/p>\n<p>    <\/a><\/p>\n<\/td>\n<td class=\"fig-tv-audience__data\">\n                    <a href=\"https:\/\/tvmag.lefigaro.fr\/programme-tv\/programme\/josephine-ange-gardien-f1400458304\" class=\"fig-tv-audience__program-title\" rel=\"nofollow noopener\" target=\"_blank\"><br \/>\n                        Jos\u00e9phine, ange gardien<br \/>\n                    <\/a><\/p>\n<p>                        268\u202f000 t\u00e9l\u00e9spectateurs<\/p>\n<p>                    1,4\u00a0%<\/p>\n<\/td>\n<\/tr>\n<tr aria-hidden=\"true\">\n<td class=\"fig-tv-audience__position\">12<\/td>\n<td class=\"fig-tv-audience__channel-container\">\n                        <a class=\"fig-channel-media fig-channel-media--no-margin\" href=\"https:\/\/tvmag.lefigaro.fr\/programme-tv\/chaine\/482\/tous-les-programmes-de-gulli\" title=\"Programme TV Gulli\" rel=\"nofollow noopener\" target=\"_blank\"><br \/>\n        <img   alt=\"Programme TV Gulli\" class=\"fig-img\"\/><\/p>\n<p>    <\/a><\/p>\n<\/td>\n<td class=\"fig-tv-audience__data\">\n                    <a href=\"https:\/\/tvmag.lefigaro.fr\/programme-tv\/programme\/le-meilleur-du-plus-grand-cabaret-du-monde-f366632454\" class=\"fig-tv-audience__program-title\" rel=\"nofollow noopener\" target=\"_blank\"><br \/>\n                        Le meilleur du plus grand cabaret du monde<br \/>\n                    <\/a><\/p>\n<p>                        217\u202f000 t\u00e9l\u00e9spectateurs<\/p>\n<p>                    1,2\u00a0%<\/p>\n<\/td>\n<\/tr>\n<tr aria-hidden=\"true\">\n<td class=\"fig-tv-audience__position\">13<\/td>\n<td class=\"fig-tv-audience__channel-container\">\n                        <a class=\"fig-channel-media fig-channel-media--no-margin\" href=\"https:\/\/tvmag.lefigaro.fr\/programme-tv\/chaine\/458\/tous-les-programmes-de-cstar\" title=\"Programme TV CSTAR\" rel=\"nofollow noopener\" target=\"_blank\"><br \/>\n        <img   alt=\"Programme TV CSTAR\" class=\"fig-img\"\/><\/p>\n<p>    <\/a><\/p>\n<\/td>\n<td class=\"fig-tv-audience__data\">\n                    <a href=\"https:\/\/tvmag.lefigaro.fr\/programme-tv\/programme\/au-coeur-de-l-enquete-f319146677\" class=\"fig-tv-audience__program-title\" rel=\"nofollow noopener\" target=\"_blank\"><br \/>\n                        Au coeur de l&rsquo;enqu\u00eate<br \/>\n                    <\/a><\/p>\n<p>                        194\u202f000 t\u00e9l\u00e9spectateurs<\/p>\n<p>                    1\u00a0%<\/p>\n<\/td>\n<\/tr>\n<tr aria-hidden=\"true\">\n<td class=\"fig-tv-audience__position\">14<\/td>\n<td class=\"fig-tv-audience__channel-container\">\n                        <a class=\"fig-channel-media fig-channel-media--no-margin\" href=\"https:\/\/tvmag.lefigaro.fr\/programme-tv\/chaine\/1402\/tous-les-programmes-de-rmc-story\" title=\"Programme TV RMC Story\" rel=\"nofollow noopener\" target=\"_blank\"><br \/>\n        <img   alt=\"Programme TV RMC Story\" class=\"fig-img\"\/><\/p>\n<p>    <\/a><\/p>\n<\/td>\n<td class=\"fig-tv-audience__data\">\n                    <a href=\"https:\/\/tvmag.lefigaro.fr\/programme-tv\/programme\/big-bang-theory-f65432217\" class=\"fig-tv-audience__program-title\" rel=\"nofollow noopener\" target=\"_blank\"><br \/>\n                        Big Bang Theory<br \/>\n                    <\/a><\/p>\n<p>                        193\u202f000 t\u00e9l\u00e9spectateurs<\/p>\n<p>                    1\u00a0%<\/p>\n<\/td>\n<\/tr>\n<tr aria-hidden=\"true\">\n<td class=\"fig-tv-audience__position\">15<\/td>\n<td class=\"fig-tv-audience__channel-container\">\n                        <a class=\"fig-channel-media fig-channel-media--no-margin\" href=\"https:\/\/tvmag.lefigaro.fr\/programme-tv\/chaine\/1400\/tous-les-programmes-de-rmc-decouverte\" title=\"Programme TV RMC D\u00e9couverte\" rel=\"nofollow noopener\" target=\"_blank\"><br \/>\n        <img   alt=\"Programme TV RMC D\u00e9couverte\" class=\"fig-img\"\/><\/p>\n<p>    <\/a><\/p>\n<\/td>\n<td class=\"fig-tv-audience__data\">\n                    <a href=\"https:\/\/tvmag.lefigaro.fr\/programme-tv\/programme\/retour-a-l-instinct-primaire-f1566425162\" class=\"fig-tv-audience__program-title\" rel=\"nofollow noopener\" target=\"_blank\"><br \/>\n                        Retour \u00e0 l&rsquo;instinct primaire<br \/>\n                    <\/a><\/p>\n<p>                        204\u202f000 t\u00e9l\u00e9spectateurs<\/p>\n<p>                    1\u00a0%<\/p>\n<\/td>\n<\/tr>\n<tr aria-hidden=\"true\">\n<td class=\"fig-tv-audience__position\">16<\/td>\n<td class=\"fig-tv-audience__channel-container\">\n                        <a class=\"fig-channel-media fig-channel-media--no-margin\" href=\"https:\/\/tvmag.lefigaro.fr\/programme-tv\/chaine\/1399\/tous-les-programmes-de-cherie-25\" title=\"Programme TV Ch\u00e9rie 25\" rel=\"nofollow noopener\" target=\"_blank\"><br \/>\n        <img   alt=\"Programme TV Ch\u00e9rie 25\" class=\"fig-img\"\/><\/p>\n<p>    <\/a><\/p>\n<\/td>\n<td class=\"fig-tv-audience__data\">\n                    <a href=\"https:\/\/tvmag.lefigaro.fr\/programme-tv\/programme\/la-folie-du-camping-car-des-vacances-pas-comme-les-autres-f500485988\" class=\"fig-tv-audience__program-title\" rel=\"nofollow noopener\" target=\"_blank\"><br \/>\n                        La folie du camping-car\u00a0: des vacances pas comme les autres<br \/>\n                    <\/a><\/p>\n<p>                        163\u202f000 t\u00e9l\u00e9spectateurs<\/p>\n<p>                    0,9\u00a0%<\/p>\n<\/td>\n<\/tr>\n<p>            Voir plus<\/p>\n<p>                                    <a class=\"fig-a11y-skip a11y-hidden\" href=\"#fig-a11y-skip-main-inarticle\"><br \/>\n        Passer la publicit\u00e9<br \/>\n    <\/a><\/p>\n<p class=\"fig-paragraph\">France 2 arrive troisi\u00e8me des audiences avec un \u00e9pisode in\u00e9dit de\u00a0<a href=\"http:\/\/tvmag.lefigaro.fr\/programme-tv\/actu-tele\/n-oubliez-pas-les-paroles-nagui-fait-une-mise-au-point-apres-un-titre-vantant-la-bonte-de-l-abbe-pierre-20251002\" target=\"_blank\" data-fig-type=\"Article\" rel=\"noopener nofollow\" data-gtm-custom-categorie=\"navigation\" data-gtm-custom-action=\"crossclick\" data-gtm-custom-label=\"Contextuel\" data-gtm-event=\"customEventSPE\" data-fig-domain=\"TVMAG\">\u00abN\u2019oubliez pas les paroles\u00bb<\/a>, rassemblant 1,8 million de t\u00e9l\u00e9spectateurs, soit 10,8% du public \u00e2g\u00e9 de quatre ans et plus devant le concours de m\u00e9moire et de chant pr\u00e9sent\u00e9 par\u00a0<a href=\"http:\/\/tvmag.lefigaro.fr\/programme-tv\/actu-tele\/tu-as-vraiment-de-tres-beaux-souliers-cyril-hanouna-ironise-encore-sur-nagui-dans-tout-beau-tout-n9uf-sur-w9-20251104\" target=\"_blank\" data-fig-type=\"Article\" rel=\"noopener nofollow\" data-gtm-custom-categorie=\"navigation\" data-gtm-custom-action=\"crossclick\" data-gtm-custom-label=\"Contextuel\" data-gtm-event=\"customEventSPE\" data-fig-domain=\"TVMAG\">Nagui<\/a>.<\/p>\n<p class=\"fig-paragraph\">France 5 accroche la quatri\u00e8me place de la course aux audiences avec un \u00e9pisode in\u00e9dit d\u2019<a href=\"http:\/\/tvmag.lefigaro.fr\/programme-tv\/actu-tele\/mes-parents-me-demandent-de-changer-de-prenom-ismael-khelifa-echappees-belles-se-confie-sur-son-enfance-20250928\" target=\"_blank\" data-fig-type=\"Article\" rel=\"noopener nofollow\" data-gtm-custom-categorie=\"navigation\" data-gtm-custom-action=\"crossclick\" data-gtm-custom-label=\"Contextuel\" data-gtm-event=\"customEventSPE\" data-fig-domain=\"TVMAG\">\u00ab\u00c9chapp\u00e9es Belles\u00bb<\/a>\u00a0consacr\u00e9 \u00e0 l\u2019Italie, plus pr\u00e9cis\u00e9ment Florence et la Toscane. Pr\u00e9sent\u00e9 par J\u00e9r\u00f4me Pitorin, ce num\u00e9ro a attir\u00e9 un peu plus d\u2019un million de t\u00e9l\u00e9spectateurs, soit environ 5,6% de part d\u2019audience.<\/p>\n<p class=\"fig-paragraph\">Pour ce qui est des autres cha\u00eenes, M6 se hisse difficilement \u00e0 la cinqui\u00e8me place en rassemblant 765.000 t\u00e9l\u00e9spectateurs devant la s\u00e9rie\u00a0<a href=\"https:\/\/tvmag.lefigaro.fr\/programme-tv\/programme\/matlock-d1533709685\" target=\"_blank\" rel=\"nofollow noopener\" data-gtm-custom-categorie=\"navigation\" data-gtm-custom-action=\"crossclick\" data-gtm-custom-label=\"Contextuel\" data-gtm-event=\"customEventSPE\">Matlock<\/a>, port\u00e9e par la com\u00e9dienne Kathy Bates, soit 3,9% du public \u00e2g\u00e9 de 4 ans et plus. Faute d\u2019audience, la Six a d\u00e9j\u00e0 pr\u00e9vu d\u2019annuler la diffusion de la fiction, qui sera remplac\u00e9e par des rediffusions de\u00a0<a href=\"https:\/\/tvmag.lefigaro.fr\/programme-tv\/programme\/cauchemar-en-cuisine-d1576261262\" target=\"_blank\" rel=\"nofollow noopener\" data-gtm-custom-categorie=\"navigation\" data-gtm-custom-action=\"crossclick\" data-gtm-custom-label=\"Contextuel\" data-gtm-event=\"customEventSPE\">\u00abCauchemar en cuisine\u00bb.<\/a><\/p>\n","protected":false},"excerpt":{"rendered":"Damian Penaud, Thomas Ramos et Louis Bielle-Biarrey. TF1 Les audiences du samedi 8 novembre 2025 pour les programmes&hellip;\n","protected":false},"author":2,"featured_media":522560,"comment_status":"","ping_status":"","sticky":false,"template":"","format":"standard","meta":{"footnotes":""},"categories":[1356],"tags":[2377,58,59,1011,27,876,594,252,199,1364],"class_list":{"0":"post-522559","1":"post","2":"type-post","3":"status-publish","4":"format-standard","5":"has-post-thumbnail","7":"category-television","8":"tag-audiences-tv","9":"tag-divertissement","10":"tag-entertainment","11":"tag-fr","12":"tag-france","13":"tag-france-3","14":"tag-france-2","15":"tag-television","16":"tag-tf1","17":"tag-tv"},"share_on_mastodon":{"url":"https:\/\/pubeurope.com\/@fr\/115519362383223486","error":""},"_links":{"self":[{"href":"https:\/\/www.europesays.com\/fr\/wp-json\/wp\/v2\/posts\/522559","targetHints":{"allow":["GET"]}}],"collection":[{"href":"https:\/\/www.europesays.com\/fr\/wp-json\/wp\/v2\/posts"}],"about":[{"href":"https:\/\/www.europesays.com\/fr\/wp-json\/wp\/v2\/types\/post"}],"author":[{"embeddable":true,"href":"https:\/\/www.europesays.com\/fr\/wp-json\/wp\/v2\/users\/2"}],"replies":[{"embeddable":true,"href":"https:\/\/www.europesays.com\/fr\/wp-json\/wp\/v2\/comments?post=522559"}],"version-history":[{"count":0,"href":"https:\/\/www.europesays.com\/fr\/wp-json\/wp\/v2\/posts\/522559\/revisions"}],"wp:featuredmedia":[{"embeddable":true,"href":"https:\/\/www.europesays.com\/fr\/wp-json\/wp\/v2\/media\/522560"}],"wp:attachment":[{"href":"https:\/\/www.europesays.com\/fr\/wp-json\/wp\/v2\/media?parent=522559"}],"wp:term":[{"taxonomy":"category","embeddable":true,"href":"https:\/\/www.europesays.com\/fr\/wp-json\/wp\/v2\/categories?post=522559"},{"taxonomy":"post_tag","embeddable":true,"href":"https:\/\/www.europesays.com\/fr\/wp-json\/wp\/v2\/tags?post=522559"}],"curies":[{"name":"wp","href":"https:\/\/api.w.org\/{rel}","templated":true}]}}