{"id":522563,"date":"2025-11-09T10:53:16","date_gmt":"2025-11-09T10:53:16","guid":{"rendered":"https:\/\/www.europesays.com\/fr\/522563\/"},"modified":"2025-11-09T10:53:16","modified_gmt":"2025-11-09T10:53:16","slug":"lesprit-critique-cinema-letranger-le-missile-nucleaire-et-le-marechal-sissi","status":"publish","type":"post","link":"https:\/\/www.europesays.com\/fr\/522563\/","title":{"rendered":"L\u2019esprit critique \u00ab\u00a0cin\u00e9ma\u00a0\u00bb\u00a0: \u00ab\u00a0L\u2019\u00c9tranger\u00a0\u00bb, le missile nucl\u00e9aire et le mar\u00e9chal Sissi"},"content":{"rendered":"<p>L\u2019Alg\u00e9rie fran\u00e7aise des ann\u00e9es 1930 vue \u00e0 travers l\u2019adaptation d\u2019un des classiques de la litt\u00e9rature fran\u00e7aise\u00a0; l\u2019\u00c9gypte d\u2019al-Sissi capt\u00e9e \u00e0 partir du tournage d\u2019un biopic \u00e9logieux sur le g\u00e9n\u00e9ral putschiste, et enfin la gigapuissance \u00e9tats-unienne contemporaine, saisie depuis les salles de commandement mises \u00e0 l\u2019\u00e9preuve par l\u2019apparition d\u2019un missile nucl\u00e9aire visant Chicago\u2026<\/p>\n<p>On \u00e9voque aujourd\u2019hui dans \u00ab\u00a0L\u2019esprit critique\u00a0\u00bb l\u2019adaptation par Fran\u00e7ois Ozon du roman d\u2019Albert Camus\u00a0L\u2019\u00c9tranger\u00a0; A House of Dynamite, le nouveau long m\u00e9trage de la r\u00e9alisatrice Kathryn Bigelow, sorti sur la plateforme Netflix\u00a0;\u00a0et enfin le nouveau film du r\u00e9alisateur su\u00e9dois d\u2019origine \u00e9gyptienne Tarik Saleh, Les Aigles de la R\u00e9publique.<\/p>\n<p>\u00ab\u00a0L\u2019\u00c9tranger\u00a0\u00bb<\/p>\n<p>Le r\u00e9alisateur fran\u00e7ais Fran\u00e7ois Ozon continue, au rythme de croisi\u00e8re d\u2019un long m\u00e9trage par an, \u00e0 \u00e9paissir une filmographie compos\u00e9e de 8 femmes, Gr\u00e2ce \u00e0 Dieu, Dans la maison, Jeune et jolie, Sous le sable ou encore, pour remonter aux titres qui l\u2019ont fait conna\u00eetre, Les Amants criminels et Gouttes d\u2019eau sur pierres br\u00fblantes.<\/p>\n<p>Fran\u00e7ois Ozon s\u2019attaque cette fois \u00e0 l\u2019adaptation d\u2019un des grands classiques de la litt\u00e9rature fran\u00e7aise, \u00e9tudi\u00e9 par des g\u00e9n\u00e9rations d\u2019\u00e9l\u00e8ves de France et de Navarre, L\u2019\u00c9tranger, publi\u00e9 en 1942 par le futur laur\u00e9at du prix Nobel de litt\u00e9rature Albert Camus.<\/p>\n<p>Pour celles et ceux qui auraient oubli\u00e9 leurs \u00e9tudes secondaires, l\u2019ouvrage de Camus se d\u00e9roule dans l\u2019Alg\u00e9rie fran\u00e7aise des ann\u00e9es 1930. Meursault, le personnage principal, incarn\u00e9 \u00e0 l\u2019\u00e9cran par Benjamin Voisin, est un jeune employ\u00e9 de bureau qui vit seul, herm\u00e9tique \u00e0 toute empathie, \u00e9tranger \u00e0 ses sentiments, indiff\u00e9rent au monde, qui vient de perdre sa m\u00e8re qu\u2019il avait plac\u00e9e \u00e0 l\u2019asile.<\/p>\n<p>Un jour d\u2019\u00e9t\u00e9, il tue un \u00ab\u00a0Arabe\u00a0\u00bb sur une plage d\u2019Alger, sans r\u00e9el motif, m\u00eame si ce dernier avait menac\u00e9 son ami et voisin, un prox\u00e9n\u00e8te qui avait lui-m\u00eame battu la s\u0153ur de cet homme\u2026<\/p>\n<p>L\u2019\u00c9tranger, de Fran\u00e7ois Ozon, avec notamment Benjamin Voisin et Rebecca Marder, est sur les \u00e9crans depuis le 29 octobre.<\/p>\n<\/p>\n<p>                                         \u00a9\u00a0Mediapart                    \u00ab\u00a0<b>A House of Dynamite <\/b>\u00bb<\/p>\n<p>La r\u00e9alisatrice \u00e9tats-unienne Kathryn Bigelow, premi\u00e8re femme \u00e0 avoir re\u00e7u l\u2019Oscar de la meilleure r\u00e9alisation pour son film D\u00e9mineurs, n\u2019avait plus tourn\u00e9 depuis pr\u00e8s de huit ans et la sortie de Detroit, consacr\u00e9 aux r\u00e9voltes urbaines et raciales de la \u00ab\u00a0Motown\u00a0\u00bb dans les ann\u00e9es 1960.<\/p>\n<p>Avec A House of Dynamite (\u00ab\u00a0une maison de dynamite\u00a0\u00bb), Kathryn Bigelow choisit Netflix plut\u00f4t que le circuit des salles traditionnelles, tout en poursuivant une filmographie captiv\u00e9e par l\u2019univers militaire, la violence et l\u2019histoire des \u00c9tats-Unis.<\/p>\n<p>Ici, Kathryn Bigelow r\u00e9active un genre ancien, le film d\u2019apocalypse nucl\u00e9aire, qui a forg\u00e9 certains classiques du cin\u00e9ma am\u00e9ricain, comme Point Limite de Sidney Lumet, en 1964, ou Docteur Folamour de Sidney Kubrick la m\u00eame ann\u00e9e.<\/p>\n<p>Elle le fait, il faut le reconna\u00eetre, avec un certain sens du timing politique et g\u00e9opolitique, puisque son long m\u00e9trage est sorti quelques jours seulement avant le duel verbal mais n\u00e9anmoins atomique entre Vladimir Poutine et Donald Trump\u00a0: le premier vantant les m\u00e9rites de ses missiles et drones sous-marins \u00e0 capacit\u00e9 nucl\u00e9aire, le second annon\u00e7ant la reprise des essais des armes nucl\u00e9aires.<\/p>\n<p>Les spectateurs et spectatrices sont donc immerg\u00e9\u00b7es dans un imaginaire de guerre froide, avec r\u00e9unions de crise, \u00e9crans de contr\u00f4le et espaces de d\u00e9cisions engageant le sort de toute l\u2019humanit\u00e9, le tout modernis\u00e9 \u00e0 coups de technologies de pointe mais pas n\u00e9cessairement fiables et d\u2019acronymes aussi exotiques qu\u2019importants.\u00a0<\/p>\n<p>Toutefois, si Bigelow r\u00e9active un genre connu, et parfois galvaud\u00e9, elle le fait avec un dispositif cin\u00e9matographique qui en renouvelle le style, avec une cam\u00e9ra qui virevolte dans diff\u00e9rents lieux de pouvoir et un compte \u00e0 rebours qui se r\u00e9p\u00e8te trois fois tout en ne respectant pas tout \u00e0 fait la r\u00e9alit\u00e9 du temps qui s\u2019\u00e9coule avant la possible apocalypse\u2026<\/p>\n<\/p>\n<p>                                         \u00a9\u00a0Mediapart                    \u00ab\u00a0<b>Les Aigles de la R\u00e9publique\u00a0<\/b>\u00bb<\/p>\n<p>Apr\u00e8s Le Caire confidentiel et La Conspiration du Caire, le cin\u00e9aste su\u00e9dois Tarik Saleh conclut sa trilogie sur l\u2019\u00c9gypte, le pays de son p\u00e8re dans lequel il est persona non grata, avec Les Aigles de la R\u00e9publique. <\/p>\n<p>On y retrouve son acteur f\u00e9tiche, Fares Fares, jouant une star du cin\u00e9ma \u00e9gyptien au point d\u2019\u00eatre surnomm\u00e9 le \u00ab\u00a0pharaon de l\u2019\u00e9cran\u00a0\u00bb. Lui est confi\u00e9 le r\u00f4le pi\u00e8ge d\u2019incarner un autre pharaon, le mar\u00e9chal al-Sissi, qui r\u00e8gne sur l\u2019\u00c9gypte depuis son coup d\u2019\u00c9tat, en 2013, contre le premier pr\u00e9sident \u00e9lu apr\u00e8s la r\u00e9volution de 2011, le Fr\u00e8re musulman Mohamed Morsi.<\/p>\n<p>Produit par l\u2019arm\u00e9e, le film dans le film s\u2019intitule La Volont\u00e9 du peuple et doit honorer le courage du militaire. Contraint d\u2019accepter, le com\u00e9dien se retrouve pris dans un engrenage \u00e0 la fois cin\u00e9matographique et politique, o\u00f9 le pion qu\u2019il est devenu est pris dans des jeux de pouvoir qui le d\u00e9passent.<\/p>\n<p>Les Aigles de la R\u00e9publique aborde ainsi frontalement l\u2019histoire r\u00e9cente de l\u2019\u00c9gypte, tout en remontant le temps, \u00e0 travers une sc\u00e8ne qui \u00e9voque l\u2019assassinat du pr\u00e9sident Anouar al-Sadate en 1981 lors d\u2019un d\u00e9fil\u00e9 militaire, mais aussi en convoquant des images et des imaginaires de l\u2019\u00e2ge d\u2019or du cin\u00e9ma \u00e9gyptien, lorsque celui-ci \u00e9tait le plus important du monde arabe et l\u2019un des plus importants de la plan\u00e8te.<\/p>\n<p>Les Aigles de la R\u00e9publique, de Tarik Saleh, sera sur les \u00e9crans mercredi 12 novembre.<\/p>\n<\/p>\n<p>                                         \u00a9\u00a0Mediapart                    <\/p>\n<p>Avec\u00a0:<\/p>\n<ul>\n<li>Occitane Lacurie, membre du comit\u00e9 de r\u00e9daction de la revue D\u00e9bordements ;<\/li>\n<li>Alice Leroy, qui \u00e9crit pour les Cahiers du Cin\u00e9ma et Panth\u00e8re Premi\u00e8re, dont le nouveau num\u00e9ro vient d\u2019\u00eatre publi\u00e9 apr\u00e8s dix ans d\u2019existence\u00a0;<\/li>\n<li>Salima Tenfiche, ma\u00eetresse de conf\u00e9rence \u00e0 l\u2019universit\u00e9 Paris 3.<\/li>\n<\/ul>\n<p>\u00ab\u00a0L\u2019esprit critique\u00a0\u00bb est un podcast enregistr\u00e9 et r\u00e9alis\u00e9 par Karen Beun.<\/p>\n","protected":false},"excerpt":{"rendered":"L\u2019Alg\u00e9rie fran\u00e7aise des ann\u00e9es 1930 vue \u00e0 travers l\u2019adaptation d\u2019un des classiques de la litt\u00e9rature fran\u00e7aise\u00a0; l\u2019\u00c9gypte d\u2019al-Sissi&hellip;\n","protected":false},"author":2,"featured_media":522564,"comment_status":"","ping_status":"","sticky":false,"template":"","format":"standard","meta":{"footnotes":""},"categories":[1354],"tags":[650,58,59,1346,1011,27,56293,61447,1360,64323],"class_list":{"0":"post-522563","1":"post","2":"type-post","3":"status-publish","4":"format-standard","5":"has-post-thumbnail","7":"category-films","8":"tag-cinema","9":"tag-divertissement","10":"tag-entertainment","11":"tag-films","12":"tag-fr","13":"tag-france","14":"tag-francois-ozon","15":"tag-kathryn-bigelow","16":"tag-movies","17":"tag-tarik-saleh"},"share_on_mastodon":{"url":"https:\/\/pubeurope.com\/@fr\/115519370323941097","error":""},"_links":{"self":[{"href":"https:\/\/www.europesays.com\/fr\/wp-json\/wp\/v2\/posts\/522563","targetHints":{"allow":["GET"]}}],"collection":[{"href":"https:\/\/www.europesays.com\/fr\/wp-json\/wp\/v2\/posts"}],"about":[{"href":"https:\/\/www.europesays.com\/fr\/wp-json\/wp\/v2\/types\/post"}],"author":[{"embeddable":true,"href":"https:\/\/www.europesays.com\/fr\/wp-json\/wp\/v2\/users\/2"}],"replies":[{"embeddable":true,"href":"https:\/\/www.europesays.com\/fr\/wp-json\/wp\/v2\/comments?post=522563"}],"version-history":[{"count":0,"href":"https:\/\/www.europesays.com\/fr\/wp-json\/wp\/v2\/posts\/522563\/revisions"}],"wp:featuredmedia":[{"embeddable":true,"href":"https:\/\/www.europesays.com\/fr\/wp-json\/wp\/v2\/media\/522564"}],"wp:attachment":[{"href":"https:\/\/www.europesays.com\/fr\/wp-json\/wp\/v2\/media?parent=522563"}],"wp:term":[{"taxonomy":"category","embeddable":true,"href":"https:\/\/www.europesays.com\/fr\/wp-json\/wp\/v2\/categories?post=522563"},{"taxonomy":"post_tag","embeddable":true,"href":"https:\/\/www.europesays.com\/fr\/wp-json\/wp\/v2\/tags?post=522563"}],"curies":[{"name":"wp","href":"https:\/\/api.w.org\/{rel}","templated":true}]}}