{"id":522573,"date":"2025-11-09T10:58:12","date_gmt":"2025-11-09T10:58:12","guid":{"rendered":"https:\/\/www.europesays.com\/fr\/522573\/"},"modified":"2025-11-09T10:58:12","modified_gmt":"2025-11-09T10:58:12","slug":"la-prochaine-etape-du-plan-musk-ne-concerne-plus-vraiment-les-voitures","status":"publish","type":"post","link":"https:\/\/www.europesays.com\/fr\/522573\/","title":{"rendered":"la prochaine \u00e9tape du plan Musk ne concerne plus vraiment les voitures"},"content":{"rendered":"<p itemprop=\"description\">Elon Musk projette une immense usine de puces IA, la Tesla Terrafab, en collaboration potentielle avec Intel. Aucun accord n&rsquo;est encore sign\u00e9, mais les ambitions sont claires.<\/p>\n<p>Apr\u00e8s le feu vert des actionnaires \u00e0 un <a href=\"https:\/\/www.autoplus.fr\/environnement\/voiture-electrique\/jackpot-pour-elon-musk-tesla-valide-un-plan-a-1-000-milliards-de-dollars-1407136.html\" target=\"_blank\" rel=\"noopener\">plan de r\u00e9mun\u00e9ration pouvant atteindre 1.000 milliards de dollars<\/a>, Elon Musk a remis la pression sur les puces. Il veut faire passer <a href=\"https:\/\/www.autoplus.fr\/environnement\/tesla-multipass-quest-ce-que-cela-change-pour-les-proprietaires-1407094.html\" target=\"_blank\" rel=\"noopener\">Tesla<\/a> \u00e0 l\u2019\u00e9chelle sur l\u2019IA, et vite. \u00ab\u00a0Je suis compl\u00e8tement accro aux puces en ce moment. Je n\u00a0\u00bbai que les puces en t\u00eate.\u00a0\u00bb, a lanc\u00e9 Elon Musk, selon <a href=\"https:\/\/www.lesechos.fr\/industrie-services\/automobile\/ce-sera-comme-une-gigafactory-mais-en-beaucoup-plus-grand-musk-reve-dune-gigantesque-usine-de-puces-electroniques-la-tesla-terrafab-2197403\" target=\"_blank\" rel=\"nofollow noopener\">Les Echos<\/a>. Une obsession qui d\u00e9bouche sur un projet hors norme.<\/p>\n<p>\t\t\tVers une alliance avec Intel pour la \u201cTerrafab\u201d ? <\/p>\n<p><a href=\"https:\/\/www.autoplus.fr\/actualite\/le-produit-le-plus-memorable-de-tous-les-temps-elon-musk-devoile-un-nouveau-projet-1405313.html\" target=\"_blank\" rel=\"noopener\">Elon Musk<\/a> ne veut plus d\u00e9pendre uniquement des fondeurs actuels pour ses puces. \u00ab\u00a0Je ne vois pas d&rsquo;autre moyen d&rsquo;atteindre le volume de puces que nous recherchons. C&rsquo;est indispensable\u00a0\u00bb. L\u2019usine serait \u00ab\u00a0comme une giga usine, mais en beaucoup plus grand\u00a0\u00bb. Et le nom est d\u00e9j\u00e0 pos\u00e9 : \u00ab\u00a0<strong>Tesla Terrafab<\/strong>\u00ab\u00a0. L\u2019objectif est clair, la cadence aussi. La route, elle, reste \u00e0 tracer.<\/p>\n<p>Sur un \u00e9ventuel partenaire, Musk a lanc\u00e9 : \u00ab\u00a0Vous savez, on pourrait peut-\u00eatre faire quelque chose avec <strong>Intel<\/strong>\u00ab\u00a0. Puis il a pr\u00e9cis\u00e9 : \u00ab\u00a0Nous n&rsquo;avons sign\u00e9 aucun accord, mais il serait probablement judicieux d&rsquo;entamer des discussions.\u00a0\u00bb Intel veut relancer son activit\u00e9 fonderie avec le proc\u00e9d\u00e9 <strong>Intel 18A<\/strong> (\u00e9quivalent <strong>2 nm<\/strong>). L\u2019id\u00e9e pla\u00eet aux march\u00e9s : l\u2019action Intel a bondi de 4 % apr\u00e8s la cl\u00f4ture. Le gouvernement am\u00e9ricain a d\u2019ailleurs r\u00e9cemment pris 10 % du groupe. Probl\u00e8me, b\u00e2tir une fab de pointe co\u00fbte des <strong>dizaines de milliards de dollars<\/strong> (soit des dizaines de milliards d\u2019euros). Autant dire que la facture pique.<\/p>\n<p>    Une nouvelle g\u00e9n\u00e9ration de puces pour soutenir les ambitions du FSD et des robotaxis <\/p>\n<p>Aujourd\u2019hui, Tesla utilise une puce de quatri\u00e8me g\u00e9n\u00e9ration pour ses syst\u00e8mes de conduite, dont le logiciel <strong>Full Self-Driving<\/strong>. La <strong>AI5<\/strong> doit suivre : quelques unit\u00e9s en 2026, puis une production de volume en 2027. La sixi\u00e8me g\u00e9n\u00e9ration, <strong>AI6<\/strong>, resterait sur les m\u00eames usines, avec environ deux fois les performances, pour une mont\u00e9e en cadence mi\u20112028. Un cap n\u00e9cessaire si Tesla veut convertir plus de 10 millions de clients au FSD, mettre en circulation un million de robots\u2011taxis et vendre un million de robots humano\u00efdes.<\/p>\n<p>C\u00f4t\u00e9 fabrication, la <strong>AI5<\/strong> est attendue sur plusieurs sites chez <strong>TSMC<\/strong> \u00e0 Ta\u00efwan et aux \u00c9tats\u2011Unis, ainsi que chez <strong>Samsung<\/strong> en Cor\u00e9e du Sud. Un \u00ab\u00a0double sourcing\u00a0\u00bb logique pour s\u00e9curiser les volumes. Samsung a d\u2019ailleurs sign\u00e9 un gros contrat avec Tesla. Pour la g\u00e9n\u00e9ration suivante, <strong>AI7<\/strong>, Musk veut aller plus loin en internalisant la production dans sa Terrafab. Et si l\u2019hypoth\u00e8se d\u2019Intel 18A se concr\u00e9tise, elle pourrait coller au tempo industriel vis\u00e9. Reste \u00e0 voir si le calendrier tiendra face aux r\u00e9alit\u00e9s d\u2019une fab g\u00e9ante.<\/p>\n","protected":false},"excerpt":{"rendered":"Elon Musk projette une immense usine de puces IA, la Tesla Terrafab, en collaboration potentielle avec Intel. Aucun&hellip;\n","protected":false},"author":2,"featured_media":522574,"comment_status":"","ping_status":"","sticky":false,"template":"","format":"standard","meta":{"footnotes":""},"categories":[6],"tags":[11,26056,35,17488,1993,19560,3029,33,34,3026,1011,27,8681,2515,4743,151,4564,3997,16285,5355,378,12880,6690,64324,64325,64326,96,3888,19657],"class_list":{"0":"post-522573","1":"post","2":"type-post","3":"status-publish","4":"format-standard","5":"has-post-thumbnail","7":"category-economie","8":"tag-actualites","9":"tag-beaucoup","10":"tag-business","11":"tag-ce","12":"tag-comme","13":"tag-concerne","14":"tag-du","15":"tag-economie","16":"tag-economy","17":"tag-en","18":"tag-fr","19":"tag-france","20":"tag-gigafactory","21":"tag-grand","22":"tag-la","23":"tag-les","24":"tag-mais","25":"tag-musk","26":"tag-ne","27":"tag-plan","28":"tag-plus","29":"tag-prochaine","30":"tag-sera","31":"tag-u00ab","32":"tag-u00bb","33":"tag-u00e9tape","34":"tag-une","35":"tag-voitures","36":"tag-vraiment"},"share_on_mastodon":{"url":"https:\/\/pubeurope.com\/@fr\/115519390078447833","error":""},"_links":{"self":[{"href":"https:\/\/www.europesays.com\/fr\/wp-json\/wp\/v2\/posts\/522573","targetHints":{"allow":["GET"]}}],"collection":[{"href":"https:\/\/www.europesays.com\/fr\/wp-json\/wp\/v2\/posts"}],"about":[{"href":"https:\/\/www.europesays.com\/fr\/wp-json\/wp\/v2\/types\/post"}],"author":[{"embeddable":true,"href":"https:\/\/www.europesays.com\/fr\/wp-json\/wp\/v2\/users\/2"}],"replies":[{"embeddable":true,"href":"https:\/\/www.europesays.com\/fr\/wp-json\/wp\/v2\/comments?post=522573"}],"version-history":[{"count":0,"href":"https:\/\/www.europesays.com\/fr\/wp-json\/wp\/v2\/posts\/522573\/revisions"}],"wp:featuredmedia":[{"embeddable":true,"href":"https:\/\/www.europesays.com\/fr\/wp-json\/wp\/v2\/media\/522574"}],"wp:attachment":[{"href":"https:\/\/www.europesays.com\/fr\/wp-json\/wp\/v2\/media?parent=522573"}],"wp:term":[{"taxonomy":"category","embeddable":true,"href":"https:\/\/www.europesays.com\/fr\/wp-json\/wp\/v2\/categories?post=522573"},{"taxonomy":"post_tag","embeddable":true,"href":"https:\/\/www.europesays.com\/fr\/wp-json\/wp\/v2\/tags?post=522573"}],"curies":[{"name":"wp","href":"https:\/\/api.w.org\/{rel}","templated":true}]}}