{"id":522577,"date":"2025-11-09T11:00:20","date_gmt":"2025-11-09T11:00:20","guid":{"rendered":"https:\/\/www.europesays.com\/fr\/522577\/"},"modified":"2025-11-09T11:00:20","modified_gmt":"2025-11-09T11:00:20","slug":"un-motard-de-16-ans-tue-une-cellule-psychologique-en-place","status":"publish","type":"post","link":"https:\/\/www.europesays.com\/fr\/522577\/","title":{"rendered":"un motard de 16 ans tu\u00e9, une cellule psychologique en place"},"content":{"rendered":"<p>            Par<br \/>\n        <strong><br \/>\n            <a href=\"https:\/\/actu.fr\/auteur\/christophe\" title=\"Consulter tous les articles de Christophe Rivard\" target=\"_blank\" rel=\"noopener\">Christophe Rivard<\/a><br \/>\n        <\/strong><\/p>\n<p>        Publi\u00e9 le<\/p>\n<p>            9 nov. 2025 \u00e0 8h08        <\/p>\n<p>Un <a href=\"https:\/\/actu.fr\/tag\/accident\" target=\"_blank\" rel=\"noopener\">accident dramatique<\/a> s\u2019est produit le samedi 8\u00a0novembre 2025, vers 17\u2009h, \u00e0 <a href=\"https:\/\/actu.fr\/normandie\/potigny_14516\" target=\"_blank\" rel=\"noopener\">Potigny<\/a>, entre <a href=\"https:\/\/actu.fr\/normandie\/falaise_14258\" target=\"_blank\" rel=\"noopener\">Falaise<\/a> et <a href=\"https:\/\/actu.fr\/liberte-caen\/\" target=\"_blank\" rel=\"noopener\">Caen<\/a> (Calvados).<\/p>\n<p class=\" wall-content\">Un adolescent de 16\u00a0ans est mort des suites d\u2019un accident alors qu\u2019il se trouvait sur son deux-roues, rue du March\u00e9, \u00e0 Potigny. Un accident o\u00f9 il \u00e9tait seul impliqu\u00e9, selon les <a href=\"https:\/\/actu.fr\/tag\/pompiers\" target=\"_blank\" rel=\"noopener\">pompiers<\/a> du Calvados.<\/p>\n<p>Une cellule psychologique mise en place<\/p>\n<p class=\" wall-content\">D\u2019importants moyens de secours ont \u00e9t\u00e9 mis en place\u2009: <b>10 pompiers <\/b>ont \u00e9t\u00e9 engag\u00e9s, en plus d\u2019un <b>\u00e9quipage du SMUR <\/b>et d\u2019un CUMP (cellule d\u2019urgence m\u00e9dico-psychologique) du Samu 14.<\/p>\n<p class=\" wall-content\">Le but de cette cellule \u00e9tait d\u2019accueillir les proches de la victime.<\/p>\n<p>Vid\u00e9os : en ce moment sur Actu<\/p>\n<p class=\" wall-content\"><a href=\"https:\/\/actu.fr\/tag\/gendarmerie\" target=\"_blank\" rel=\"noopener\">Gendarmes<\/a> et \u00e9lus de Potigny \u00e9taient \u00e9galement sur place.<\/p>\n<p>Qu&rsquo;est qu&rsquo;une CUMP ?<\/p>\n<p>Le dispositif d&rsquo;urgence m\u00e9dico-psychologique a \u00e9t\u00e9 constitu\u00e9 dans les suites de l&rsquo;attentat du 25 juillet 1995 de la station RER Saint-Michel, afin d&rsquo;assurer la prise en charge des victimes confront\u00e9es \u00e0 un \u00e9v\u00e9nement psycho-traumatisant.<br \/>&#13;<br \/>\nEn effet, les catastrophes occasionnent non seulement des blessures physiques, mais aussi des blessures psychiques individuelles ou collectives, imm\u00e9diates ou diff\u00e9r\u00e9es, aigu\u00ebs ou chroniques.<br \/>&#13;<br \/>\nCes victimes n\u00e9cessitent des soins d&rsquo;urgence au m\u00eame titre que les bless\u00e9s physiques.<\/p>\n<p>Source : Minist\u00e8re de la sant\u00e9<\/p>\n<p class=\" wall-content\">Personnalisez votre actualit\u00e9 en ajoutant vos villes et m\u00e9dias en favori avec <a href=\"https:\/\/moncompte.actu.fr\" title=\"D\u00e9couvez Mon Actu\" rel=\"nofollow noopener\" data-trk=\"{&quot;cta&quot;:{&quot;action&quot;:&quot;https:\\\/\\\/moncompte.actu.fr&quot;,&quot;category&quot;:&quot;mon compte&quot;,&quot;from&quot;:&quot;article footer&quot;,&quot;name&quot;:&quot;Mon actu&quot;,&quot;type&quot;:&quot;cta&quot;}}\" target=\"_blank\">Mon Actu<\/a>.<\/p>\n","protected":false},"excerpt":{"rendered":"Par Christophe Rivard Publi\u00e9 le 9 nov. 2025 \u00e0 8h08 Un accident dramatique s\u2019est produit le samedi 8\u00a0novembre&hellip;\n","protected":false},"author":2,"featured_media":522578,"comment_status":"","ping_status":"","sticky":false,"template":"","format":"standard","meta":{"footnotes":""},"categories":[4],"tags":[119,11,118,1011,27,3381,12,1311,25],"class_list":{"0":"post-522577","1":"post","2":"type-post","3":"status-publish","4":"format-standard","5":"has-post-thumbnail","7":"category-france","8":"tag-accident","9":"tag-actualites","10":"tag-faits-divers","11":"tag-fr","12":"tag-france","13":"tag-gendarmerie","14":"tag-news","15":"tag-pompiers","16":"tag-republique-francaise"},"share_on_mastodon":{"url":"https:\/\/pubeurope.com\/@fr\/115519397863164310","error":""},"_links":{"self":[{"href":"https:\/\/www.europesays.com\/fr\/wp-json\/wp\/v2\/posts\/522577","targetHints":{"allow":["GET"]}}],"collection":[{"href":"https:\/\/www.europesays.com\/fr\/wp-json\/wp\/v2\/posts"}],"about":[{"href":"https:\/\/www.europesays.com\/fr\/wp-json\/wp\/v2\/types\/post"}],"author":[{"embeddable":true,"href":"https:\/\/www.europesays.com\/fr\/wp-json\/wp\/v2\/users\/2"}],"replies":[{"embeddable":true,"href":"https:\/\/www.europesays.com\/fr\/wp-json\/wp\/v2\/comments?post=522577"}],"version-history":[{"count":0,"href":"https:\/\/www.europesays.com\/fr\/wp-json\/wp\/v2\/posts\/522577\/revisions"}],"wp:featuredmedia":[{"embeddable":true,"href":"https:\/\/www.europesays.com\/fr\/wp-json\/wp\/v2\/media\/522578"}],"wp:attachment":[{"href":"https:\/\/www.europesays.com\/fr\/wp-json\/wp\/v2\/media?parent=522577"}],"wp:term":[{"taxonomy":"category","embeddable":true,"href":"https:\/\/www.europesays.com\/fr\/wp-json\/wp\/v2\/categories?post=522577"},{"taxonomy":"post_tag","embeddable":true,"href":"https:\/\/www.europesays.com\/fr\/wp-json\/wp\/v2\/tags?post=522577"}],"curies":[{"name":"wp","href":"https:\/\/api.w.org\/{rel}","templated":true}]}}