{"id":522581,"date":"2025-11-09T11:02:10","date_gmt":"2025-11-09T11:02:10","guid":{"rendered":"https:\/\/www.europesays.com\/fr\/522581\/"},"modified":"2025-11-09T11:02:10","modified_gmt":"2025-11-09T11:02:10","slug":"saint-etienne-la-color-room-une-nouvelle-activite-au-complexe-de-loisirs-de-la-riviere","status":"publish","type":"post","link":"https:\/\/www.europesays.com\/fr\/522581\/","title":{"rendered":"Saint-\u00c9tienne. La color room, une nouvelle activit\u00e9 au complexe de loisirs de la Rivi\u00e8re"},"content":{"rendered":"<p>Le complexe La Rivi\u00e8re, d\u00e9di\u00e9 aux loisirs, s\u2019est enrichi, durant les derni\u00e8res vacances scolaires, d\u2019une nouvelle activit\u00e9\u00a0: une color room. Le principe est tout simple\u00a0: une pi\u00e8ce, des toiles blanches, des tubes de peinture \u00e0 l\u2019eau et diff\u00e9rents objets, les classiques pinceaux, mais aussi des fouets, des brosses \u00e0 WC, des \u00e9ponges, des pistolets \u00e0 eau ou encore\u2026 des gants de boxe\u00a0!<\/p>\n<p>Avec tout \u00e7a, les participants peuvent, durant une heure, laisser libre cours \u00e0 leur imagination pour exprimer leurs talents artistiques ou leurs d\u00e9lires les plus fous\u2026 \u00ab\u00a0C\u2019est un v\u00e9ritable d\u00e9fouloir cr\u00e9atif\u00a0\u00bb, r\u00e9sume Charlotte Um, la g\u00e9rante de la structure.<\/p>\n<p>  Bient\u00f4t une version avec des peintures UV<\/p>\n<p>Bien entendu, les \u00ab\u00a0joueurs\u00a0\u00bb sont \u00e9quip\u00e9s de ponchos imperm\u00e9ables, de gants et de chaussures en plastique type Crocs pour se prot\u00e9ger des \u00e9claboussures, m\u00eame s\u2019il n\u2019est pas \u00e0 exclure qu\u2019ils ressortent avec quelques taches rouges, jaunes ou bleues sur le visage.<\/p>\n<p>\u00ab\u00a0C\u2019est une franchise, il y en a seulement neuf en France pour l\u2019instant, explique Charlotte Um. On peut jouer \u00e0 partir de deux personnes et jusqu\u2019\u00e0 dix et c\u2019est accessible pour les enfants \u00e0 partir de 3 ans. C\u2019est tr\u00e8s bien pour les anniversaires, mais aussi pour les enterrements de vie de gar\u00e7on ou de jeune fille et les team buildings, car on peut aussi faire des toiles en commun.\u00a0\u00bb Et d\u2019ici quelques semaines, une version avec des peintures UV (fluorescentes dans le noir) fera son apparition\u00a0: effet \u00ab\u00a0Waouh\u00a0\u00bb garanti.<\/p>\n<p>  Dans la cale du bateau de Barbe Noire<\/p>\n<p>\u00c0 c\u00f4t\u00e9 de la color room, le complexe La Rivi\u00e8re propose aussi un escape game baptis\u00e9 \u00ab\u00a0Le Globe des vents\u00a0\u00bb &#8211; qui transporte les joueurs dans la cale du bateau du c\u00e9l\u00e8bre pirate Barbe Noire -, une salle de blind test musical \u00e0 reconnaissance vocale et trois terrains de p\u00e9tanque int\u00e9rieurs (o\u00f9 on peut \u00e9galement jouer aux fl\u00e9chettes ou au M\u00f6lkky).<\/p>\n<p>Sans oublier l\u2019activit\u00e9 historique des lieux\u00a0: le laser game avec ses trois salles de jeu (pour un total de 1\u00a0000 m2 ) \u00ab\u00a0que tout le monde ou presque conna\u00eet \u00e0 Saint-\u00c9tienne\u00a0\u00bb, sourit Charlotte Um.<\/p>\n<p>  \u00ab\u00a0Je faisais tous mes anniversaires ici quand j\u2019\u00e9tais petite\u2026\u00a0\u00bb<\/p>\n<p>Le complexe avait \u00e9t\u00e9 cr\u00e9\u00e9 en 2000 par Damien Charitat, \u00e0 l\u2019\u00e9poque rue du Mont et sous le nom de Laser Game Evolution. Il avait d\u00e9m\u00e9nag\u00e9 en 2008 sur son emplacement actuel, au 52 rue Gutenberg (au bord de la RN 88).<\/p>\n<p>Charlotte Um, 33 ans, en a pris la location-g\u00e9rance en ao\u00fbt\u00a02023, un peu par hasard, apr\u00e8s avoir suivi des \u00e9tudes en communication visuelle. \u00ab\u00a0Je faisais tous mes anniversaires ici quand j\u2019\u00e9tais petite\u2026, raconte-t-elle. Et il se trouve que Damien Charitat \u00e9tait le patron de la soci\u00e9t\u00e9, Logic, dans laquelle j\u2019ai fait mon alternance de Master. \u00c7a s\u2019est fait comme \u00e7a\u2026\u00a0\u00bb<\/p>\n<p>Pour \u00ab\u00a0dynamiser les lieux\u00a0\u00bb, qu\u2019elle a pour objectif de racheter, la trentenaire a aussi am\u00e9nag\u00e9 un bar dot\u00e9 de la licence 3 et va d\u00e9sormais diffuser des rencontres sportives, \u00e0 commencer bien s\u00fbr par les matchs de l\u2019ASSE. Elle souhaite aussi d\u00e9velopper l\u2019\u00e9v\u00e9nementiel pour les entreprises.<\/p>\n<p class=\"note\">Complexe La Rivi\u00e8re, ouvert du mardi au dimanche, et 7 jours sur 7 pendant les vacances scolaires. Pour la color room, r\u00e9servations uniquement en ligne sur <a href=\"http:\/\/saint-etienne.color-room.fun\/\" target=\"_blank\" rel=\"noopener\">saint-etienne.color-room.fun<\/a>. Tarifs\u00a0: de 18 \u00e0 30\u00a0\u20ac par personne en fonction du nombre de participants.<\/p>\n","protected":false},"excerpt":{"rendered":"Le complexe La Rivi\u00e8re, d\u00e9di\u00e9 aux loisirs, s\u2019est enrichi, durant les derni\u00e8res vacances scolaires, d\u2019une nouvelle activit\u00e9\u00a0: une&hellip;\n","protected":false},"author":2,"featured_media":522582,"comment_status":"","ping_status":"","sticky":false,"template":"","format":"standard","meta":{"footnotes":""},"categories":[9653],"tags":[1111,11,2430,4406,1687,7539,1777,674,1011,27,12,25,4001,7538],"class_list":{"0":"post-522581","1":"post","2":"type-post","3":"status-publish","4":"format-standard","5":"has-post-thumbnail","7":"category-saint-etienne","8":"tag-actu","9":"tag-actualites","10":"tag-auvergne-rhone-alpes","11":"tag-commerce-et-services","12":"tag-culture-loisirs","13":"tag-edition-loire-sud","14":"tag-eu","15":"tag-europe","16":"tag-fr","17":"tag-france","18":"tag-news","19":"tag-republique-francaise","20":"tag-saint-etienne","21":"tag-saint-etienne-ville"},"share_on_mastodon":{"url":"https:\/\/pubeurope.com\/@fr\/115519405823403337","error":""},"_links":{"self":[{"href":"https:\/\/www.europesays.com\/fr\/wp-json\/wp\/v2\/posts\/522581","targetHints":{"allow":["GET"]}}],"collection":[{"href":"https:\/\/www.europesays.com\/fr\/wp-json\/wp\/v2\/posts"}],"about":[{"href":"https:\/\/www.europesays.com\/fr\/wp-json\/wp\/v2\/types\/post"}],"author":[{"embeddable":true,"href":"https:\/\/www.europesays.com\/fr\/wp-json\/wp\/v2\/users\/2"}],"replies":[{"embeddable":true,"href":"https:\/\/www.europesays.com\/fr\/wp-json\/wp\/v2\/comments?post=522581"}],"version-history":[{"count":0,"href":"https:\/\/www.europesays.com\/fr\/wp-json\/wp\/v2\/posts\/522581\/revisions"}],"wp:featuredmedia":[{"embeddable":true,"href":"https:\/\/www.europesays.com\/fr\/wp-json\/wp\/v2\/media\/522582"}],"wp:attachment":[{"href":"https:\/\/www.europesays.com\/fr\/wp-json\/wp\/v2\/media?parent=522581"}],"wp:term":[{"taxonomy":"category","embeddable":true,"href":"https:\/\/www.europesays.com\/fr\/wp-json\/wp\/v2\/categories?post=522581"},{"taxonomy":"post_tag","embeddable":true,"href":"https:\/\/www.europesays.com\/fr\/wp-json\/wp\/v2\/tags?post=522581"}],"curies":[{"name":"wp","href":"https:\/\/api.w.org\/{rel}","templated":true}]}}