{"id":522592,"date":"2025-11-09T11:08:13","date_gmt":"2025-11-09T11:08:13","guid":{"rendered":"https:\/\/www.europesays.com\/fr\/522592\/"},"modified":"2025-11-09T11:08:13","modified_gmt":"2025-11-09T11:08:13","slug":"le-printemps-montpellierain-veut-remettre-la-mosquee-au-milieu-de-la-zac-mosson-sud","status":"publish","type":"post","link":"https:\/\/www.europesays.com\/fr\/522592\/","title":{"rendered":"Le Printemps Montpelli\u00e9rain veut remettre la mosqu\u00e9e au milieu de la ZAC Mosson Sud"},"content":{"rendered":"<p>            Par<br \/>\n        <strong><br \/>\n            <a href=\"https:\/\/actu.fr\/auteur\/c-nithard\" title=\"Consulter tous les articles de C\u00e9dric Nithard\" rel=\"nofollow noopener\" target=\"_blank\">C\u00e9dric Nithard<\/a><br \/>\n        <\/strong><\/p>\n<p>        Publi\u00e9 le<\/p>\n<p>            9 nov. 2025 \u00e0 12h02        <\/p>\n<p>Si <strong>le quartier de la Mosson \u00e0 Montpellier<\/strong> conna\u00eet <strong>une importante r\u00e9novation urbaine<\/strong>, absent de celle-ci malgr\u00e9 les demandes des habitants, le dossier de <strong>la mosqu\u00e9e<\/strong> suscite toujours <strong>des questionnements<\/strong>. C\u2019est pourquoi le d\u00e9put\u00e9 \u00e9cologiste <strong>Jean-Louis Roum\u00e9gas<\/strong>, t\u00eate de liste du Printemps Montpelli\u00e9rain aux municipales, appelle <strong>le maire Micha\u00ebl Delafosse<\/strong> \u00e0 revoir <strong>le projet ZAC Mosson Sud<\/strong>.<\/p>\n<p>\u00ab\u00a0Un manque de concertation\u00a0\u00bb<\/p>\n<p class=\" wall-content\">Tandis que pour les musulmans la pri\u00e8re du vendredi approche, Jean-Louis Roum\u00e9gas, entour\u00e9 de plusieurs partenaires ou soutien du Printemps Montpelli\u00e9rain, \u00e9tait \u00e0 la Mosson, juste en face du local servant de mosqu\u00e9e, pour d\u00e9noncer le manque de consultation autour du projet ZAC Mosson Sud. \u00ab\u00a0Il y a eu une enqu\u00eate publique, le commissaire enqu\u00eateur a rendu son verdict mais la DUP n\u2019est pas encore prise par le pr\u00e9fet\u00a0\u00bb, rappelle le d\u00e9put\u00e9 \u00e9cologiste qui souligne : \u00ab\u00a0Le commissaire enqu\u00eateur a rendu un avis favorable sauf sur un point qui est la question de la mosqu\u00e9e. 12 000 personnes ont particip\u00e9 \u00e0 cette enqu\u00eate dont une tr\u00e8s grande majorit\u00e9 a donn\u00e9 un avis d\u00e9favorable. C\u2019est pourquoi le commissaire enqu\u00eateur dit que l\u2019on ne peut pas cr\u00e9er cette ZAC sans r\u00e9pondre \u00e0 cette question pos\u00e9e par les habitants du quartier sur l\u2019avenir de la mosqu\u00e9e\u00a0\u00bb.<\/p>\n<p>La clinique Cl\u00e9mentville renonce\u2026\u00a0<\/p>\n<p class=\" wall-content\">Pointant l\u2019\u00e9chec de la venue de la clinique Cl\u00e9mentville, que Micha\u00ebl Delafosse a annonc\u00e9 remplacer par une antenne du CHU, Jean-Louis Roum\u00e9gas lui reproche : \u00ab\u00a0En faisant cela, il ne r\u00e9pond pas au probl\u00e8me de fond soulev\u00e9 par l\u2019enqu\u00eate publique et le commissaire enqu\u00eateur\u00a0\u00bb. Soutien du Printemps Montpelli\u00e9rain, Rachid Drimou, ancien pr\u00e9sident du conseil citoyen du bas de la Paillade, explique en avoir d\u00e9missionn\u00e9 car \u00ab\u00a0il y a un manque de concertation r\u00e9elle avec les habitants. En fait, on pr\u00e9pare tout dans les bureaux et on impose dans des r\u00e9unions techniques une vision des politiques de la ville. Je trouve \u00e7a dommage et dommageable\u00a0\u00bb.<\/p>\n<p>\u00ab\u00a0Manque de respect\u00a0\u00bb<\/p>\n<p class=\" wall-content\">Ce dernier illustre d\u2019ailleurs : \u00ab\u00a0Les gens n\u2019\u00e9taient pas contre la clinique, ils \u00e9taient contre le manque de prise en consid\u00e9ration de leurs besoins r\u00e9els. Un lieu de culte a autant d\u2019importance qu\u2019un lieu de sant\u00e9. Si la sant\u00e9 c\u2019est pour le physique, le culte c\u2019est pour l\u2019esprit et l\u2019\u00e2me\u00a0\u00bb. L\u2019\u00e9cologiste Sa\u00efd Bouya t\u00e9moigne lui en tant qu\u2019ancien du quartier du Petit Bard o\u00f9 il a grandi en constatant : \u00ab\u00a0On refait la m\u00eame chose ici, on ne discute pas avec les gens, on arrive avec un projet. C\u2019est un manque de respect et de consid\u00e9ration des habitants de la Paillade. Si on ne va pas voir les gens, cela ne va pas avancer\u00a0\u00bb.<\/p>\n<p>\u00ab\u00a0La Paillade m\u00e9rite un plan A\u00a0\u00bb<\/p>\n<p class=\" wall-content\">Ancienne vice-pr\u00e9sidente \u00e0 la M\u00e9tropole en charge de l\u2019urbanisme, Coralie Mantion juge que \u00ab\u00a0la mani\u00e8re dont est trait\u00e9 le quartier n\u2019est pas acceptable. La Paillade m\u00e9rite mieux que des plans B\u00a0\u00bb en revenant sur l\u2019\u00e9chec de la venue de la clinique Cl\u00e9mentville ou encore la r\u00e9novation du stade finalement pr\u00e9f\u00e9r\u00e9 \u00e0 la construction d\u2019un nouveau ailleurs. \u00ab\u00a0Micha\u00ebl Delafosse navigue \u00e0 vue mais surtout il ne revient pas vers les habitants. Un projet de r\u00e9novation urbaine ne marche que si il est pens\u00e9 in situ, c\u2019est \u00e0 dire dans son environnement et avec ses habitants, les acteurs \u00e9conomiques, associatifs et, ici, culturels\u00a0\u00bb, tonne-t-elle en appelant : \u00ab\u00a0La Paillade m\u00e9rite un plan A pens\u00e9 et r\u00e9fl\u00e9chi avec et pour les habitants\u00a0\u00bb. Jean-Louis Roum\u00e9gas y voyant l\u00e0 \u00ab\u00a0une question de respect car les meilleurs experts d\u2019une ville ce sont ses usagers\u00a0\u00bb. Des habitants que le Printemps Montpelli\u00e9rain a justement mis au coeur de son programme dont le pilier principal est la d\u00e9mocratie participative.<\/p>\n<p>Vid\u00e9os : en ce moment sur Actu<\/p>\n<p class=\" wall-content\">Ayant vu l\u2019attroupement, un des b\u00e9n\u00e9voles de la mosqu\u00e9e vient t\u00e9moigner : \u00ab\u00a0Les gens ne sont pas contre la r\u00e9novation du quartier mais ils aimeraient donner leur avis et qu\u2019il soit pris en compte. Il y a eu des consultations mais c\u2019\u00e9taient des coups d\u2019\u00e9p\u00e9e dans l\u2019eau\u00a0\u00bb. Le jeune homme regrette ainsi que les propositions pour d\u00e9m\u00e9nager la mosqu\u00e9e ou construire sur le site actuel pour offrir un lieu de culte adapt\u00e9 et d\u00e9cent n\u2019aient pas \u00e9t\u00e9 entendues. \u00ab\u00a0C\u2019est comme si nous n\u2019existions pas. Nous ne voulons pas \u00eatre les grands architectes de la r\u00e9novation du quartier qui est tr\u00e8s importante pour le bien-\u00eatre des habitants mais juste avoir un petit mot \u00e0 dire sur deux-trois points pour les int\u00e9grer\u00a0\u00bb, pr\u00e9cise-t-il.<\/p>\n<p>Votre r\u00e9gion, votre actu !<\/p>\n<p>Recevez chaque jour les infos qui comptent pour vous.<\/p>\n<p>\t<a href=\"https:\/\/actu.fr\/newsletter\" class=\"ac-btn ac-btn--corner ac-btn--medium ac-btn--blue800\" rel=\"nofollow noopener\" target=\"_blank\">S&rsquo;incrire<\/a><\/p>\n<p>    <a href=\"https:\/\/www.google.com\/maps\/embed?pb=!1m18!1m12!1m3!1d23102.17810263969!2d3.7959333872007703!3d43.632098712433496!2m3!1f0!2f0!3f0!3m2!1i1024!2i768!4f13.1!3m3!1m2!1s0x12b6ac25a8500dab%3A0xe6cedb4ee2427edb!2sLa%20Mosson%2C%2034080%20Montpellier!5e0!3m2!1sfr!2sfr!4v1762718581793!5m2!1sfr!2sfr\" title=\"Ouvrie le lien\" rel=\"nofollow noopener\" target=\"_blank\">Cliquez ici pour visualiser le contenu<\/a><\/p>\n<p>Un probl\u00e8me de m\u00e9thode<\/p>\n<p class=\" wall-content\">\u00ab\u00a0C\u2019est un probl\u00e8me de m\u00e9thode en g\u00e9n\u00e9ral comme on le voit \u00e0 la Cit\u00e9 Berg\u00e8re ou aux Quatre Boulevard\u00a0\u00bb, pointe Jean-Louis Roum\u00e9gas qui ajoute \u00e9galement : \u00ab\u00a0Il y a un probl\u00e8me particulier avec les repr\u00e9sentants des cultes musulmans qui ne sont pas \u00e9cout\u00e9s. La mairie choisit ses interlocuteurs comme s\u2019ils voulaient faire le tri. Je consid\u00e8re que l\u2019on n\u2019a pas \u00e0 se m\u00ealer des affaires de musulmans. C\u2019est eux qui d\u00e9cident qui les dirigent. Dans la loi, on a int\u00e9gr\u00e9 l\u2019id\u00e9e qu\u2019il n\u2019y avait pas d\u2019ing\u00e9rence \u00e9trang\u00e8re dans la gestion des mosqu\u00e9es. S\u2019il n\u2019y a pas d\u2019ing\u00e9rence \u00e9trang\u00e8re, ce n\u2019est pas non plus pour m\u00e9langer les politiques locales avec la question des cultes. Les cultes, quels qu\u2019ils soient, s\u2019auto-organisent en France et on doit les respecter en tant que tel. C\u2019est \u00e7a la vraie la\u00efcit\u00e9\u00a0\u00bb. Mettant en \u00e9vidence l\u2019insuffisance du nombre de mosqu\u00e9es \u00e0 Montpellier et les r\u00e9ticences de la municipalit\u00e9 \u00e0 en permettre la construction, le d\u00e9put\u00e9 appelle \u00e0 \u00ab\u00a0arr\u00eater cette ing\u00e9rence dans les cultes. C\u2019est ridicule car s\u2019ils croient pouvoir contr\u00f4ler le vote des musulmans, personne ne contr\u00f4le cela. Les musulmans sont des citoyens comme les autres. Il faut arr\u00eater ce jeu malsain\u00a0\u00bb.<\/p>\n<p class=\" wall-content\">Pour autant, contrairement \u00e0 certains qui accusent Micha\u00ebl Delafosse d\u2019islamophobie, l\u2019\u00e9cologiste ne tombe pas dans les accusations gratuites. \u00ab\u00a0Je ne veux pas rentrer dans ces pol\u00e9miques entre les Insoumis et les Socialistes qui se balancent des noms d\u2019oiseaux. Cela ne sert que l\u2019extr\u00eame droite, les x\u00e9nophobes et les vrais racistes. Je parle de m\u00e9thode, nous essayons d\u2019avoir des mots pr\u00e9cis et justes dans ce que l\u2019on dit, il ne faut pas tomber dans des exc\u00e8s qui ne servent \u00e0 rien. Certaines attaques contre le maire de Montpellier sont d\u00e9plac\u00e9es et contre-productives\u00a0\u00bb, clarifie-t-il sans d\u00e9tour.<\/p>\n<p>R\u00e9union publique le 6 d\u00e9cembre<\/p>\n<p class=\" wall-content\">Nordine Maktoubi, autre \u00e9cologiste, compl\u00e8te : \u00ab\u00a0La probl\u00e9matique est avec tous les habitants de la Paillade. Ceux qui sont musulmans et ceux qui ne le sont pas. Ce sont les habitants de mani\u00e8re g\u00e9n\u00e9rale qui ne sont pas consid\u00e9r\u00e9s\u00a0\u00bb. C\u2019est pourquoi Jean-Louis Roum\u00e9gas appelle \u00ab\u00a0le pr\u00e9fet \u00e0 ne pas prendre la DUP et \u00e0 la M\u00e9tropole de ne pas faire cette ZAC tant qu\u2019une concertation n\u2019aura pas eu lieu sinon ce sera tr\u00e8s mal v\u00e9cu dans le quartier\u00a0\u00bb. Le candidat annonce ainsi que le Printemps Montpelli\u00e9rain organisera une r\u00e9union publique le samedi 6 d\u00e9cembre sur ce sujet.<\/p>\n<p class=\" wall-content\">Personnalisez votre actualit\u00e9 en ajoutant vos villes et m\u00e9dias en favori avec <a href=\"https:\/\/moncompte.actu.fr\" title=\"D\u00e9couvez Mon Actu\" rel=\"nofollow noopener\" data-trk=\"{&quot;cta&quot;:{&quot;action&quot;:&quot;https:\\\/\\\/moncompte.actu.fr&quot;,&quot;category&quot;:&quot;mon compte&quot;,&quot;from&quot;:&quot;article footer&quot;,&quot;name&quot;:&quot;Mon actu&quot;,&quot;type&quot;:&quot;cta&quot;}}\" target=\"_blank\">Mon Actu<\/a>.<\/p>\n","protected":false},"excerpt":{"rendered":"Par C\u00e9dric Nithard Publi\u00e9 le 9 nov. 2025 \u00e0 12h02 Si le quartier de la Mosson \u00e0 Montpellier&hellip;\n","protected":false},"author":2,"featured_media":522593,"comment_status":"","ping_status":"","sticky":false,"template":"","format":"standard","meta":{"footnotes":""},"categories":[9599],"tags":[1111,11,4188,1777,674,1011,27,2208,12,2680,316,25],"class_list":{"0":"post-522592","1":"post","2":"type-post","3":"status-publish","4":"format-standard","5":"has-post-thumbnail","7":"category-montpellier","8":"tag-actu","9":"tag-actualites","10":"tag-elections-municipales","11":"tag-eu","12":"tag-europe","13":"tag-fr","14":"tag-france","15":"tag-montpellier","16":"tag-news","17":"tag-occitanie","18":"tag-politique","19":"tag-republique-francaise"},"share_on_mastodon":{"url":"https:\/\/pubeurope.com\/@fr\/115519429366091807","error":""},"_links":{"self":[{"href":"https:\/\/www.europesays.com\/fr\/wp-json\/wp\/v2\/posts\/522592","targetHints":{"allow":["GET"]}}],"collection":[{"href":"https:\/\/www.europesays.com\/fr\/wp-json\/wp\/v2\/posts"}],"about":[{"href":"https:\/\/www.europesays.com\/fr\/wp-json\/wp\/v2\/types\/post"}],"author":[{"embeddable":true,"href":"https:\/\/www.europesays.com\/fr\/wp-json\/wp\/v2\/users\/2"}],"replies":[{"embeddable":true,"href":"https:\/\/www.europesays.com\/fr\/wp-json\/wp\/v2\/comments?post=522592"}],"version-history":[{"count":0,"href":"https:\/\/www.europesays.com\/fr\/wp-json\/wp\/v2\/posts\/522592\/revisions"}],"wp:featuredmedia":[{"embeddable":true,"href":"https:\/\/www.europesays.com\/fr\/wp-json\/wp\/v2\/media\/522593"}],"wp:attachment":[{"href":"https:\/\/www.europesays.com\/fr\/wp-json\/wp\/v2\/media?parent=522592"}],"wp:term":[{"taxonomy":"category","embeddable":true,"href":"https:\/\/www.europesays.com\/fr\/wp-json\/wp\/v2\/categories?post=522592"},{"taxonomy":"post_tag","embeddable":true,"href":"https:\/\/www.europesays.com\/fr\/wp-json\/wp\/v2\/tags?post=522592"}],"curies":[{"name":"wp","href":"https:\/\/api.w.org\/{rel}","templated":true}]}}