{"id":522596,"date":"2025-11-09T11:11:17","date_gmt":"2025-11-09T11:11:17","guid":{"rendered":"https:\/\/www.europesays.com\/fr\/522596\/"},"modified":"2025-11-09T11:11:17","modified_gmt":"2025-11-09T11:11:17","slug":"ils-se-sont-rencontres-a-larmada-de-rouen-et-viennent-de-se-marier","status":"publish","type":"post","link":"https:\/\/www.europesays.com\/fr\/522596\/","title":{"rendered":"ils se sont rencontr\u00e9s \u00e0 l&rsquo;Armada de Rouen et viennent de se marier"},"content":{"rendered":"<p>            Par<br \/>\n        <strong><br \/>\n            <a href=\"https:\/\/actu.fr\/auteur\/fmass\" title=\"Consulter tous les articles de Fabien Massin\" target=\"_blank\" rel=\"noopener\">Fabien Massin<\/a><br \/>\n        <\/strong><\/p>\n<p>        Publi\u00e9 le<\/p>\n<p>            9 nov. 2025 \u00e0 12h02        <\/p>\n<p>\u00c9v\u00e9nement maritime et festif de grande envergure, <a href=\"https:\/\/actu.fr\/evenements\/armada-rouen\" target=\"_blank\" rel=\"noopener\">l\u2019Armada de Rouen (Seine-Maritime)<\/a> est \u00e9galement un lieu de rencontres. Qui donnent m\u00eame lieu \u00e0 de jolies histoires. <strong>Parmi elles, il y a celle d\u2019Il\u00e9ane et Bryan<\/strong>. Il\u00e9ane, jeune visiteuse de l\u2019Armada en 2019, rencontre lors de cette \u00e9dition Bryan, alors \u00e9l\u00e8ve \u00e0 bord du fameux navire mexicain <a href=\"https:\/\/actu.fr\/normandie\/rouen_76540\/les-bateaux-larmada-rouen-cuauhtemoc-navire-ecole-la-marine-mexicaine_23908925.html\" target=\"_blank\" rel=\"noopener\">le Cuauht\u00e9moc<\/a>*. <strong>Ils viennent de se marier au Mexique<\/strong>.\u00a0<\/p>\n<p>Une premi\u00e8re danse<\/p>\n<p class=\" wall-content\">En juin 2019, originaire de Mathonville, pr\u00e8s de <a href=\"https:\/\/actu.fr\/normandie\/buchy_76146\" target=\"_blank\" rel=\"noopener\">Buchy<\/a>, Il\u00e9ane, 15 ans, vient \u00e0 l\u2019Armada pour <strong>la premi\u00e8re fois de sa vie<\/strong>, avec ses parents. Une soir\u00e9e dansante est organis\u00e9e au Cuauth\u00e9moc. \u00c7a tombe bien, Il\u00e9ane affectionne les danses de salon. C\u2019est l\u00e0 qu\u2019elle croise Bryan, 21 ans, \u00e0 l\u2019occasion d\u2019une premi\u00e8re danse.<\/p>\n<p class=\" wall-content\">\u00ab\u00a0On s\u2019est tout de suite bien entendus, raconte la jeune femme aujourd\u2019hui \u00e2g\u00e9e de 21 ans. Je ne parlais pas espagnol et lui ne parlait pas fran\u00e7ais, donc<strong> on se d\u00e9brouillait comme on pouvait avec le traducteur de nos smartphones<\/strong>. On s\u2019est ensuite revus lors de l\u2019Armada, et on a \u00e9chang\u00e9 nos r\u00e9seaux sociaux. Au d\u00e9part c\u2019\u00e9tait juste pour \u00eatre amis.\u00a0\u00bb<\/p>\n<p class=\" wall-content\">Quand le Cuauht\u00e9moc part de Rouen, Il\u00e9ane et sa m\u00e8re d\u00e9cident d\u2019aller le suivre dans ses destinations suivantes, aux Pays-Bas, en Allemagne, en Angleterre et en Irlande. \u00ab\u00a0C\u2019\u00e9tait une opportunit\u00e9 pour voyager et l\u2019occasion de poursuivre notre amiti\u00e9 avec Bryan.\u00a0\u00bb<\/p>\n<p>Des allers-retours entre les continents<\/p>\n<p class=\" wall-content\">Mais entre les deux les affinit\u00e9s s\u2019aiguisent, en d\u00e9cembre, Bryan revient en France voir Il\u00e9ane. Leur relation amoureuse d\u00e9marre v\u00e9ritablement l\u00e0. Entre temps, Il\u00e9ane s\u2019est mise \u00e0 apprendre l\u2019espagnol. <strong>Elle fait le premier voyage au Mexique avec ses parents<\/strong> \u2014 qui \u00e0 cette occasion font la connaissance de ceux de Bryan \u2014\u00a0 puis seule, \u00e0 partir de ses 18 ans. Dans ses \u00e9tudes, elle s\u2019oriente vers un BTS Tourisme, et prend une ann\u00e9e sabbatique, au cours de laquelle elle en profite pour aller passer plusieurs mois au Mexique.\u00a0<\/p>\n<p class=\" wall-content\">\u00ab\u00a0Nous ne vivions pas ensemble, moi j\u2019\u00e9tais \u00e0 Veracruz et lui \u00e0 Tampico, \u00e0 6 heures de route plus au nord, raconte Il\u00e9ane. Mais le trajet se faisait bien, en bus ou en avion, et on se voyait souvent. <strong>Les cultures fran\u00e7aises et mexicaines sont tr\u00e8s diff\u00e9rentes<\/strong>, l\u2019acclimatation n\u2019est pas facile, mais les gens sont tr\u00e8s accueillants, et je n\u2019ai pas connu de probl\u00e8me d\u2019ins\u00e9curit\u00e9 dont on parle souvent quand on parle du Mexique.\u00a0\u00bb<\/p>\n<p>Votre r\u00e9gion, votre actu !<\/p>\n<p>Recevez chaque jour les infos qui comptent pour vous.<\/p>\n<p>\t<a href=\"https:\/\/actu.fr\/newsletter\" class=\"ac-btn ac-btn--corner ac-btn--medium ac-btn--blue800\" target=\"_blank\" rel=\"noopener\">S&rsquo;incrire<\/a><\/p>\n<p class=\" wall-content\">Les mois et les ann\u00e9es passent, rythm\u00e9s par des allers-retours de part et d\u2019autre de l\u2019Atlantique. En septembre 2024, \u00e0 l\u2019occasion d\u2019un voyage en <a href=\"https:\/\/actu.fr\/tag\/espagne\" target=\"_blank\" rel=\"noopener\">Espagne<\/a>,<strong> Bryan fait sa demande en mariage<\/strong>. \u00ab\u00a0\u00c0 ce moment-l\u00e0 tout s\u2019agite dans ma t\u00eate. Et il faut organiser le mariage. Nous d\u00e9cidons logiquement de le faire au Mexique, car Bryan est affect\u00e9 comme Lieutenant de corvette l\u00e0-bas.\u00a0\u00bb<\/p>\n<p>Un mariage en forme d\u2019exp\u00e9dition<\/p>\n<p class=\" wall-content\">Le mariage a lieu fin octobre, pour la partie fran\u00e7aise, il prend l\u2019allure d\u2019une exp\u00e9dition. \u00ab\u00a0Une vingtaine de membre de famille a fait le voyage, pour certains c\u2019\u00e9tait la premi\u00e8re fois qu\u2019ils sortaient de France et qu\u2019ils prenaient l\u2019avion. Mais tout s\u2019est tr\u00e8s bien pass\u00e9, <strong>il y a eu de belles interactions entre nos deux familles<\/strong> malgr\u00e9 la barri\u00e8re de la langue.\u00a0\u00bb<\/p>\n<p>    <img   decoding=\"async\" loading=\"lazy\" src=\"https:\/\/www.europesays.com\/fr\/wp-content\/uploads\/2025\/11\/mariage-marin-mexicain-rouen-francaise-armada-960x640.jpeg\" alt=\"Lors du mariage au Mexique, \u00e0 Veracruz. \" width=\"960\" height=\"640\"\/><br \/>\n    Lors du mariage au Mexique, \u00e0 Veracruz. (\u00a9Document transmis. )<\/p>\n<p class=\" wall-content\">Dans le couple en tout cas plus d\u2019\u00e9loignement linguistique, au fil du temps Il\u00e9ane est devenue bilingue. D\u00e9sormais mari\u00e9e, la jeune femme vit au Mexique depuis cet \u00e9t\u00e9 mais toujours avec un visa de tourisme. Elle cherche maintenant du travail dans le domaine du tourisme.\u00a0<\/p>\n<p class=\" wall-content\">\u00ab\u00a0On va voir comment \u00e7a se passe, je pourrais \u00e9galement donner des cours de fran\u00e7ais, il y a de la demande pour cela\u00a0\u00bb, envisage Il\u00e9ane, optimiste.\u00a0<\/p>\n<p class=\" wall-content\">*Star des diff\u00e9rentes Armada depuis 1989, le Cuauht\u00e9moc a subi un grave accident \u00e0 New York, samedi 17 mai 2025. Le navire mexicain <a href=\"https:\/\/actu.fr\/normandie\/rouen_76540\/drame-du-cuauhtemoc-a-new-york-c-est-le-chouchou-des-rouennais-a-l-armada_62651995.html\" target=\"_blank\" rel=\"noopener\">a percut\u00e9 le pont de Brooklyn<\/a>, faisant deux morts.<\/p>\n<p>Suivez l\u2019actualit\u00e9 de Rouen sur notre <a href=\"https:\/\/www.whatsapp.com\/channel\/0029VaKfnf99hXF2ddApFB1D\" target=\"_blank\" rel=\"noopener\">cha\u00eene WhatsApp<\/a> et sur notre <a href=\"https:\/\/www.tiktok.com\/@76actu.fr?lang=fr\" target=\"_blank\" rel=\"noopener\">compte TikTok<\/a><\/p>\n<p class=\" wall-content\">Personnalisez votre actualit\u00e9 en ajoutant vos villes et m\u00e9dias en favori avec <a href=\"https:\/\/moncompte.actu.fr\" title=\"D\u00e9couvez Mon Actu\" rel=\"nofollow noopener\" data-trk=\"{&quot;cta&quot;:{&quot;action&quot;:&quot;https:\\\/\\\/moncompte.actu.fr&quot;,&quot;category&quot;:&quot;mon compte&quot;,&quot;from&quot;:&quot;article footer&quot;,&quot;name&quot;:&quot;Mon actu&quot;,&quot;type&quot;:&quot;cta&quot;}}\" target=\"_blank\">Mon Actu<\/a>.<\/p>\n<p>                    <script async src=\"\/\/www.tiktok.com\/embed.js\"><\/script><\/p>\n","protected":false},"excerpt":{"rendered":"Par Fabien Massin Publi\u00e9 le 9 nov. 2025 \u00e0 12h02 \u00c9v\u00e9nement maritime et festif de grande envergure, l\u2019Armada&hellip;\n","protected":false},"author":2,"featured_media":522597,"comment_status":"","ping_status":"","sticky":false,"template":"","format":"standard","meta":{"footnotes":""},"categories":[9587],"tags":[1111,11,22718,1777,674,1011,27,1757,5353,12,5161,25,9590],"class_list":{"0":"post-522596","1":"post","2":"type-post","3":"status-publish","4":"format-standard","5":"has-post-thumbnail","7":"category-rouen","8":"tag-actu","9":"tag-actualites","10":"tag-armada","11":"tag-eu","12":"tag-europe","13":"tag-fr","14":"tag-france","15":"tag-insolite","16":"tag-la-seine","17":"tag-news","18":"tag-normandie","19":"tag-republique-francaise","20":"tag-rouen"},"share_on_mastodon":{"url":"https:\/\/pubeurope.com\/@fr\/115519442250285529","error":""},"_links":{"self":[{"href":"https:\/\/www.europesays.com\/fr\/wp-json\/wp\/v2\/posts\/522596","targetHints":{"allow":["GET"]}}],"collection":[{"href":"https:\/\/www.europesays.com\/fr\/wp-json\/wp\/v2\/posts"}],"about":[{"href":"https:\/\/www.europesays.com\/fr\/wp-json\/wp\/v2\/types\/post"}],"author":[{"embeddable":true,"href":"https:\/\/www.europesays.com\/fr\/wp-json\/wp\/v2\/users\/2"}],"replies":[{"embeddable":true,"href":"https:\/\/www.europesays.com\/fr\/wp-json\/wp\/v2\/comments?post=522596"}],"version-history":[{"count":0,"href":"https:\/\/www.europesays.com\/fr\/wp-json\/wp\/v2\/posts\/522596\/revisions"}],"wp:featuredmedia":[{"embeddable":true,"href":"https:\/\/www.europesays.com\/fr\/wp-json\/wp\/v2\/media\/522597"}],"wp:attachment":[{"href":"https:\/\/www.europesays.com\/fr\/wp-json\/wp\/v2\/media?parent=522596"}],"wp:term":[{"taxonomy":"category","embeddable":true,"href":"https:\/\/www.europesays.com\/fr\/wp-json\/wp\/v2\/categories?post=522596"},{"taxonomy":"post_tag","embeddable":true,"href":"https:\/\/www.europesays.com\/fr\/wp-json\/wp\/v2\/tags?post=522596"}],"curies":[{"name":"wp","href":"https:\/\/api.w.org\/{rel}","templated":true}]}}