{"id":522611,"date":"2025-11-09T11:27:27","date_gmt":"2025-11-09T11:27:27","guid":{"rendered":"https:\/\/www.europesays.com\/fr\/522611\/"},"modified":"2025-11-09T11:27:27","modified_gmt":"2025-11-09T11:27:27","slug":"grievement-blessee-en-tentant-de-proteger-sa-mere-la-fille-hors-de-danger","status":"publish","type":"post","link":"https:\/\/www.europesays.com\/fr\/522611\/","title":{"rendered":"gri\u00e8vement bless\u00e9e en tentant de prot\u00e9ger sa m\u00e8re, la fille hors de danger"},"content":{"rendered":"<p>La jeune fille de 17 ans gri\u00e8vement bless\u00e9e lundi en tentant de prot\u00e9ger sa m\u00e8re est d\u00e9sormais hors de danger, a annonc\u00e9 ce jeudi le parquet de Nice (Alpes-Maritimes), pr\u00e9cisant que le p\u00e8re \u00e9tait poursuivi pour assassinat et tentative d&rsquo;assassinat.<\/p>\n<p>Mardi peu avant 13 heures, le p\u00e8re est entr\u00e9 de force dans l&rsquo;appartement o\u00f9 la m\u00e8re vivait avec l&rsquo;a\u00een\u00e9e et la cadette de leurs sept enfants, au rez-de-chauss\u00e9e d&rsquo;un immeuble du quartier sensible des Moulins, dans l&rsquo;est de Nice. Le divorce du couple devait \u00eatre prononc\u00e9 le lendemain. Selon le t\u00e9moignage de la jeune fille, c&rsquo;est elle qui a ouvert la porte, pensant avoir entendu des jeunes jouer dehors. <a href=\"https:\/\/www.ledauphine.com\/faits-divers-justice\/2025\/11\/04\/un-homme-tue-son-ex-femme-et-blesse-grievement-sa-fille\" target=\"_blank\" rel=\"noopener\">Le p\u00e8re a d&rsquo;abord frapp\u00e9 la m\u00e8re et la fille<\/a>, puis il s&rsquo;en est pris \u00e0 la m\u00e8re avec un couteau, ass\u00e9nant \u00e9galement plusieurs coups \u00e0 la fille, qui tentait de prot\u00e9ger sa m\u00e8re.<\/p>\n<p>Entendant des hurlements, un voisin a tambourin\u00e9 en vain et une livreuse a appel\u00e9 la police. A l&rsquo;arriv\u00e9e des agents quelques minutes plus tard, le p\u00e8re leur a ouvert la porte avec dans les bras sa fille cadette de deux ans et derri\u00e8re lui deux corps gisant dans une mare de sang. Les policiers ont pris l&rsquo;enfant, indemne, et interpel\u00e9 le p\u00e8re. Malgr\u00e9 l&rsquo;assistance rapide des pompiers, ils n&rsquo;ont rien pu faire pour la m\u00e8re, \u00e2g\u00e9e de 39 ans et victime d&rsquo;un \u00ab tr\u00e8s grand nombre \u00bb de coups d&rsquo;un couteau retrouv\u00e9 bris\u00e9 et ensanglant\u00e9.<\/p>\n<p>  L&rsquo;homme n&rsquo;a pas reconnu les faits<\/p>\n<p>La fille, qui pr\u00e9sentait deux plaies au cou, a \u00e9t\u00e9 transport\u00e9e \u00e0 l&rsquo;h\u00f4pital en urgence absolue mais est d\u00e9sormais hors de danger. Elle a assur\u00e9 aux enqu\u00eateurs que son p\u00e8re avait menac\u00e9 de l&rsquo;\u00e9gorger elle et sa m\u00e8re lorsqu&rsquo;elles l&rsquo;avaient crois\u00e9 dans les transports en commun. Le p\u00e8re lui n&rsquo;a pas reconnu les faits. Il assure avoir voulu rendre visite \u00e0 sa fille, tent\u00e9 de s\u00e9parer la m\u00e8re et la fille, se disant ensuite victime d&rsquo;un aveuglement li\u00e9 \u00e0 une soudaine migraine qui lui aurait \u00f4t\u00e9 toute perception de ce qu&rsquo;il se passait.<\/p>\n<p>Le couple, d&rsquo;origine tch\u00e9tch\u00e8ne selon la police, \u00e9tait en conflit depuis plusieurs ann\u00e9es. En d\u00e9cembre 2023, la m\u00e8re avait rapport\u00e9 avoir \u00e9t\u00e9 violemment frapp\u00e9e et tir\u00e9e par les cheveux. Mais elle n&rsquo;avait pas souhait\u00e9 porter plainte ni se rendre \u00e0 l&rsquo;unit\u00e9 m\u00e9dico-judiciaire et le p\u00e8re avait \u00e9t\u00e9 relax\u00e9 quelques mois plus tard. Lui-m\u00eame a port\u00e9 plainte \u00e0 deux reprises contre sa belle-famille en d\u00e9non\u00e7ant des menaces de mort, tandis que la m\u00e8re avait port\u00e9 plainte pour enl\u00e8vement de mineur dans le cadre de la s\u00e9paration.<\/p>\n","protected":false},"excerpt":{"rendered":"La jeune fille de 17 ans gri\u00e8vement bless\u00e9e lundi en tentant de prot\u00e9ger sa m\u00e8re est d\u00e9sormais hors&hellip;\n","protected":false},"author":2,"featured_media":522612,"comment_status":"","ping_status":"","sticky":false,"template":"","format":"standard","meta":{"footnotes":""},"categories":[2819],"tags":[1111,11,271,272,1777,674,274,107,1011,27,329,12,2401,882,25],"class_list":{"0":"post-522611","1":"post","2":"type-post","3":"status-publish","4":"format-standard","5":"has-post-thumbnail","7":"category-nice","8":"tag-actu","9":"tag-actualites","10":"tag-crime","11":"tag-delit-et-contravention","12":"tag-eu","13":"tag-europe","14":"tag-faits-divers-justice","15":"tag-fil-info","16":"tag-fr","17":"tag-france","18":"tag-france-monde","19":"tag-news","20":"tag-nice","21":"tag-provence-alpes-cote-dazur","22":"tag-republique-francaise"},"share_on_mastodon":{"url":"https:\/\/pubeurope.com\/@fr\/115519504130162052","error":""},"_links":{"self":[{"href":"https:\/\/www.europesays.com\/fr\/wp-json\/wp\/v2\/posts\/522611","targetHints":{"allow":["GET"]}}],"collection":[{"href":"https:\/\/www.europesays.com\/fr\/wp-json\/wp\/v2\/posts"}],"about":[{"href":"https:\/\/www.europesays.com\/fr\/wp-json\/wp\/v2\/types\/post"}],"author":[{"embeddable":true,"href":"https:\/\/www.europesays.com\/fr\/wp-json\/wp\/v2\/users\/2"}],"replies":[{"embeddable":true,"href":"https:\/\/www.europesays.com\/fr\/wp-json\/wp\/v2\/comments?post=522611"}],"version-history":[{"count":0,"href":"https:\/\/www.europesays.com\/fr\/wp-json\/wp\/v2\/posts\/522611\/revisions"}],"wp:featuredmedia":[{"embeddable":true,"href":"https:\/\/www.europesays.com\/fr\/wp-json\/wp\/v2\/media\/522612"}],"wp:attachment":[{"href":"https:\/\/www.europesays.com\/fr\/wp-json\/wp\/v2\/media?parent=522611"}],"wp:term":[{"taxonomy":"category","embeddable":true,"href":"https:\/\/www.europesays.com\/fr\/wp-json\/wp\/v2\/categories?post=522611"},{"taxonomy":"post_tag","embeddable":true,"href":"https:\/\/www.europesays.com\/fr\/wp-json\/wp\/v2\/tags?post=522611"}],"curies":[{"name":"wp","href":"https:\/\/api.w.org\/{rel}","templated":true}]}}