{"id":522625,"date":"2025-11-09T11:36:16","date_gmt":"2025-11-09T11:36:16","guid":{"rendered":"https:\/\/www.europesays.com\/fr\/522625\/"},"modified":"2025-11-09T11:36:16","modified_gmt":"2025-11-09T11:36:16","slug":"pour-eviter-que-la-ceremonie-ne-soit-perturbee-les-manifs-non-declarees-interdites","status":"publish","type":"post","link":"https:\/\/www.europesays.com\/fr\/522625\/","title":{"rendered":"pour \u00e9viter que la c\u00e9r\u00e9monie ne soit perturb\u00e9e, les manifs non d\u00e9clar\u00e9es interdites"},"content":{"rendered":"<p>            Par<br \/>\n        <strong><br \/>\n            <a href=\"https:\/\/actu.fr\/auteur\/lucie-2\" title=\"Consulter tous les articles de Lucie Fraisse\" target=\"_blank\" rel=\"noopener\">Lucie Fraisse<\/a><br \/>\n        <\/strong><\/p>\n<p>        Publi\u00e9 le<\/p>\n<p>            9 nov. 2025 \u00e0 12h20        <\/p>\n<p>Chaque ann\u00e9e, \u00e0 <strong>Toulouse<\/strong> et dans tout le pays, des c\u00e9r\u00e9monies comm\u00e9morent l\u2019armistice du 11 novembre 1919 et<a href=\"https:\/\/actu.fr\/societe\/que-commemore-t-on-precisement-le-11-novembre_55078206.html\" target=\"_blank\" rel=\"noopener\"> rendent hommage \u00e0 ceux qui sont morts pour la France<\/a>.<\/p>\n<p>C\u00e9r\u00e9monie au monument \u00e0 la gloire de la r\u00e9sistance<\/p>\n<p class=\" wall-content\">Ce 11 novembre 2025, la c\u00e9r\u00e9monie comm\u00e9morative principale aura lieu, \u00e0 11 heures, au Monument \u00e0 la gloire de la r\u00e9sistance (all\u00e9e Serge Ravanel et Fr\u00e9d\u00e9ric Mistral).<\/p>\n<p>Les c\u00e9r\u00e9monies du 8 mai avaient \u00e9t\u00e9 perturb\u00e9es<\/p>\n<p class=\" wall-content\">Une c\u00e9r\u00e9monie qui se d\u00e9roulera dans le calme, esp\u00e8rent les autorit\u00e9s. Le pr\u00e9fet de la Haute-Garonne a en tout cas sign\u00e9 un <strong>arr\u00eat\u00e9 pour interdire tout rassemblement revendicatif non d\u00e9clar\u00e9<\/strong> dans le centre de Toulouse, mardi 11 novembre.<\/p>\n<p class=\" wall-content\">\u00ab\u00a0Lors des derni\u00e8res c\u00e9r\u00e9monies de comm\u00e9moration, les 8 mai et 10 mai 2025, ainsi que le 8 juin 2025, des groupes revendicatifs ont tent\u00e9 de perturber leur bon d\u00e9roulement par le moyen de<strong> drapeaux, pancartes et slogans<\/strong>, indiquent ainsi les services de la pr\u00e9fecture. Ces revendications n\u2019ont pas leur place dans des c\u00e9r\u00e9monies r\u00e9publicaines, qui s\u2019inscrivent dans le devoir de m\u00e9moire national.\u00a0\u00bb<\/p>\n<p class=\" wall-content\">Le 8 mai dernier, un groupe de militants pro-palestiniens avait brandi des drapeaux et clam\u00e9 des slogans, avant d\u2019\u00eatre tr\u00e8s rapidement \u00e9vacu\u00e9 par les forces de l\u2019ordre.<\/p>\n<p>Vid\u00e9os : en ce moment sur ActuEntre 9 heures et 12h30<\/p>\n<p class=\" wall-content\">Les rassemblements revendicatifs non d\u00e9clar\u00e9s seront interdits de 9 heures \u00e0 12h30 dans un p\u00e9rim\u00e8tre d\u00e9limit\u00e9 entre\u00a0 :<\/p>\n<ul class=\" wall-content\">\n<li>les all\u00e9es Jules-Guesde<\/li>\n<li>le square Boulingrin<\/li>\n<li>les all\u00e9es Paul-Sabatier<\/li>\n<li>le port Saint-Sauveur<\/li>\n<li>le boulevard Monplaisir<\/li>\n<li>l\u2019avenue Crampel<\/li>\n<li>la rue de la Tannerie<\/li>\n<li>la rue des 36 ponts.<\/li>\n<\/ul>\n<p>Votre r\u00e9gion, votre actu !<\/p>\n<p>Recevez chaque jour les infos qui comptent pour vous.<\/p>\n<p>\t<a href=\"https:\/\/actu.fr\/newsletter\" class=\"ac-btn ac-btn--corner ac-btn--medium ac-btn--blue800\" target=\"_blank\" rel=\"noopener\">S&rsquo;incrire<\/a><\/p>\n<p class=\" wall-content\">Les contrevenants risquent jusqu\u2019\u00e0 six mois de prison et 7500 euros pour les organisateurs et une amende de quatri\u00e8me classe pour les participants.<\/p>\n<p class=\" wall-content\">Personnalisez votre actualit\u00e9 en ajoutant vos villes et m\u00e9dias en favori avec <a href=\"https:\/\/moncompte.actu.fr\" title=\"D\u00e9couvez Mon Actu\" rel=\"nofollow noopener\" data-trk=\"{&quot;cta&quot;:{&quot;action&quot;:&quot;https:\\\/\\\/moncompte.actu.fr&quot;,&quot;category&quot;:&quot;mon compte&quot;,&quot;from&quot;:&quot;article footer&quot;,&quot;name&quot;:&quot;Mon actu&quot;,&quot;type&quot;:&quot;cta&quot;}}\" target=\"_blank\">Mon Actu<\/a>.<\/p>\n","protected":false},"excerpt":{"rendered":"Par Lucie Fraisse Publi\u00e9 le 9 nov. 2025 \u00e0 12h20 Chaque ann\u00e9e, \u00e0 Toulouse et dans tout le&hellip;\n","protected":false},"author":2,"featured_media":522626,"comment_status":"","ping_status":"","sticky":false,"template":"","format":"standard","meta":{"footnotes":""},"categories":[2816],"tags":[1111,11,1777,674,1011,27,12,2680,2384,25,104,2312],"class_list":{"0":"post-522625","1":"post","2":"type-post","3":"status-publish","4":"format-standard","5":"has-post-thumbnail","7":"category-toulouse","8":"tag-actu","9":"tag-actualites","10":"tag-eu","11":"tag-europe","12":"tag-fr","13":"tag-france","14":"tag-news","15":"tag-occitanie","16":"tag-premiere-guerre-mondiale","17":"tag-republique-francaise","18":"tag-societe","19":"tag-toulouse"},"share_on_mastodon":{"url":"https:\/\/pubeurope.com\/@fr\/115519539293762059","error":""},"_links":{"self":[{"href":"https:\/\/www.europesays.com\/fr\/wp-json\/wp\/v2\/posts\/522625","targetHints":{"allow":["GET"]}}],"collection":[{"href":"https:\/\/www.europesays.com\/fr\/wp-json\/wp\/v2\/posts"}],"about":[{"href":"https:\/\/www.europesays.com\/fr\/wp-json\/wp\/v2\/types\/post"}],"author":[{"embeddable":true,"href":"https:\/\/www.europesays.com\/fr\/wp-json\/wp\/v2\/users\/2"}],"replies":[{"embeddable":true,"href":"https:\/\/www.europesays.com\/fr\/wp-json\/wp\/v2\/comments?post=522625"}],"version-history":[{"count":0,"href":"https:\/\/www.europesays.com\/fr\/wp-json\/wp\/v2\/posts\/522625\/revisions"}],"wp:featuredmedia":[{"embeddable":true,"href":"https:\/\/www.europesays.com\/fr\/wp-json\/wp\/v2\/media\/522626"}],"wp:attachment":[{"href":"https:\/\/www.europesays.com\/fr\/wp-json\/wp\/v2\/media?parent=522625"}],"wp:term":[{"taxonomy":"category","embeddable":true,"href":"https:\/\/www.europesays.com\/fr\/wp-json\/wp\/v2\/categories?post=522625"},{"taxonomy":"post_tag","embeddable":true,"href":"https:\/\/www.europesays.com\/fr\/wp-json\/wp\/v2\/tags?post=522625"}],"curies":[{"name":"wp","href":"https:\/\/api.w.org\/{rel}","templated":true}]}}