{"id":522633,"date":"2025-11-09T11:41:09","date_gmt":"2025-11-09T11:41:09","guid":{"rendered":"https:\/\/www.europesays.com\/fr\/522633\/"},"modified":"2025-11-09T11:41:09","modified_gmt":"2025-11-09T11:41:09","slug":"anais-belouassa-cherifi-lfi-sen-prend-aux-deputes-nfp-pour-atteindre-gregory-doucet","status":"publish","type":"post","link":"https:\/\/www.europesays.com\/fr\/522633\/","title":{"rendered":"Ana\u00efs Belouassa-Cherifi (LFI) s&rsquo;en prend aux d\u00e9put\u00e9s NFP pour atteindre Gr\u00e9gory Doucet"},"content":{"rendered":"<p itemprop=\"description\"><strong>La lune de miel du NFP aura dur\u00e9 un an et demi \u00e0 Lyon. Et c&rsquo;est <a href=\"https:\/\/www.lyonmag.com\/profil-personnalite-lyonnaise\/698\/anais-belouassa-cherifi\" target=\"_blank\" rel=\"noopener\">Ana\u00efs Belouassa-Cherifi<\/a> qui a d\u00e9cid\u00e9 du divorce.<\/strong><\/p>\n<p>La d\u00e9put\u00e9e insoumise de la 1\u00e8re circonscription du Rh\u00f4ne, devenue candidate aux \u00e9lections municipales \u00e0 Lyon, s&rsquo;en prend directement \u00e0 ses trois coll\u00e8gues parlementaires lyonnais dans un tweet.<\/p>\n<p><a href=\"https:\/\/www.lyonmag.com\/profil-personnalite-lyonnaise\/740\/boris-tavernier\" target=\"_blank\" rel=\"noopener\">Boris Tavernier<\/a>, <a href=\"https:\/\/www.lyonmag.com\/profil-personnalite-lyonnaise\/708\/marie-charlotte-garin\" target=\"_blank\" rel=\"noopener\">Marie-Charlotte Garin<\/a> et <a href=\"https:\/\/www.lyonmag.com\/profil-personnalite-lyonnaise\/462\/sandrine-runel\" target=\"_blank\" rel=\"noopener\">Sandrine Runel<\/a>, \u00e9cologistes et socialiste \u00ab\u00a0engag\u00e9s avec Gr\u00e9gory Doucet\u00a0\u00bb, sont ainsi accus\u00e9s de \u00ab\u00a0l\u00e2cher le programme du NFP\u00a0\u00bb car ils ne se sont pas oppos\u00e9s \u00e0 la partie 1 du projet de loi S\u00e9cu de S\u00e9bastien Lecornu. \u00ab\u00a0Le gouvernement les remercie pour les 12 milliards pris aux pr\u00e9caires\u00a0\u00bb, conclut Ana\u00efs Belouassa-Cherifi.<\/p>\n<blockquote class=\"twitter-tweet\"><p>&#13;<\/p>\n<p dir=\"ltr\" lang=\"fr\">Alors qu&rsquo;\u00e0 Lyon des centres de sant\u00e9 ferment, mes coll\u00e8gues deput\u00e9\u00b7es engag\u00e9\u00b7es avec Gr\u00e9gory Doucet ne se sont pas oppos\u00e9\u00b7es \u00e0 la partie 1 du projet de loi S\u00e9cu de Lecornu. <\/p>\n<p>Ils l\u00e2chent le programme du NFP.<\/p>\n<p>Le gouvernement les remercie pour les 12 Md pris aux pr\u00e9caires.<\/p>\n<p>&#13;<br \/>\n\u2014 Ana\u00efs Belouassa Cherifi (@BelouassaAnais) <a href=\"https:\/\/twitter.com\/BelouassaAnais\/status\/1987249232492032075?ref_src=twsrc%5Etfw\" target=\"_blank\" rel=\"noopener\">November 8, 2025<\/a><\/p><\/blockquote>\n<p>ABC poursuit sa strat\u00e9gie afin d&rsquo;appara\u00eetre comme la candidate la plus sociale et de gauche. Lors de <a href=\"https:\/\/www.lyonmag.com\/article\/148058\/anais-belouassa-cherifi-lfi-lance-sa-campagne-je-veux-redonner-la-fierte-a-chacun-d-etre-lyonnais\" target=\"_blank\" rel=\"noopener\">son meeting de lancement de campagne<\/a> jeudi \u00e0 Lyon, elle avait surtout attaqu\u00e9 <a href=\"https:\/\/www.lyonmag.com\/profil-personnalite-lyonnaise\/8\/jean-michel-aulas\" target=\"_blank\" rel=\"noopener\">Jean-Michel Aulas<\/a> et le Parti socialiste. D\u00e9sormais, les \u00e9cologistes font partie du m\u00eame bateau. Et les d\u00e9put\u00e9s verts de Lyon deviennent des cibles pour atteindre <a href=\"https:\/\/www.lyonmag.com\/profil-personnalite-lyonnaise\/504\/gregory-doucet\" target=\"_blank\" rel=\"noopener\">Gr\u00e9gory Doucet<\/a>.<\/p>\n<p>Les retrouvailles lors des trajets communs en train entre Lyon et Paris vont \u00eatre sympathiques\u2026<\/p>\n<p>\t\t  <script async src=\"https:\/\/platform.twitter.com\/widgets.js\" charset=\"utf-8\"><\/script><\/p>\n","protected":false},"excerpt":{"rendered":"La lune de miel du NFP aura dur\u00e9 un an et demi \u00e0 Lyon. Et c&rsquo;est Ana\u00efs Belouassa-Cherifi&hellip;\n","protected":false},"author":2,"featured_media":522634,"comment_status":"","ping_status":"","sticky":false,"template":"","format":"standard","meta":{"footnotes":""},"categories":[1889],"tags":[1111,11,2813,2190,2430,1109,251,1112,2811,1777,674,118,1011,27,1922,1110,1114,2428,2810,12,241,316,25,2812,517,800],"class_list":{"0":"post-522633","1":"post","2":"type-post","3":"status-publish","4":"format-standard","5":"has-post-thumbnail","7":"category-lyon","8":"tag-actu","9":"tag-actualites","10":"tag-article","11":"tag-asvel","12":"tag-auvergne-rhone-alpes","13":"tag-breves","14":"tag-culture","15":"tag-depeches","16":"tag-economique","17":"tag-eu","18":"tag-europe","19":"tag-faits-divers","20":"tag-fr","21":"tag-france","22":"tag-info","23":"tag-informations","24":"tag-infos","25":"tag-lyon","26":"tag-lyonmag","27":"tag-news","28":"tag-ol","29":"tag-politique","30":"tag-republique-francaise","31":"tag-sociale","32":"tag-sport","33":"tag-transports"},"share_on_mastodon":{"url":"https:\/\/pubeurope.com\/@fr\/115519559110424689","error":""},"_links":{"self":[{"href":"https:\/\/www.europesays.com\/fr\/wp-json\/wp\/v2\/posts\/522633","targetHints":{"allow":["GET"]}}],"collection":[{"href":"https:\/\/www.europesays.com\/fr\/wp-json\/wp\/v2\/posts"}],"about":[{"href":"https:\/\/www.europesays.com\/fr\/wp-json\/wp\/v2\/types\/post"}],"author":[{"embeddable":true,"href":"https:\/\/www.europesays.com\/fr\/wp-json\/wp\/v2\/users\/2"}],"replies":[{"embeddable":true,"href":"https:\/\/www.europesays.com\/fr\/wp-json\/wp\/v2\/comments?post=522633"}],"version-history":[{"count":0,"href":"https:\/\/www.europesays.com\/fr\/wp-json\/wp\/v2\/posts\/522633\/revisions"}],"wp:featuredmedia":[{"embeddable":true,"href":"https:\/\/www.europesays.com\/fr\/wp-json\/wp\/v2\/media\/522634"}],"wp:attachment":[{"href":"https:\/\/www.europesays.com\/fr\/wp-json\/wp\/v2\/media?parent=522633"}],"wp:term":[{"taxonomy":"category","embeddable":true,"href":"https:\/\/www.europesays.com\/fr\/wp-json\/wp\/v2\/categories?post=522633"},{"taxonomy":"post_tag","embeddable":true,"href":"https:\/\/www.europesays.com\/fr\/wp-json\/wp\/v2\/tags?post=522633"}],"curies":[{"name":"wp","href":"https:\/\/api.w.org\/{rel}","templated":true}]}}