{"id":522635,"date":"2025-11-09T11:42:15","date_gmt":"2025-11-09T11:42:15","guid":{"rendered":"https:\/\/www.europesays.com\/fr\/522635\/"},"modified":"2025-11-09T11:42:15","modified_gmt":"2025-11-09T11:42:15","slug":"lyon-un-clip-de-rap-derape-en-incendie-dimmeuble-limites-franchies-ce-quil-sest-passe","status":"publish","type":"post","link":"https:\/\/www.europesays.com\/fr\/522635\/","title":{"rendered":"Lyon. Un clip de rap d\u00e9rape en incendie d&rsquo;immeuble, \u00ab\u00a0limites franchies\u00a0\u00bb : ce qu&rsquo;il s&rsquo;est pass\u00e9"},"content":{"rendered":"<p>            Par<br \/>\n        <strong><br \/>\n            <a href=\"https:\/\/actu.fr\/auteur\/nicolas-zaugra\" title=\"Consulter tous les articles de Nicolas Zaugra\" rel=\"nofollow noopener\" target=\"_blank\">Nicolas Zaugra<\/a><br \/>\n        <\/strong><\/p>\n<p>        Publi\u00e9 le<\/p>\n<p>            9 nov. 2025 \u00e0 12h16<br \/>\n        ; mis \u00e0 jour le 9 nov. 2025 \u00e0 12h17    <\/p>\n<p>Cinq appartements d\u2019un immeuble pr\u00e8s de <a href=\"https:\/\/actu.fr\/auvergne-rhone-alpes\/lyon_69123\" rel=\"nofollow noopener\" target=\"_blank\">Lyon<\/a> ont \u00e9t\u00e9 sinistr\u00e9s samedi 8 novembre dans un <a href=\"https:\/\/actu.fr\/auvergne-rhone-alpes\/rillieux-la-pape_69286\/pres-de-lyon-le-tournage-d-un-clip-de-rap-derape-un-immeuble-incendie-par-un-mortier_63414025.html\" rel=\"nofollow noopener\" target=\"_blank\">incendie, d\u00e9clench\u00e9 par un tir de mortier en marge du tournage ill\u00e9gal d\u2019un clip<\/a> et d<strong>\u2018affrontements avec la police<\/strong>, selon les pompiers et la pr\u00e9fecture du Rh\u00f4ne.<\/p>\n<p class=\" wall-content\">Environ 70 pompiers sont intervenus sur les lieux du sinistre avenue de l\u2019Europe \u00e0 <strong>Rillieux-la-Pape<\/strong>, selon les secours intervenus vers 15h20. Il n\u2019y a pas eu de victimes, selon les m\u00eames sources.<\/p>\n<p class=\" wall-content\">\n<p class=\" wall-content\">\n<p>Un clip de rap tourn\u00e9 ill\u00e9galement\u00a0<\/p>\n<p class=\" wall-content\">Plusieurs personnes v\u00eatues de combinaisons blanches et noires tournaient ill\u00e9galement samedi apr\u00e8s-midi un clip de rap dans la rue, avec des mortiers d\u2019artifice, a rapport\u00e9 la pr\u00e9fecture.<\/p>\n<p class=\" wall-content\">Selon les premiers \u00e9l\u00e9ments, \u00e0 la vue d\u2019un \u00e9quipage de police stationn\u00e9 \u00e0 proximit\u00e9, ils ont pris celui-ci pour cible et l\u2019un des mortiers tir\u00e9s a atterri sur le balcon d\u2019un immeuble \u00e0 proximit\u00e9, d\u00e9clenchant un incendie.\u00a0<\/p>\n<p>Les pompiers cibl\u00e9s par des projectiles<\/p>\n<p class=\" wall-content\">Les pompiers en intervention ont ensuite \u00e9galement \u00e9t\u00e9 la cible de projectiles, \u00ab\u00a0tout comme les forces de l\u2019ordre qui mettaient en place un p\u00e9rim\u00e8tre de s\u00e9curit\u00e9\u00a0\u00bb, explique la pr\u00e9fecture sur le r\u00e9seau social X.<\/p>\n<p class=\" wall-content\">Une enqu\u00eate a \u00e9t\u00e9 ouverte par le parquet de Lyon.<\/p>\n<p class=\" wall-content\">La pr\u00e9sence polici\u00e8re a \u00e9t\u00e9 renforc\u00e9e pour la nuit, en compl\u00e9ment de CRS d\u00e9j\u00e0 pr\u00e9sents \u00ab\u00a0depuis le d\u00e9but de la semaine\u00a0\u00bb dans la ville.<\/p>\n<p>    <img   decoding=\"async\" loading=\"lazy\" src=\"https:\/\/www.europesays.com\/fr\/wp-content\/uploads\/2025\/11\/8215167a-9631-4d43-9f50-785abe0074dd-960x640.jpeg\" alt=\"Une fa\u00e7ade d\u2019immeuble d\u2019habitation a \u00e9t\u00e9 incendi\u00e9e apr\u00e8s un tir de mortier. \" width=\"960\" height=\"640\"\/><br \/>\n    Une fa\u00e7ade d\u2019immeuble d\u2019habitation a \u00e9t\u00e9 incendi\u00e9e apr\u00e8s un tir de mortier. (\u00a9DR\/ actu Lyon )<\/p>\n<p>Votre r\u00e9gion, votre actu !<\/p>\n<p>Recevez chaque jour les infos qui comptent pour vous.<\/p>\n<p>\t<a href=\"https:\/\/actu.fr\/newsletter\" class=\"ac-btn ac-btn--corner ac-btn--medium ac-btn--blue800\" rel=\"nofollow noopener\" target=\"_blank\">S&rsquo;incrire<\/a><br \/>\nCinq appartements d\u00e9truits, des habitants \u00ab\u00a0mis en danger\u00a0\u00bb<\/p>\n<p class=\" wall-content\">Une quarantaine d\u2019habitants \u00ab\u00a0a \u00e9t\u00e9 rapidement \u00e9vacu\u00e9e et accueillie dans un gymnase en attendant leur relogement ou la r\u00e9int\u00e9gration de leur logement\u00a0\u00bb dans cet immeuble de cinq \u00e9tages, toujours selon la pr\u00e9fecture.<\/p>\n<p class=\" wall-content\">La pr\u00e9f\u00e8te Fabienne Buccio, qui s\u2019est rendue au gymnase avec le maire (Horizons) de la ville Alexandre Vincendet, a d\u00e9nonc\u00e9 \u00ab\u00a0avec les mots les plus forts ces actes criminels (\u2026) qui ont mis en danger la vie des habitants de Rillieux-la-Pape\u00a0\u00bb.\u00a0<\/p>\n<p class=\" wall-content\">\u00ab\u00a0Toutes les limites ont \u00e9t\u00e9 franchies, il y aurait pu y avoir des morts\u00a0\u00bb, a estim\u00e9 Alexandre Vincendet ce dimanche sur BFMTV.<\/p>\n<p class=\" wall-content\">\n<p class=\" wall-content\">Elle a \u00e9galement apport\u00e9 \u00ab\u00a0son soutien aux policiers nationaux et sapeurs-pompiers entrav\u00e9s dans leurs actions de secours et de protection de nos concitoyens\u00a0\u00bb.<\/p>\n<p class=\" wall-content\"><strong>Avec AFP<\/strong><\/p>\n<p class=\" wall-content\">Personnalisez votre actualit\u00e9 en ajoutant vos villes et m\u00e9dias en favori avec <a href=\"https:\/\/moncompte.actu.fr\" title=\"D\u00e9couvez Mon Actu\" rel=\"nofollow noopener\" data-trk=\"{&quot;cta&quot;:{&quot;action&quot;:&quot;https:\\\/\\\/moncompte.actu.fr&quot;,&quot;category&quot;:&quot;mon compte&quot;,&quot;from&quot;:&quot;article footer&quot;,&quot;name&quot;:&quot;Mon actu&quot;,&quot;type&quot;:&quot;cta&quot;}}\" target=\"_blank\">Mon Actu<\/a>.<\/p>\n","protected":false},"excerpt":{"rendered":"Par Nicolas Zaugra Publi\u00e9 le 9 nov. 2025 \u00e0 12h16 ; mis \u00e0 jour le 9 nov. 2025&hellip;\n","protected":false},"author":2,"featured_media":522636,"comment_status":"","ping_status":"","sticky":false,"template":"","format":"standard","meta":{"footnotes":""},"categories":[1889],"tags":[1111,11,2430,1777,674,1011,27,2428,12,1072,25,104,7501],"class_list":{"0":"post-522635","1":"post","2":"type-post","3":"status-publish","4":"format-standard","5":"has-post-thumbnail","7":"category-lyon","8":"tag-actu","9":"tag-actualites","10":"tag-auvergne-rhone-alpes","11":"tag-eu","12":"tag-europe","13":"tag-fr","14":"tag-france","15":"tag-lyon","16":"tag-news","17":"tag-police","18":"tag-republique-francaise","19":"tag-societe","20":"tag-violences-urbaines"},"share_on_mastodon":{"url":"https:\/\/pubeurope.com\/@fr\/115519563599698152","error":""},"_links":{"self":[{"href":"https:\/\/www.europesays.com\/fr\/wp-json\/wp\/v2\/posts\/522635","targetHints":{"allow":["GET"]}}],"collection":[{"href":"https:\/\/www.europesays.com\/fr\/wp-json\/wp\/v2\/posts"}],"about":[{"href":"https:\/\/www.europesays.com\/fr\/wp-json\/wp\/v2\/types\/post"}],"author":[{"embeddable":true,"href":"https:\/\/www.europesays.com\/fr\/wp-json\/wp\/v2\/users\/2"}],"replies":[{"embeddable":true,"href":"https:\/\/www.europesays.com\/fr\/wp-json\/wp\/v2\/comments?post=522635"}],"version-history":[{"count":0,"href":"https:\/\/www.europesays.com\/fr\/wp-json\/wp\/v2\/posts\/522635\/revisions"}],"wp:featuredmedia":[{"embeddable":true,"href":"https:\/\/www.europesays.com\/fr\/wp-json\/wp\/v2\/media\/522636"}],"wp:attachment":[{"href":"https:\/\/www.europesays.com\/fr\/wp-json\/wp\/v2\/media?parent=522635"}],"wp:term":[{"taxonomy":"category","embeddable":true,"href":"https:\/\/www.europesays.com\/fr\/wp-json\/wp\/v2\/categories?post=522635"},{"taxonomy":"post_tag","embeddable":true,"href":"https:\/\/www.europesays.com\/fr\/wp-json\/wp\/v2\/tags?post=522635"}],"curies":[{"name":"wp","href":"https:\/\/api.w.org\/{rel}","templated":true}]}}