{"id":522645,"date":"2025-11-09T11:48:18","date_gmt":"2025-11-09T11:48:18","guid":{"rendered":"https:\/\/www.europesays.com\/fr\/522645\/"},"modified":"2025-11-09T11:48:18","modified_gmt":"2025-11-09T11:48:18","slug":"une-nouvelle-rixe-eclate-a-la-sortie-des-gardes-a-vue-des-suspects","status":"publish","type":"post","link":"https:\/\/www.europesays.com\/fr\/522645\/","title":{"rendered":"une nouvelle rixe \u00e9clate \u00e0 la sortie des gardes \u00e0 vue des suspects"},"content":{"rendered":"<p>\n    <strong>INFO LE FIGARO &#8211;<\/strong> Des militants pro-palestiniens venus soutenir les suspects devant le commissariat se sont retrouv\u00e9s face \u00e0 un groupe pro-isra\u00e9lien. Une rixe a \u00e9clat\u00e9. Quatre nouvelles personnes ont \u00e9t\u00e9 interpell\u00e9es.<\/p>\n<p class=\"fig-paragraph\">Apr\u00e8s\u00a0<a href=\"http:\/\/www.lefigaro.fr\/culture\/est-ce-que-les-juifs-vont-etre-interdits-de-scene-un-jour-en-france-20251107\" target=\"_blank\" data-fig-type=\"Article\" rel=\"noopener\" data-gtm-custom-categorie=\"navigation\" data-gtm-custom-action=\"crossclick\" data-gtm-custom-label=\"Contextuel\" data-gtm-event=\"customEventSPE\" data-fig-domain=\"LEFIGARO\">les perturbations lors du concert donn\u00e9 par un orchestre isra\u00e9lien<\/a>\u00a0\u00e0 la Philharmonie de Paris, les heurts se poursuivent. Jeudi soir,\u00a0<a href=\"http:\/\/www.lefigaro.fr\/faits-divers\/concert-perturbe-a-la-philharmonie-de-paris-quatre-personnes-en-garde-a-vue-20251107\" target=\"_blank\" data-fig-type=\"NewsFlash\" rel=\"noopener\" data-gtm-custom-categorie=\"navigation\" data-gtm-custom-action=\"crossclick\" data-gtm-custom-label=\"Contextuel\" data-gtm-event=\"customEventSPE\" data-fig-domain=\"LEFIGARO\">quatre personnes suspect\u00e9es de faire partie des agitateurs<\/a>\u00a0pro-palestiniens ayant brandi des fumig\u00e8nes, entra\u00een\u00e9 des mouvements de foule et prof\u00e9r\u00e9 des insultes ont \u00e9t\u00e9 plac\u00e9es en garde \u00e0 vue dans le commissariat du 19e arrondissement de Paris. Les chefs retenus contre trois d\u2019entre eux sont la \u00abparticipation \u00e0 un groupement en vue de commettre des violences ou d\u00e9gradations\u00bb. Il est reproch\u00e9 au dernier d\u2019avoir \u00aborganis\u00e9 une manifestation non d\u00e9clar\u00e9e\u00bb.<\/p>\n<p class=\"fig-paragraph\">Samedi en fin de journ\u00e9e, ils devaient \u00eatre pr\u00e9sent\u00e9s \u00e0 un juge du tribunal judiciaire de Paris, porte de Clichy, afin de d\u00e9cider des suites p\u00e9nales. Mais des soutiens pro-palestiniens se sont rassembl\u00e9s devant le commissariat vers 19h00 et se sont retrouv\u00e9s, quelques minutes plus tard, face \u00e0 un groupe pro-isra\u00e9lien. Une rixe a alors \u00e9clat\u00e9 entre les deux camps, a appris Le Figaro de source polici\u00e8re\u2026<\/p>\n<p class=\"fig-premium-paywall__infos\">\n        Cet article est r\u00e9serv\u00e9 aux abonn\u00e9s.        Il vous reste 61% \u00e0 d\u00e9couvrir.\n    <\/p>\n<p>                <img  data- alt=\"Le Figaro\" class=\"fig-img--complete fig-img\"\/><\/p>\n<p class=\"fig-premium-paywall__title\">Vous avez envie de lire la suite ?<\/p>\n<p class=\"fig-premium-paywall__subtitle\">D\u00e9bloquez tous les articles imm\u00e9diatement.<\/p>\n<p class=\"fig-premium-paywall__connect\">\n                D\u00e9j\u00e0 abonn\u00e9\u00a0?                <a class=\"fig-premium-paywall__connect-link\" href=\"https:\/\/connect.lefigaro.fr\/login?client=horizon_web&amp;type=main&amp;redirect_uri=https%3A%2F%2Fwww.lefigaro.fr%2Ffaits-divers%2Fconcert-perturbe-a-la-philharmonie-de-paris-une-nouvelle-rixe-eclate-a-la-sortie-des-gardes-a-vue-des-suspects-20251109\" data-js-gtm=\"{&quot;customCategorie&quot;: &quot;conversion&quot;, &quot;customAction&quot;: &quot;before_Landing_Connexion_paywall_auto&quot;, &quot;customLabel&quot;: &quot;bGVmaWdhcm8uZnJfXzFmMGJkNTNmLWFiYjctNmM5Mi05NDUzLWNmZThmMTdjZTcxOV9fTmV3c0ZsYXNo_Concert perturb\u00e9 \u00e0 la Philharmonie de Paris\u00a0: une nouvelle rixe \u00e9clate \u00e0 la sortie des gardes \u00e0 vue des suspects_404&quot;, &quot;customIDSPE&quot;: &quot;bGVmaWdhcm8uZnJfXzFmMGJkNTNmLWFiYjctNmM5Mi05NDUzLWNmZThmMTdjZTcxOV9fTmV3c0ZsYXNo&quot;, &quot;event&quot;: &quot;customEventSPE&quot;}\" target=\"_blank\" rel=\"noopener\"><br \/>\n                    Connectez-vous<br \/>\n                <\/a>\n            <\/p>\n","protected":false},"excerpt":{"rendered":"INFO LE FIGARO &#8211; Des militants pro-palestiniens venus soutenir les suspects devant le commissariat se sont retrouv\u00e9s face&hellip;\n","protected":false},"author":2,"featured_media":522646,"comment_status":"","ping_status":"","sticky":false,"template":"","format":"standard","meta":{"footnotes":""},"categories":[1888],"tags":[11,1777,674,1011,27,664,12,3518,626,25],"class_list":{"0":"post-522645","1":"post","2":"type-post","3":"status-publish","4":"format-standard","5":"has-post-thumbnail","7":"category-paris","8":"tag-actualites","9":"tag-eu","10":"tag-europe","11":"tag-fr","12":"tag-france","13":"tag-israel","14":"tag-news","15":"tag-palestine","16":"tag-paris","17":"tag-republique-francaise"},"share_on_mastodon":{"url":"https:\/\/pubeurope.com\/@fr\/115519586709357613","error":""},"_links":{"self":[{"href":"https:\/\/www.europesays.com\/fr\/wp-json\/wp\/v2\/posts\/522645","targetHints":{"allow":["GET"]}}],"collection":[{"href":"https:\/\/www.europesays.com\/fr\/wp-json\/wp\/v2\/posts"}],"about":[{"href":"https:\/\/www.europesays.com\/fr\/wp-json\/wp\/v2\/types\/post"}],"author":[{"embeddable":true,"href":"https:\/\/www.europesays.com\/fr\/wp-json\/wp\/v2\/users\/2"}],"replies":[{"embeddable":true,"href":"https:\/\/www.europesays.com\/fr\/wp-json\/wp\/v2\/comments?post=522645"}],"version-history":[{"count":0,"href":"https:\/\/www.europesays.com\/fr\/wp-json\/wp\/v2\/posts\/522645\/revisions"}],"wp:featuredmedia":[{"embeddable":true,"href":"https:\/\/www.europesays.com\/fr\/wp-json\/wp\/v2\/media\/522646"}],"wp:attachment":[{"href":"https:\/\/www.europesays.com\/fr\/wp-json\/wp\/v2\/media?parent=522645"}],"wp:term":[{"taxonomy":"category","embeddable":true,"href":"https:\/\/www.europesays.com\/fr\/wp-json\/wp\/v2\/categories?post=522645"},{"taxonomy":"post_tag","embeddable":true,"href":"https:\/\/www.europesays.com\/fr\/wp-json\/wp\/v2\/tags?post=522645"}],"curies":[{"name":"wp","href":"https:\/\/api.w.org\/{rel}","templated":true}]}}