{"id":522655,"date":"2025-11-09T11:53:18","date_gmt":"2025-11-09T11:53:18","guid":{"rendered":"https:\/\/www.europesays.com\/fr\/522655\/"},"modified":"2025-11-09T11:53:18","modified_gmt":"2025-11-09T11:53:18","slug":"allemagne-des-croix-gammees-tracees-au-sang-sur-des-voitures-et-batiments-de-la-ville-dhanau","status":"publish","type":"post","link":"https:\/\/www.europesays.com\/fr\/522655\/","title":{"rendered":"Allemagne : Des Croix Gamm\u00e9es Trac\u00e9es Au Sang Sur Des Voitures Et B\u00e2timents De La Ville D&rsquo;Hanau"},"content":{"rendered":"<p class=\"\" data-is=\"component-paragraph\">Un homme de 31 ans a \u00e9t\u00e9 arr\u00eat\u00e9 jeudi dans la ville allemande de Hanau, apr\u00e8s avoir peint des croix gamm\u00e9es avec son propre sang sur des dizaines de voitures, bo\u00eetes aux lettres et b\u00e2timents.<\/p>\n<p class=\"\" data-is=\"component-paragraph\">Selon le porte-parole de la police, les faits ont commenc\u00e9 dans la nuit de mercredi \u00e0 jeudi, lorsqu\u2019un signalement a \u00e9t\u00e9 fait \u00e0 propos d\u2019une croix gamm\u00e9e rouge sur le capot d\u2019un v\u00e9hicule. Une recherche plus large a r\u00e9v\u00e9l\u00e9 des inscriptions similaires sur environ 50 v\u00e9hicules dans la zone. Des analyses m\u00e9dico-l\u00e9gales ont ensuite confirm\u00e9 que la substance utilis\u00e9e \u00e9tait du sang humain.<\/p>\n<p class=\"\" data-is=\"component-paragraph\">La police a retrouv\u00e9 le suspect, un citoyen roumain r\u00e9sidant \u00e0 Hanau, dans son appartement gr\u00e2ce aux t\u00e9moignages de t\u00e9moins et aux images de vid\u00e9osurveillance. L\u2019homme semblait intoxiqu\u00e9 et pr\u00e9sentait des blessures auto-inflig\u00e9es. \u00ab Ses motivations semblent tr\u00e8s personnelles et probablement li\u00e9es au travail : il a tout simplement craqu\u00e9 \u00bb, a expliqu\u00e9 le porte-parole.<\/p>\n<p><img alt=\"Video poster\" class=\"video-poster\" data-is=\"lazy-image\" data-observed-item-id=\"https:\/\/api.i24news.tv\/fr\/brightcove\/6376625048112\/poster\"\/>Un b\u00e9b\u00e9 pr\u00e9nomm\u00e9 \u00ab\u00a0Yahya Sinwar\u00a0\u00bb en Allemagne<\/p>\n<p class=\"\" data-is=\"component-paragraph\">Les autorit\u00e9s ont ordonn\u00e9 une \u00e9valuation psychiatrique du suspect. Aucun autre d\u00e9tail n\u2019a \u00e9t\u00e9 rendu public, conform\u00e9ment aux lois allemandes sur la protection de la vie priv\u00e9e.<\/p>\n<p class=\"\" data-is=\"component-paragraph\">Klaus Kaminsky, maire de Hanau, a vivement condamn\u00e9 l\u2019incident, rappelant le douloureux pass\u00e9 de la ville. \u00ab Dans un lieu profond\u00e9ment marqu\u00e9 par l\u2019attaque raciste du 19 f\u00e9vrier 2020, un tel acte est profond\u00e9ment inqui\u00e9tant \u00bb, a-t-il d\u00e9clar\u00e9, faisant r\u00e9f\u00e9rence \u00e0 un attentat contre des immigr\u00e9s qui avait fait neuf morts. \u00ab Ce qui s\u2019est pass\u00e9 ici d\u00e9passe toutes les limites de la d\u00e9cence et de l\u2019humanit\u00e9. Les croix gamm\u00e9es n\u2019ont pas leur place dans notre ville. Nous n\u2019autoriserons pas ces symboles \u00e0 semer la peur ou la division. \u00bb<\/p>\n","protected":false},"excerpt":{"rendered":"Un homme de 31 ans a \u00e9t\u00e9 arr\u00eat\u00e9 jeudi dans la ville allemande de Hanau, apr\u00e8s avoir peint&hellip;\n","protected":false},"author":2,"featured_media":522656,"comment_status":"","ping_status":"","sticky":false,"template":"","format":"standard","meta":{"footnotes":""},"categories":[1587],"tags":[11,672,1804,1805,1803,1777,674,1801,12,1802],"class_list":{"0":"post-522655","1":"post","2":"type-post","3":"status-publish","4":"format-standard","5":"has-post-thumbnail","7":"category-allemagne","8":"tag-actualites","9":"tag-allemagne","10":"tag-bundesrepublik-deutschland","11":"tag-de","12":"tag-deutschland","13":"tag-eu","14":"tag-europe","15":"tag-germany","16":"tag-news","17":"tag-republique-federale-dallemagne"},"share_on_mastodon":{"url":"https:\/\/pubeurope.com\/@fr\/115519606605482500","error":""},"_links":{"self":[{"href":"https:\/\/www.europesays.com\/fr\/wp-json\/wp\/v2\/posts\/522655","targetHints":{"allow":["GET"]}}],"collection":[{"href":"https:\/\/www.europesays.com\/fr\/wp-json\/wp\/v2\/posts"}],"about":[{"href":"https:\/\/www.europesays.com\/fr\/wp-json\/wp\/v2\/types\/post"}],"author":[{"embeddable":true,"href":"https:\/\/www.europesays.com\/fr\/wp-json\/wp\/v2\/users\/2"}],"replies":[{"embeddable":true,"href":"https:\/\/www.europesays.com\/fr\/wp-json\/wp\/v2\/comments?post=522655"}],"version-history":[{"count":0,"href":"https:\/\/www.europesays.com\/fr\/wp-json\/wp\/v2\/posts\/522655\/revisions"}],"wp:featuredmedia":[{"embeddable":true,"href":"https:\/\/www.europesays.com\/fr\/wp-json\/wp\/v2\/media\/522656"}],"wp:attachment":[{"href":"https:\/\/www.europesays.com\/fr\/wp-json\/wp\/v2\/media?parent=522655"}],"wp:term":[{"taxonomy":"category","embeddable":true,"href":"https:\/\/www.europesays.com\/fr\/wp-json\/wp\/v2\/categories?post=522655"},{"taxonomy":"post_tag","embeddable":true,"href":"https:\/\/www.europesays.com\/fr\/wp-json\/wp\/v2\/tags?post=522655"}],"curies":[{"name":"wp","href":"https:\/\/api.w.org\/{rel}","templated":true}]}}