{"id":522701,"date":"2025-11-09T12:22:13","date_gmt":"2025-11-09T12:22:13","guid":{"rendered":"https:\/\/www.europesays.com\/fr\/522701\/"},"modified":"2025-11-09T12:22:13","modified_gmt":"2025-11-09T12:22:13","slug":"loire-echangeurs-acoustique-affaissement-plusieurs-chantiers-vont-perturber-la-circulation-cette-semaine","status":"publish","type":"post","link":"https:\/\/www.europesays.com\/fr\/522701\/","title":{"rendered":"Loire. \u00c9changeurs, acoustique, affaissement&#8230; Plusieurs chantiers vont perturber la circulation cette semaine"},"content":{"rendered":"<p>Sur la RN88<\/p>\n<p>\u00c0 Saint-Chamond (la Varizelle)<\/p>\n<p><a href=\"https:\/\/www.leprogres.fr\/economie\/2025\/10\/07\/echangeur-de-la-varizelle-ou-en-est-ce-chantier-d-envergure\" target=\"_blank\" rel=\"nofollow noopener\">Les travaux d&rsquo;am\u00e9nagement de l&rsquo;\u00e9changeur<\/a> se poursuivent. Dans le sens Saint-\u00c9tienne\/Lyon, la voie de droite est neutralis\u00e9e de mani\u00e8re permanente jusqu\u2019au vendredi 14 novembre.<\/p>\n<p>De plus, la circulation s\u2019effectuera sur la voie de gauche uniquement, la nuit du jeudi<br \/>13 novembre de 21 heures \u00e0 6 heures.<\/p>\n<p>Dans le sens Lyon\/Saint-Etienne, la voie de gauche sera neutralis\u00e9e la journ\u00e9e du vendredi 14 novembre de 9 \u00e0 16 heures.<\/p>\n<p>\u00c0 La Ricamarie<\/p>\n<p>En raison d&rsquo;am\u00e9nagements acoustiques dans le sens Le Puy\/Saint-\u00c9tienne, la bretelle de sortie n\u00b028 \u00ab La Ricamarie \u00bb est ferm\u00e9e \u00e0 la circulation de mani\u00e8re permanente jusqu\u2019au 19 d\u00e9cembre.<\/p>\n<p>Dans le sens Saint-\u00c9tienne\/Le Puy, la circulation s\u2019effectue sur des voies de largeur r\u00e9duite, de mani\u00e8re permanente jusqu\u2019au 26 novembre. La vitesse est limit\u00e9e \u00e0 70 km\/h avec interdiction de d\u00e9passement pour les v\u00e9hicules de plus de 3,5 tonnes.<\/p>\n<p>\u00c0 Saint-Etienne Montplaisir<\/p>\n<p>Des relev\u00e9s topographiques vont \u00eatre effectu\u00e9s dans les deux sens de circulation. Les voies de droite ou de gauche seront neutralis\u00e9es alternativement, la journ\u00e9e du mercredi 12 novembre, de 9 \u00e0 16 heures.<\/p>\n<p>\u00c0 Firminy<\/p>\n<p>En raison de l&rsquo;entretien de la tranch\u00e9e couverte, la RN88 sera ferm\u00e9e \u00e0 la circulation les nuits du mercredi 12 et du jeudi 13 novembre de 20\u00a0h\u00a030 \u00e0 5\u00a0h\u00a030, dans le sens Saint-Etienne\/Le Puy, entre les \u00e9changeurs n\u00b031 (Firminy Fayol) et n\u00b034 (Firminy Chazeau).<\/p>\n<p>Elle sera \u00e9galement ferm\u00e9e dans le sens Le Puy\/Saint-Etienne entre les \u00e9changeurs et n\u00b033 (Firminy centre &#8211; Fraisses) et n\u00b031 (Firminy Fayol). Une d\u00e9viation locale sera mise en place.<\/p>\n<p>Sur la RN488<\/p>\n<p>\u00c0 Saint-\u00c9tienne<\/p>\n<p>Les travaux se poursuivent <a href=\"https:\/\/www.leprogres.fr\/transport\/2025\/09\/06\/entree-de-saint-etienne-pas-de-bouchons-excessifs-apres-l-affaissement-de-la-rn488\" target=\"_blank\" rel=\"nofollow noopener\">apr\u00e8s l&rsquo;affaissement de chauss\u00e9e<\/a> au niveau de Terrenoire, dans le sens Saint-Chamond\/Saint-\u00c9tienne. La voie de droite y est neutralis\u00e9e de mani\u00e8re permanente. Par ailleurs, la vitesse est r\u00e9duite \u00e0 50 km\/h.<\/p>\n<p>Sur l&rsquo;A47<\/p>\n<p>\u00c0 Lorette<\/p>\n<p>En raison de travaux sur ouvrage dans le sens Saint-Etienne\/Lyon, la voie de droite sera neutralis\u00e9e les journ\u00e9es du mercredi 12 et du jeudi 13 novembre de 9 \u00e0 16 heures.<\/p>\n<p>Sur l&rsquo;A72<\/p>\n<p>\u00c0 Andr\u00e9zieux-Bouth\u00e9on<\/p>\n<p>Des travaux vont \u00eatre r\u00e9alis\u00e9s sur l&rsquo;\u00e9changeur n\u00b09. Dans le sens Saint-\u00c9tienne\/Andr\u00e9zieux, les bretelles de sortie 9b \u00ab Saint-Just-Saint-Rambert \u00bb et 9a \u00ab Saint-Galmier \u00bb seront ferm\u00e9es \u00e0 la circulation de mani\u00e8re alternative, la nuit du mercredi 12 novembre de 21 heures \u00e0 6 heures.<\/p>\n<p class=\"note\">Pour plus d\u2019informations sur les conditions de circulation sur le r\u00e9seau de la DIR Centre-Est\u00a0: <a href=\"http:\/\/www.dir-centre-est.fr\" rel=\"nofollow noopener\" target=\"_blank\">www.dir-centre-est.fr<\/a><\/p>\n","protected":false},"excerpt":{"rendered":"Sur la RN88 \u00c0 Saint-Chamond (la Varizelle) Les travaux d&rsquo;am\u00e9nagement de l&rsquo;\u00e9changeur se poursuivent. Dans le sens Saint-\u00c9tienne\/Lyon,&hellip;\n","protected":false},"author":2,"featured_media":522702,"comment_status":"","ping_status":"","sticky":false,"template":"","format":"standard","meta":{"footnotes":""},"categories":[9653],"tags":[1111,11,2430,3542,7539,1777,674,1011,27,3367,12,25,9669,4001,2803,2086],"class_list":{"0":"post-522701","1":"post","2":"type-post","3":"status-publish","4":"format-standard","5":"has-post-thumbnail","7":"category-saint-etienne","8":"tag-actu","9":"tag-actualites","10":"tag-auvergne-rhone-alpes","11":"tag-circulation","12":"tag-edition-loire-sud","13":"tag-eu","14":"tag-europe","15":"tag-fr","16":"tag-france","17":"tag-loire","18":"tag-news","19":"tag-republique-francaise","20":"tag-saint-chamond","21":"tag-saint-etienne","22":"tag-transport","23":"tag-travaux"},"share_on_mastodon":{"url":"https:\/\/pubeurope.com\/@fr\/115519720441975986","error":""},"_links":{"self":[{"href":"https:\/\/www.europesays.com\/fr\/wp-json\/wp\/v2\/posts\/522701","targetHints":{"allow":["GET"]}}],"collection":[{"href":"https:\/\/www.europesays.com\/fr\/wp-json\/wp\/v2\/posts"}],"about":[{"href":"https:\/\/www.europesays.com\/fr\/wp-json\/wp\/v2\/types\/post"}],"author":[{"embeddable":true,"href":"https:\/\/www.europesays.com\/fr\/wp-json\/wp\/v2\/users\/2"}],"replies":[{"embeddable":true,"href":"https:\/\/www.europesays.com\/fr\/wp-json\/wp\/v2\/comments?post=522701"}],"version-history":[{"count":0,"href":"https:\/\/www.europesays.com\/fr\/wp-json\/wp\/v2\/posts\/522701\/revisions"}],"wp:featuredmedia":[{"embeddable":true,"href":"https:\/\/www.europesays.com\/fr\/wp-json\/wp\/v2\/media\/522702"}],"wp:attachment":[{"href":"https:\/\/www.europesays.com\/fr\/wp-json\/wp\/v2\/media?parent=522701"}],"wp:term":[{"taxonomy":"category","embeddable":true,"href":"https:\/\/www.europesays.com\/fr\/wp-json\/wp\/v2\/categories?post=522701"},{"taxonomy":"post_tag","embeddable":true,"href":"https:\/\/www.europesays.com\/fr\/wp-json\/wp\/v2\/tags?post=522701"}],"curies":[{"name":"wp","href":"https:\/\/api.w.org\/{rel}","templated":true}]}}