{"id":522714,"date":"2025-11-09T12:29:14","date_gmt":"2025-11-09T12:29:14","guid":{"rendered":"https:\/\/www.europesays.com\/fr\/522714\/"},"modified":"2025-11-09T12:29:14","modified_gmt":"2025-11-09T12:29:14","slug":"son-matelas-prend-feu-lappartement-dun-etudiant-montpellierain-detruit-par-les-flammes-et-les-fumees","status":"publish","type":"post","link":"https:\/\/www.europesays.com\/fr\/522714\/","title":{"rendered":"Son matelas prend feu\u00a0: l\u2019appartement d\u2019un \u00e9tudiant montpelli\u00e9rain d\u00e9truit par les flammes et les fum\u00e9es"},"content":{"rendered":"<p>\n                                                                Les pompiers de l\u2019H\u00e9rault ont d\u00fb intervenir sur le Campus Rimbaud, avenue de Lod\u00e8ve \u00e0 Montpellier, apr\u00e8s un d\u00e9part de feu dans un logement \u00e9tudiant.\n                            <\/p>\n<p>Les sapeurs-pompiers de l\u2019H\u00e9rault sont intervenus, ce dimanche 9\u00a0novembre, pour \u00e9teindre un appartement en feu dans une r\u00e9sidence \u00e9tudiante de Montpellier. C\u2019est d\u2019un matelas que seraient parties les flammes, dans un logement situ\u00e9 au 210 avenue de Lod\u00e8ve, au sein du Campus Rimbaud.<\/p>\n<p>Le locataire relog\u00e9, mais indemne<\/p>\n<p>L\u2019intervention des pompiers a permis de stopper la propagation du sinistre et de pr\u00e9server le reste des logements de ce b\u00e2timent de trois \u00e9tages. L\u2019appartement, situ\u00e9 au second, a \u00e9t\u00e9 enti\u00e8rement d\u00e9truit par le feu et les fum\u00e9es, mais aucune victime n\u2019est \u00e0 d\u00e9plorer. Le locataire sera relog\u00e9 par le syndic\u00a0de copropri\u00e9t\u00e9.<\/p>\n","protected":false},"excerpt":{"rendered":"Les pompiers de l\u2019H\u00e9rault ont d\u00fb intervenir sur le Campus Rimbaud, avenue de Lod\u00e8ve \u00e0 Montpellier, apr\u00e8s un&hellip;\n","protected":false},"author":2,"featured_media":522715,"comment_status":"","ping_status":"","sticky":false,"template":"","format":"standard","meta":{"footnotes":""},"categories":[9599],"tags":[1111,11,1777,674,1011,27,2208,12,2680,25],"class_list":{"0":"post-522714","1":"post","2":"type-post","3":"status-publish","4":"format-standard","5":"has-post-thumbnail","7":"category-montpellier","8":"tag-actu","9":"tag-actualites","10":"tag-eu","11":"tag-europe","12":"tag-fr","13":"tag-france","14":"tag-montpellier","15":"tag-news","16":"tag-occitanie","17":"tag-republique-francaise"},"share_on_mastodon":{"url":"https:\/\/pubeurope.com\/@fr\/115519747791483139","error":""},"_links":{"self":[{"href":"https:\/\/www.europesays.com\/fr\/wp-json\/wp\/v2\/posts\/522714","targetHints":{"allow":["GET"]}}],"collection":[{"href":"https:\/\/www.europesays.com\/fr\/wp-json\/wp\/v2\/posts"}],"about":[{"href":"https:\/\/www.europesays.com\/fr\/wp-json\/wp\/v2\/types\/post"}],"author":[{"embeddable":true,"href":"https:\/\/www.europesays.com\/fr\/wp-json\/wp\/v2\/users\/2"}],"replies":[{"embeddable":true,"href":"https:\/\/www.europesays.com\/fr\/wp-json\/wp\/v2\/comments?post=522714"}],"version-history":[{"count":0,"href":"https:\/\/www.europesays.com\/fr\/wp-json\/wp\/v2\/posts\/522714\/revisions"}],"wp:featuredmedia":[{"embeddable":true,"href":"https:\/\/www.europesays.com\/fr\/wp-json\/wp\/v2\/media\/522715"}],"wp:attachment":[{"href":"https:\/\/www.europesays.com\/fr\/wp-json\/wp\/v2\/media?parent=522714"}],"wp:term":[{"taxonomy":"category","embeddable":true,"href":"https:\/\/www.europesays.com\/fr\/wp-json\/wp\/v2\/categories?post=522714"},{"taxonomy":"post_tag","embeddable":true,"href":"https:\/\/www.europesays.com\/fr\/wp-json\/wp\/v2\/tags?post=522714"}],"curies":[{"name":"wp","href":"https:\/\/api.w.org\/{rel}","templated":true}]}}