{"id":522718,"date":"2025-11-09T12:33:13","date_gmt":"2025-11-09T12:33:13","guid":{"rendered":"https:\/\/www.europesays.com\/fr\/522718\/"},"modified":"2025-11-09T12:33:13","modified_gmt":"2025-11-09T12:33:13","slug":"un-trophee-qui-ira-jusquen-angleterre-avec-un-velo-tres-special","status":"publish","type":"post","link":"https:\/\/www.europesays.com\/fr\/522718\/","title":{"rendered":"un troph\u00e9e qui ira jusqu&rsquo;en Angleterre avec un v\u00e9lo tr\u00e8s sp\u00e9cial"},"content":{"rendered":"<p>            Par<br \/>\n        <strong><br \/>\n            <a href=\"https:\/\/actu.fr\/auteur\/fmass\" title=\"Consulter tous les articles de Fabien Massin\" target=\"_blank\" rel=\"noopener\">Fabien Massin<\/a><br \/>\n        <\/strong><\/p>\n<p>        Publi\u00e9 le<\/p>\n<p>            9 nov. 2025 \u00e0 13h14        <\/p>\n<p>L\u2019agglo de <a href=\"https:\/\/actu.fr\/normandie\/rouen_76540\" target=\"_blank\" rel=\"noopener\">Rouen (Seine-Maritime)<\/a> s\u2019appr\u00eate \u00e0 accueillir un nouvel \u00e9v\u00e9nement d\u2019envergure nationale, \u00e0 partir du printemps 2026. Un \u00e9v\u00e9nement tourn\u00e9 vers la promotion des mobilit\u00e9s douces, intitul\u00e9\u00a0<strong> Troph\u00e9e Vh\u00e9lio<\/strong>, qui partir de <a href=\"https:\/\/actu.fr\/normandie\/sotteville-les-rouen_76681\" target=\"_blank\" rel=\"noopener\">Sotteville-l\u00e8s-Rouen<\/a>. L\u2019id\u00e9e : rejoindre l\u2019Angleterre \u00e0 v\u00e9lo avec un mod\u00e8le tr\u00e8s sp\u00e9cial, le Vh\u00e9lio.\u00a0<\/p>\n<p>Un v\u00e9lo tr\u00e8s sp\u00e9cial \u00e0 assembler soi-m\u00eame<\/p>\n<p class=\" wall-content\">\u00c0 l\u2019initiative du projet, il y a un groupe de \u00ab\u00a0citoyens passionn\u00e9s de v\u00e9los et de personnes travaillant dans ce secteur\u00a0\u00bb, informe l\u2019un d\u2019eux, Lo\u00efc Perochon. \u00ab\u00a0Le Vh\u00e9lio a \u00e9t\u00e9 con\u00e7u par un inventeur\/bricoleur du centre de la France \u00e0 la fin des ann\u00e9es 2010, explique-t-il. <strong>Il s\u2019agit d\u2019un tricycle \u00e0 assistance \u00e9lectrique pour adultes<\/strong>, qui peut transporter deux personnes et une charge de 200 kilos.\u00a0\u00bb<\/p>\n<p class=\" wall-content\">Fait notable, on n\u2019ach\u00e8te pas le Vh\u00e9lio, on l\u2019assemble soi-m\u00eame, sachant que les plans et documents sont en open source, c\u2019est-\u00e0-dire t\u00e9l\u00e9chargeables librement.\u00a0Le nom Vh\u00e9lio renvoie \u00e0 H\u00e9lios, le dieu du soleil chez les divinit\u00e9s grecques, car le v\u00e9lo <strong>int\u00e8gre un panneau solaire sur son toit<\/strong>, pour accroitre l\u2019autonomie de la machine.\u00a0<\/p>\n<p class=\" wall-content\">\u00ab\u00a0Il y a actuellement une centaine de mod\u00e8les en circulation en France, indique Lo\u00efc Perochon. Une enqu\u00eate a \u00e9t\u00e9 men\u00e9e pour en d\u00e9terminer les usages, ils sont divers, mais un profil surnage : le couple de trentenaires\/quarantenaires vivant en zone p\u00e9riurbaine,<strong> qui remplace la deuxi\u00e8me voiture familiale par le Vh\u00e9lio<\/strong>.\u00a0\u00bb<\/p>\n<p class=\" wall-content\">Malgr\u00e9 son allure imposante, le Vh\u00e9lio entre la cat\u00e9gorie des <a href=\"https:\/\/actu.fr\/tag\/velo-electrique\" target=\"_blank\" rel=\"noopener\">VAE (v\u00e9los \u00e0 assistance \u00e9lectrique)<\/a> actuels : la vitesse est brid\u00e9e \u00e0 25 kilom\u00e8tres\/heure et ils sont autoris\u00e9s \u00e0 emprunter les pistes cyclables. Co\u00fbt des pi\u00e8ces pour l\u2019assembler :<strong> entre 4000 \u00e0 7000 euros<\/strong>.<\/p>\n<p>Vid\u00e9os : en ce moment sur ActuUn 4L Trophy du XXIe si\u00e8cle<\/p>\n<p class=\" wall-content\">Le Troph\u00e9e Vh\u00e9lio partira en mai de la place de l\u2019h\u00f4tel de ville de Sotteville-l\u00e8s-Rouen, o\u00f9 un village d\u00e9part sera install\u00e9. Tout le monde pourra y participer :<strong> \u00e9tudiants, entreprises, associations, collectivit\u00e9s, simples citoyens, etc.<\/strong> \u00ab\u00a0C\u2019est un peu une version XXIe si\u00e8cle du 4L Trophy\u00a0\u00bb, note Lo\u00efc Perochon.<\/p>\n<p class=\" wall-content\">La premi\u00e8re journ\u00e9e, le 13 mai, sera consacr\u00e9e au montage des v\u00e9los.\u00a0 Ensuite, direction Dieppe o\u00f9 un nouveau village accueillera les participants. Coureurs \u00e0 Vh\u00e9lio, <strong>mais aussi en simples bicyclettes ou VAE<\/strong>, qui accompagneront les mod\u00e8les tr\u00e8s sp\u00e9ciaux. Puis le cort\u00e8ge prendra le <a href=\"https:\/\/actu.fr\/tag\/transmanche\" target=\"_blank\" rel=\"noopener\">ferry direction Newhaven<\/a>, et enfin cap sur la destination finale, la commune de Battle pr\u00e8s d\u2019Hastings, au sud de l\u2019Angleterre, o\u00f9 a eu lieu la fameuse bataille remport\u00e9e par <a href=\"https:\/\/actu.fr\/tag\/guillaume-le-conquerant\" target=\"_blank\" rel=\"noopener\">Guillaume le Conqu\u00e9rant<\/a> en 1066.\u00a0<\/p>\n<p>Votre r\u00e9gion, votre actu !<\/p>\n<p>Recevez chaque jour les infos qui comptent pour vous.<\/p>\n<p>\t<a href=\"https:\/\/actu.fr\/newsletter\" class=\"ac-btn ac-btn--corner ac-btn--medium ac-btn--blue800\" target=\"_blank\" rel=\"noopener\">S&rsquo;incrire<\/a><\/p>\n<p class=\" wall-content\">\u00ab\u00a0Loin d\u2019\u00eatre une simple course, il s\u2019agit d\u2019une<strong> r\u00e9interpr\u00e9tation contemporaine de l\u2019\u00e9pop\u00e9e de Guillaume le Conqu\u00e9rant<\/strong>, reliant Sotteville-l\u00e8s-Rouen en Normandie \u00e0 Battle en Angleterre, souligne Lo\u00efc Perochon. Le Troph\u00e9e Vh\u00e9lio promeut des valeurs fortes telles que la sobri\u00e9t\u00e9, l\u2019entraide et l\u2019inclusion, tout en c\u00e9l\u00e9brant l\u2019engagement citoyen et la r\u00e9silience territoriale.\u00a0\u00bb<\/p>\n<p class=\" wall-content\">Et en 2027, le Troph\u00e9e Vh\u00e9lio s\u2019inscrira dans l\u2019ann\u00e9e anniversaire de la naissance de Guillaume, \u00a0la <a href=\"https:\/\/actu.fr\/normandie\/caen_14118\/la-normandie-va-feter-le-millenaire-de-la-naissance-de-guillaume-en-2027-un-peu-partout-en-europe_63311490.html\" target=\"_blank\" rel=\"noopener\">Millenium \u2013 2027, ann\u00e9e europ\u00e9enne des Normands<\/a>.<\/p>\n<p class=\" wall-content\">Les inscriptions \u00e0 la premi\u00e8re \u00e9dition sont ouvertes <a href=\"https:\/\/tropheevhelio.com\/inscription-se-connecter-2-2\/\" target=\"_blank\" rel=\"noopener\">jusqu\u2019au 31 d\u00e9cembre 2025<\/a>.\u00a0<\/p>\n<p>Suivez l\u2019actualit\u00e9 de Rouen sur notre <a href=\"https:\/\/www.whatsapp.com\/channel\/0029VaKfnf99hXF2ddApFB1D\" target=\"_blank\" rel=\"noopener\">cha\u00eene WhatsApp<\/a> et sur notre <a href=\"https:\/\/www.tiktok.com\/@76actu.fr?lang=fr\" target=\"_blank\" rel=\"noopener\">compte TikTok<\/a><\/p>\n<p class=\" wall-content\">Personnalisez votre actualit\u00e9 en ajoutant vos villes et m\u00e9dias en favori avec <a href=\"https:\/\/moncompte.actu.fr\" title=\"D\u00e9couvez Mon Actu\" rel=\"nofollow noopener\" data-trk=\"{&quot;cta&quot;:{&quot;action&quot;:&quot;https:\\\/\\\/moncompte.actu.fr&quot;,&quot;category&quot;:&quot;mon compte&quot;,&quot;from&quot;:&quot;article footer&quot;,&quot;name&quot;:&quot;Mon actu&quot;,&quot;type&quot;:&quot;cta&quot;}}\" target=\"_blank\">Mon Actu<\/a>.<\/p>\n<p>                    <script async src=\"\/\/www.tiktok.com\/embed.js\"><\/script><\/p>\n","protected":false},"excerpt":{"rendered":"Par Fabien Massin Publi\u00e9 le 9 nov. 2025 \u00e0 13h14 L\u2019agglo de Rouen (Seine-Maritime) s\u2019appr\u00eate \u00e0 accueillir un&hellip;\n","protected":false},"author":2,"featured_media":522719,"comment_status":"","ping_status":"","sticky":false,"template":"","format":"standard","meta":{"footnotes":""},"categories":[9587],"tags":[1111,11,15141,1777,674,1011,27,19784,12,5161,52,25,9590,64330,3459],"class_list":{"0":"post-522718","1":"post","2":"type-post","3":"status-publish","4":"format-standard","5":"has-post-thumbnail","7":"category-rouen","8":"tag-actu","9":"tag-actualites","10":"tag-ecomobilite","11":"tag-eu","12":"tag-europe","13":"tag-fr","14":"tag-france","15":"tag-guillaume-le-conquerant","16":"tag-news","17":"tag-normandie","18":"tag-planete","19":"tag-republique-francaise","20":"tag-rouen","21":"tag-transmanche","22":"tag-velo-electrique"},"share_on_mastodon":{"url":"https:\/\/pubeurope.com\/@fr\/115519763555576916","error":""},"_links":{"self":[{"href":"https:\/\/www.europesays.com\/fr\/wp-json\/wp\/v2\/posts\/522718","targetHints":{"allow":["GET"]}}],"collection":[{"href":"https:\/\/www.europesays.com\/fr\/wp-json\/wp\/v2\/posts"}],"about":[{"href":"https:\/\/www.europesays.com\/fr\/wp-json\/wp\/v2\/types\/post"}],"author":[{"embeddable":true,"href":"https:\/\/www.europesays.com\/fr\/wp-json\/wp\/v2\/users\/2"}],"replies":[{"embeddable":true,"href":"https:\/\/www.europesays.com\/fr\/wp-json\/wp\/v2\/comments?post=522718"}],"version-history":[{"count":0,"href":"https:\/\/www.europesays.com\/fr\/wp-json\/wp\/v2\/posts\/522718\/revisions"}],"wp:featuredmedia":[{"embeddable":true,"href":"https:\/\/www.europesays.com\/fr\/wp-json\/wp\/v2\/media\/522719"}],"wp:attachment":[{"href":"https:\/\/www.europesays.com\/fr\/wp-json\/wp\/v2\/media?parent=522718"}],"wp:term":[{"taxonomy":"category","embeddable":true,"href":"https:\/\/www.europesays.com\/fr\/wp-json\/wp\/v2\/categories?post=522718"},{"taxonomy":"post_tag","embeddable":true,"href":"https:\/\/www.europesays.com\/fr\/wp-json\/wp\/v2\/tags?post=522718"}],"curies":[{"name":"wp","href":"https:\/\/api.w.org\/{rel}","templated":true}]}}