{"id":522725,"date":"2025-11-09T12:37:18","date_gmt":"2025-11-09T12:37:18","guid":{"rendered":"https:\/\/www.europesays.com\/fr\/522725\/"},"modified":"2025-11-09T12:37:18","modified_gmt":"2025-11-09T12:37:18","slug":"a-rennes-elles-organisent-une-vente-de-livres-denfants-a-petits-prix-avant-les-fetes-2","status":"publish","type":"post","link":"https:\/\/www.europesays.com\/fr\/522725\/","title":{"rendered":"\u00c0 Rennes, elles organisent une vente de livres d\u2019enfants \u00e0 petits prix avant les f\u00eates"},"content":{"rendered":"<p>L\u2019approche des f\u00eates de fin d\u2019ann\u00e9e est toujours une p\u00e9riode charni\u00e8re pour les m\u00e9nages les plus pauvres. Et SOS Urgence garde d\u2019enfants en a conscience. Le samedi 15\u00a0novembre 2025, l\u2019association organise une vente de livres \u00e0 petits prix \u00e0 Rennes. Au comptoir, tous types de livres pour des enfants de 2 \u00e0 12\u00a0ans. Bandes dessin\u00e9es, contes, romans, revues\u2026 De 50\u00a0centimes \u00e0 2\u00a0\u20ac seulement\u00a0! Plus d\u2019excuse pour ne pas g\u00e2ter ses enfants le jour de No\u00ebl.<\/p>\n<p><strong>Lire aussi\u00a0:<\/strong>\u00a0<a href=\"https:\/\/rennes.maville.com\/actu\/actudet_-a-rennes-les-bibliotheques-bradent-leurs-livres-d-occasion-pendant-deux-jours-_7-6989265_actu.Htm\" target=\"_blank\" rel=\"noopener\">\u00c0 Rennes, les biblioth\u00e8ques bradent leurs livres d\u2019occasion pendant deux jours<\/a><\/p>\n<p>De la place dans les armoires<\/p>\n<p><strong>\u00ab\u00a0Le mois de novembre est le moment de faire de la place dans les armoires avant les f\u00eates. Les enfants grandissent et leurs besoins de lecture \u00e9voluent\u00a0\u00bb<\/strong>, commente Annick Renault-Owen, coresponsable de l\u2019antenne rennaise de SOS Urgence garde d\u2019enfants. Alors, on vide le grenier\u00a0! Et on vient \u00e9changer et chiner des livres.<\/p>\n<p><strong>Lire aussi\u00a0:<\/strong> <a href=\"https:\/\/rennes.maville.com\/actu\/actudet_--c-est-un-metier-passion-ces-bouquinistes-participent-a-la-vie-de-la-place-sainte-anne-a-rennes-_52674-6928492_actu.Htm\" target=\"_blank\" rel=\"noopener\"> <strong>\u00a0<\/strong>\u00ab\u00a0C\u2019est un m\u00e9tier passion\u00a0\u00bb\u00a0: ces bouquinistes participent \u00e0 la vie de la place Sainte-Anne \u00e0 Rennes<\/a><\/p>\n<p>Pratique\u00a0: bourse aux livres pour enfants samedi 15\u00a0novembre 2025, de 13\u00a0h \u00e0 18\u00a0h, \u00e0 la Maison H\u00e9lo\u00efse, 13, rue de Redon, m\u00e9tro Mabilais. Contact\u00a0: rennes@sosurgencegardedenfants.org ou au t\u00e9l. 07\u00a069\u00a035\u00a075\u00a082.<\/p>\n<p>\u00a0<\/p>\n","protected":false},"excerpt":{"rendered":"L\u2019approche des f\u00eates de fin d\u2019ann\u00e9e est toujours une p\u00e9riode charni\u00e8re pour les m\u00e9nages les plus pauvres. Et&hellip;\n","protected":false},"author":2,"featured_media":522724,"comment_status":"","ping_status":"","sticky":false,"template":"","format":"standard","meta":{"footnotes":""},"categories":[2821],"tags":[1111,11,829,1719,1777,674,14537,1011,27,1380,12,64331,5175,2141,584,25,4100],"class_list":{"0":"post-522725","1":"post","2":"type-post","3":"status-publish","4":"format-standard","5":"has-post-thumbnail","7":"category-rennes","8":"tag-actu","9":"tag-actualites","10":"tag-bretagne","11":"tag-enfants","12":"tag-eu","13":"tag-europe","14":"tag-fetes","15":"tag-fr","16":"tag-france","17":"tag-livres","18":"tag-news","19":"tag-organisent","20":"tag-petits","21":"tag-prix","22":"tag-rennes","23":"tag-republique-francaise","24":"tag-vente"},"share_on_mastodon":{"url":"https:\/\/pubeurope.com\/@fr\/115519779284311888","error":""},"_links":{"self":[{"href":"https:\/\/www.europesays.com\/fr\/wp-json\/wp\/v2\/posts\/522725","targetHints":{"allow":["GET"]}}],"collection":[{"href":"https:\/\/www.europesays.com\/fr\/wp-json\/wp\/v2\/posts"}],"about":[{"href":"https:\/\/www.europesays.com\/fr\/wp-json\/wp\/v2\/types\/post"}],"author":[{"embeddable":true,"href":"https:\/\/www.europesays.com\/fr\/wp-json\/wp\/v2\/users\/2"}],"replies":[{"embeddable":true,"href":"https:\/\/www.europesays.com\/fr\/wp-json\/wp\/v2\/comments?post=522725"}],"version-history":[{"count":0,"href":"https:\/\/www.europesays.com\/fr\/wp-json\/wp\/v2\/posts\/522725\/revisions"}],"wp:featuredmedia":[{"embeddable":true,"href":"https:\/\/www.europesays.com\/fr\/wp-json\/wp\/v2\/media\/522724"}],"wp:attachment":[{"href":"https:\/\/www.europesays.com\/fr\/wp-json\/wp\/v2\/media?parent=522725"}],"wp:term":[{"taxonomy":"category","embeddable":true,"href":"https:\/\/www.europesays.com\/fr\/wp-json\/wp\/v2\/categories?post=522725"},{"taxonomy":"post_tag","embeddable":true,"href":"https:\/\/www.europesays.com\/fr\/wp-json\/wp\/v2\/tags?post=522725"}],"curies":[{"name":"wp","href":"https:\/\/api.w.org\/{rel}","templated":true}]}}