{"id":522726,"date":"2025-11-09T12:38:45","date_gmt":"2025-11-09T12:38:45","guid":{"rendered":"https:\/\/www.europesays.com\/fr\/522726\/"},"modified":"2025-11-09T12:38:45","modified_gmt":"2025-11-09T12:38:45","slug":"strasbourg-concours-2025-des-miels-dalsace-12-medailles-pour-asapistra","status":"publish","type":"post","link":"https:\/\/www.europesays.com\/fr\/522726\/","title":{"rendered":"Strasbourg. Concours 2025 des miels d\u2019Alsace\u00a0: 12 m\u00e9dailles pour Asapistra\u00a0!"},"content":{"rendered":"<p>Pour la premi\u00e8re fois depuis la cr\u00e9ation de l\u2019 <a href=\"https:\/\/www.dna.fr\/culture-loisirs\/2020\/08\/24\/les-abeilles-vont-a-l-ecole-ou-a-la-clinique\" target=\"_blank\" rel=\"nofollow noopener\">Association apicole de Strasbourg (Asapistra)<\/a> en 2008, sept de ses membres ont pr\u00e9sent\u00e9 leurs miels <a href=\"https:\/\/www.dna.fr\/economie\/2025\/10\/08\/un-concours-qui-redonne-des-couleurs-au-miel-alsacien\" target=\"_blank\" rel=\"nofollow noopener\">au concours des miels d\u2019Alsace<\/a>. Ils ont remport\u00e9 12 m\u00e9dailles (8 d\u2019or, 3 d\u2019argent et 1 de bronze)\u00a0: Mich\u00e8le Lamard (m\u00e9daille d\u2019or), Fr\u00e9d\u00e9ric Launay (m\u00e9daille d\u2019or et m\u00e9daille de bronze), Maurice Leiritz (m\u00e9daille d\u2019or), Philippe Lett (m\u00e9daille d\u2019or et m\u00e9daille d\u2019argent), Ahmed Outilaft (2 m\u00e9dailles d\u2019argent) et Bruno Rinaldi (4 m\u00e9dailles d\u2019or).<\/p>\n<p>  200 membres<\/p>\n<p>Asapistra regroupe plus de 200 membres r\u00e9partis sur l\u2019Eurom\u00e9tropole de Strasbourg (EMS) et parfois un peu plus loin. Tous les ans, l\u2019association organise des formations dans ses locaux strasbourgeois mais \u00e9galement \u00e0 l\u2019Universit\u00e9 populaire europ\u00e9enne (UPE)\u00a0; elle anime \u00e9galement des ruchers p\u00e9dagogiques dans plusieurs communes de l\u2019EMS.<\/p>\n<p>Le concours des miels d\u2019Alsace est organis\u00e9 par la conf\u00e9d\u00e9ration des apiculteurs d\u2019Alsace regroupant les f\u00e9d\u00e9rations des apiculteurs du Haut-Rhin et du Bas-Rhin. Il s\u2019est d\u00e9roul\u00e9 cette ann\u00e9e au lyc\u00e9e agricole de Wintzenheim.<\/p>\n","protected":false},"excerpt":{"rendered":"Pour la premi\u00e8re fois depuis la cr\u00e9ation de l\u2019 Association apicole de Strasbourg (Asapistra) en 2008, sept de&hellip;\n","protected":false},"author":2,"featured_media":522727,"comment_status":"","ping_status":"","sticky":false,"template":"","format":"standard","meta":{"footnotes":""},"categories":[2820],"tags":[1111,11,327,130,33,2880,1777,674,107,1011,27,775,12,25,640,2879],"class_list":{"0":"post-522726","1":"post","2":"type-post","3":"status-publish","4":"format-standard","5":"has-post-thumbnail","7":"category-strasbourg","8":"tag-actu","9":"tag-actualites","10":"tag-agriculture","11":"tag-consommation","12":"tag-economie","13":"tag-edition-strasbourg","14":"tag-eu","15":"tag-europe","16":"tag-fil-info","17":"tag-fr","18":"tag-france","19":"tag-grand-est","20":"tag-news","21":"tag-republique-francaise","22":"tag-strasbourg","23":"tag-strasbourg-ville"},"share_on_mastodon":{"url":"https:\/\/pubeurope.com\/@fr\/115519783191578314","error":""},"_links":{"self":[{"href":"https:\/\/www.europesays.com\/fr\/wp-json\/wp\/v2\/posts\/522726","targetHints":{"allow":["GET"]}}],"collection":[{"href":"https:\/\/www.europesays.com\/fr\/wp-json\/wp\/v2\/posts"}],"about":[{"href":"https:\/\/www.europesays.com\/fr\/wp-json\/wp\/v2\/types\/post"}],"author":[{"embeddable":true,"href":"https:\/\/www.europesays.com\/fr\/wp-json\/wp\/v2\/users\/2"}],"replies":[{"embeddable":true,"href":"https:\/\/www.europesays.com\/fr\/wp-json\/wp\/v2\/comments?post=522726"}],"version-history":[{"count":0,"href":"https:\/\/www.europesays.com\/fr\/wp-json\/wp\/v2\/posts\/522726\/revisions"}],"wp:featuredmedia":[{"embeddable":true,"href":"https:\/\/www.europesays.com\/fr\/wp-json\/wp\/v2\/media\/522727"}],"wp:attachment":[{"href":"https:\/\/www.europesays.com\/fr\/wp-json\/wp\/v2\/media?parent=522726"}],"wp:term":[{"taxonomy":"category","embeddable":true,"href":"https:\/\/www.europesays.com\/fr\/wp-json\/wp\/v2\/categories?post=522726"},{"taxonomy":"post_tag","embeddable":true,"href":"https:\/\/www.europesays.com\/fr\/wp-json\/wp\/v2\/tags?post=522726"}],"curies":[{"name":"wp","href":"https:\/\/api.w.org\/{rel}","templated":true}]}}