{"id":522730,"date":"2025-11-09T12:40:14","date_gmt":"2025-11-09T12:40:14","guid":{"rendered":"https:\/\/www.europesays.com\/fr\/522730\/"},"modified":"2025-11-09T12:40:14","modified_gmt":"2025-11-09T12:40:14","slug":"un-troisieme-candidat-aux-elections-municipales-a-villefranche-sur-mer","status":"publish","type":"post","link":"https:\/\/www.europesays.com\/fr\/522730\/","title":{"rendered":"Un troisi\u00e8me candidat aux \u00e9lections municipales \u00e0 Villefranche-sur-Mer"},"content":{"rendered":"<p class=\"fs-5 \">Apr\u00e8s <strong>Christophe Trojani<\/strong>, candidat \u00e0 un troisi\u00e8me mandat de maire, et <strong>Benjamin Bunger<\/strong> il y a deux mois, c\u2019est au tour de <strong>Robert Capelier<\/strong> d\u2019officialiser sa candidature aux \u00e9lections <strong>municipales <\/strong>de <strong>Villefranche-sur-Mer<\/strong> les 15 et 22 mars 2026.<\/p>\n<p class=\"fs-5 \">Ce fils d\u2019un adjoint au maire sous les trois mandats de Joseph Calderoni (de 1977 \u00e0 1995), si\u00e8ge comme conseiller municipal de la majorit\u00e9 depuis 2020.<\/p>\n<p class=\"fs-5 \">\u00ab On peut \u00eatre \u00e9lu avec quelqu\u2019un et avoir des id\u00e9es diff\u00e9rentes, justifie cet <strong>architecte <\/strong>install\u00e9 au village. J\u2019ai vot\u00e9 toutes les d\u00e9lib\u00e9rations pr\u00e9sent\u00e9es, c\u2019est vrai, car j\u2019ai voulu \u00eatre honn\u00eate et fid\u00e8le. J\u2019ai fait entendre ma diff\u00e9rence sur certains sujets, en conseils majoritaires, notamment sur le projet d\u2019h\u00f4tel sur les terrains dits du gaz qui est une aberration totale. \u00bb<\/p>\n<p class=\"fs-5 \">\u00c0 l\u2019entendre, sa liste est compos\u00e9e aux deux tiers \u00ab pour laisser la place \u00e0 certaines personnes qui voudraient me rejoindre \u00bb, avec un credo simple : \u00ab la ville d\u00e9cline, elle est devenue une carte postale et on ne vit pas dans une carte postale. (&#8230;) On enl\u00e8ve tout ce qui fait le vivre ensemble. Oui, on a besoin de faire des parkings et il faut trouver d\u2019autres moyens de faire pour y arriver. (&#8230;) On ne vend pas les bijoux de famille pour remettre \u00e0 flot les finances. \u00bb<\/p>\n<p class=\"fs-5 \">Au printemps, Robert Capelier a quitt\u00e9 la majorit\u00e9 \u00ab mais je n\u2019ai jamais song\u00e9 \u00e0 d\u00e9missionner car ce sont les Villefranchois qui m\u2019ont \u00e9lu, pas Christophe Trojani. \u00bb<\/p>\n<p class=\"fs-5 \">Ne sollicitant <strong>pas d\u2019investiture politique<\/strong>, le candidat veut travailler avec \u00ab tout le monde en bonne intelligence pour le bien de Villefranche qui doit \u00eatre le sujet principal \u00bb.<\/p>\n","protected":false},"excerpt":{"rendered":"Apr\u00e8s Christophe Trojani, candidat \u00e0 un troisi\u00e8me mandat de maire, et Benjamin Bunger il y a deux mois,&hellip;\n","protected":false},"author":2,"featured_media":522731,"comment_status":"","ping_status":"","sticky":false,"template":"","format":"standard","meta":{"footnotes":""},"categories":[2819],"tags":[1111,11,1777,674,1011,27,3434,12,2401,882,25],"class_list":{"0":"post-522730","1":"post","2":"type-post","3":"status-publish","4":"format-standard","5":"has-post-thumbnail","7":"category-nice","8":"tag-actu","9":"tag-actualites","10":"tag-eu","11":"tag-europe","12":"tag-fr","13":"tag-france","14":"tag-municipales-2026","15":"tag-news","16":"tag-nice","17":"tag-provence-alpes-cote-dazur","18":"tag-republique-francaise"},"share_on_mastodon":{"url":"https:\/\/pubeurope.com\/@fr\/115519791151387037","error":""},"_links":{"self":[{"href":"https:\/\/www.europesays.com\/fr\/wp-json\/wp\/v2\/posts\/522730","targetHints":{"allow":["GET"]}}],"collection":[{"href":"https:\/\/www.europesays.com\/fr\/wp-json\/wp\/v2\/posts"}],"about":[{"href":"https:\/\/www.europesays.com\/fr\/wp-json\/wp\/v2\/types\/post"}],"author":[{"embeddable":true,"href":"https:\/\/www.europesays.com\/fr\/wp-json\/wp\/v2\/users\/2"}],"replies":[{"embeddable":true,"href":"https:\/\/www.europesays.com\/fr\/wp-json\/wp\/v2\/comments?post=522730"}],"version-history":[{"count":0,"href":"https:\/\/www.europesays.com\/fr\/wp-json\/wp\/v2\/posts\/522730\/revisions"}],"wp:featuredmedia":[{"embeddable":true,"href":"https:\/\/www.europesays.com\/fr\/wp-json\/wp\/v2\/media\/522731"}],"wp:attachment":[{"href":"https:\/\/www.europesays.com\/fr\/wp-json\/wp\/v2\/media?parent=522730"}],"wp:term":[{"taxonomy":"category","embeddable":true,"href":"https:\/\/www.europesays.com\/fr\/wp-json\/wp\/v2\/categories?post=522730"},{"taxonomy":"post_tag","embeddable":true,"href":"https:\/\/www.europesays.com\/fr\/wp-json\/wp\/v2\/tags?post=522730"}],"curies":[{"name":"wp","href":"https:\/\/api.w.org\/{rel}","templated":true}]}}