{"id":522734,"date":"2025-11-09T12:42:17","date_gmt":"2025-11-09T12:42:17","guid":{"rendered":"https:\/\/www.europesays.com\/fr\/522734\/"},"modified":"2025-11-09T12:42:17","modified_gmt":"2025-11-09T12:42:17","slug":"municipales-2026-a-75-ans-le-maire-de-basse-goulaine-brigue-un-quatrieme-mandat","status":"publish","type":"post","link":"https:\/\/www.europesays.com\/fr\/522734\/","title":{"rendered":"Municipales 2026. \u00c0 75\u00a0ans, le maire de Basse-Goulaine brigue un quatri\u00e8me mandat"},"content":{"rendered":"<tr wp_automatic_readability=\"3.9\">\n<td valign=\"middle\" align=\"center\" class=\"col-logo\">\n    <img decoding=\"async\" src=\"https:\/\/www.europesays.com\/fr\/wp-content\/uploads\/2025\/04\/presse-ocean.gif\" alt=\"logo Presse-Oc\u00e9an\" height=\"66\"\/><\/p>\n<\/td>\n<td class=\"col-titre\">\n\t\t\tDimanche 09 novembre 2025 11:42<br \/>\n\t\t\t<a class=\"icon-bulle sizeL count\" href=\"#ancreAvis\"><br \/>\n\t&#8230;<br \/>\n<\/a><\/td>\n<\/tr>\n<p>\t\t<a class=\"mavillebox2 elmt-photo\" href=\"https:\/\/maville.com\/photosmvi\/2025\/11\/09\/P35570652D7055989G.jpg\" title=\" C\u2019est \u00e0 la fin du conseil municipal qu\u2019Alain Vey a d\u00e9clar\u00e9 sa candidature aux prochaines \u00e9lections municipales.\u00a0  \u00a9  Photo Presse Oc\u00e9an  \" rel=\"galerie_actu noopener\" target=\"_blank\"><br \/>\n\t<img decoding=\"async\" src=\"https:\/\/www.europesays.com\/fr\/wp-content\/uploads\/2025\/11\/P35570652D7055989G_crop_640-330_.jpg\" alt=\"photo  c\u2019est \u00e0 la fin du conseil municipal qu\u2019alain vey a d\u00e9clar\u00e9 sa candidature aux prochaines \u00e9lections municipales.\u00a0  \u00a9  photo presse oc\u00e9an \"\/><br \/>\n\t1<br \/>\n<\/a><\/p>\n<p class=\"elmt-legende\"> C\u2019est \u00e0 la fin du conseil municipal qu\u2019Alain Vey a d\u00e9clar\u00e9 sa candidature aux prochaines \u00e9lections municipales.\u00a0  \u00a9  Photo Presse Oc\u00e9an  <\/p>\n<p>\t\tMaire de Basse-Goulaine depuis 2007, Alain Vey a officiellement annonc\u00e9 sa candidature. Il m\u00e8nera une \u00e9quipe renouvel\u00e9e d\u2019un tiers.<\/p>\n<p><b>Cet article est r\u00e9serv\u00e9 aux abonn\u00e9s<\/b><\/p>\n<p>Pour un acc\u00e8s imm\u00e9diat, abonnez-vous<\/p>\n<p><b>1\u00e8re semaine offerte<\/b><\/p>\n<p>\t\tPresse-Oc\u00e9an<\/p>\n<p>Retrouvez d&rsquo;autres actus sur la commune de :<\/p>\n<p>\t\t&#13;<\/p>\n","protected":false},"excerpt":{"rendered":"Dimanche 09 novembre 2025 11:42 &#8230; 1 C\u2019est \u00e0 la fin du conseil municipal qu\u2019Alain Vey a d\u00e9clar\u00e9&hellip;\n","protected":false},"author":2,"featured_media":522735,"comment_status":"","ping_status":"","sticky":false,"template":"","format":"standard","meta":{"footnotes":""},"categories":[2818],"tags":[5734,3627,1111,11,1764,3266,55542,1777,674,1011,27,5107,13184,3554,766,12,2636,25,3272],"class_list":{"0":"post-522734","1":"post","2":"type-post","3":"status-publish","4":"format-standard","5":"has-post-thumbnail","7":"category-nantes","8":"tag-5734","9":"tag-3627","10":"tag-actu","11":"tag-actualites","12":"tag-ans","13":"tag-basse-goulaine","14":"tag-brigue","15":"tag-eu","16":"tag-europe","17":"tag-fr","18":"tag-france","19":"tag-maire","20":"tag-mandat","21":"tag-municipales","22":"tag-nantes","23":"tag-news","24":"tag-pays-de-la-loire","25":"tag-republique-francaise","26":"tag-saint-nazaire"},"share_on_mastodon":{"url":"https:\/\/pubeurope.com\/@fr\/115519799697360339","error":""},"_links":{"self":[{"href":"https:\/\/www.europesays.com\/fr\/wp-json\/wp\/v2\/posts\/522734","targetHints":{"allow":["GET"]}}],"collection":[{"href":"https:\/\/www.europesays.com\/fr\/wp-json\/wp\/v2\/posts"}],"about":[{"href":"https:\/\/www.europesays.com\/fr\/wp-json\/wp\/v2\/types\/post"}],"author":[{"embeddable":true,"href":"https:\/\/www.europesays.com\/fr\/wp-json\/wp\/v2\/users\/2"}],"replies":[{"embeddable":true,"href":"https:\/\/www.europesays.com\/fr\/wp-json\/wp\/v2\/comments?post=522734"}],"version-history":[{"count":0,"href":"https:\/\/www.europesays.com\/fr\/wp-json\/wp\/v2\/posts\/522734\/revisions"}],"wp:featuredmedia":[{"embeddable":true,"href":"https:\/\/www.europesays.com\/fr\/wp-json\/wp\/v2\/media\/522735"}],"wp:attachment":[{"href":"https:\/\/www.europesays.com\/fr\/wp-json\/wp\/v2\/media?parent=522734"}],"wp:term":[{"taxonomy":"category","embeddable":true,"href":"https:\/\/www.europesays.com\/fr\/wp-json\/wp\/v2\/categories?post=522734"},{"taxonomy":"post_tag","embeddable":true,"href":"https:\/\/www.europesays.com\/fr\/wp-json\/wp\/v2\/tags?post=522734"}],"curies":[{"name":"wp","href":"https:\/\/api.w.org\/{rel}","templated":true}]}}