{"id":522736,"date":"2025-11-09T12:43:16","date_gmt":"2025-11-09T12:43:16","guid":{"rendered":"https:\/\/www.europesays.com\/fr\/522736\/"},"modified":"2025-11-09T12:43:16","modified_gmt":"2025-11-09T12:43:16","slug":"jamais-deux-sans-trois-pour-le-tmb-qui-accueille-nantes-formation-delite-2","status":"publish","type":"post","link":"https:\/\/www.europesays.com\/fr\/522736\/","title":{"rendered":"jamais deux sans trois pour le TMB qui accueille Nantes, formation d\u2019\u00c9lite 2 ?"},"content":{"rendered":"<p><strong>Tours (N1, +\u00a07) &#8211; Nantes (\u00c9lite 2)<\/strong><\/p>\n<p>Jamais deux sans trois\u2026 Le TMB va essayer de ne pas faire mentir l\u2019expression ce lundi soir en Coupe de France. Apr\u00e8s avoir \u00e9limin\u00e9 deux formations d\u2019\u00c9lite 2 lors des tours pr\u00e9c\u00e9dents, <a target=\"_self\" href=\"https:\/\/www.lanouvellerepublique.fr\/tours\/coupe-de-france-embarquement-reussi-pour-le-tours-mb-face-aux-normands-1757711604\" rel=\"noopener\">Caen<\/a> \u00e0 domicile puis <a target=\"_self\" href=\"https:\/\/www.lanouvellerepublique.fr\/tours\/coupe-de-france-un-tours-mb-epatant-domine-evreux-et-file-en-16es-de-finale-1759871097\" rel=\"noopener\">\u00c9vreux<\/a> en Normandie, les Tourangeaux accueillent ainsi l\u2019Hermine de Nantes, autre pensionnaire de l\u2019antichambre de l\u2019\u00e9lite fran\u00e7aise&#8230;. <\/p>\n<p>    Cet article a \u00e9t\u00e9 tronqu\u00e9. Abonnez-vous pour lire l&rsquo;article complet sur notre site.<\/p>\n<p style=\"margin: 0 !important; padding: 0 !important; font-size: 12px !important;\">Cet article a \u00e9t\u00e9 tronqu\u00e9. Abonnez-vous pour lire l&rsquo;article complet.<\/p>\n<p>    <a href=\"https:\/\/www.lanouvellerepublique.fr\/abonnements\" style=\"display: inline-block; margin-top: 5px !important; padding: 6px 12px !important; background: #cb1c27; color: white; text-decoration: none; border-radius: 4px; font-size: 12px !important;\" target=\"_blank\" rel=\"noopener\"><br \/>\n      S&rsquo;abonner<br \/>\n    <\/a><\/p>\n","protected":false},"excerpt":{"rendered":"Tours (N1, +\u00a07) &#8211; Nantes (\u00c9lite 2) Jamais deux sans trois\u2026 Le TMB va essayer de ne pas&hellip;\n","protected":false},"author":2,"featured_media":522737,"comment_status":"","ping_status":"","sticky":false,"template":"","format":"standard","meta":{"footnotes":""},"categories":[2818],"tags":[1392,1111,11,1465,64332,1777,674,1011,27,1387,766,12,2636,25,60,1390,17684],"class_list":{"0":"post-522736","1":"post","2":"type-post","3":"status-publish","4":"format-standard","5":"has-post-thumbnail","7":"category-nantes","8":"tag-a-la-une-local","9":"tag-actu","10":"tag-actualites","11":"tag-basket","12":"tag-coupe-de-france-basket","13":"tag-eu","14":"tag-europe","15":"tag-fr","16":"tag-france","17":"tag-indre-et-loire","18":"tag-nantes","19":"tag-news","20":"tag-pays-de-la-loire","21":"tag-republique-francaise","22":"tag-sports","23":"tag-tours","24":"tag-tours-metropole-basket"},"share_on_mastodon":{"url":"https:\/\/pubeurope.com\/@fr\/115519802840541974","error":""},"_links":{"self":[{"href":"https:\/\/www.europesays.com\/fr\/wp-json\/wp\/v2\/posts\/522736","targetHints":{"allow":["GET"]}}],"collection":[{"href":"https:\/\/www.europesays.com\/fr\/wp-json\/wp\/v2\/posts"}],"about":[{"href":"https:\/\/www.europesays.com\/fr\/wp-json\/wp\/v2\/types\/post"}],"author":[{"embeddable":true,"href":"https:\/\/www.europesays.com\/fr\/wp-json\/wp\/v2\/users\/2"}],"replies":[{"embeddable":true,"href":"https:\/\/www.europesays.com\/fr\/wp-json\/wp\/v2\/comments?post=522736"}],"version-history":[{"count":0,"href":"https:\/\/www.europesays.com\/fr\/wp-json\/wp\/v2\/posts\/522736\/revisions"}],"wp:featuredmedia":[{"embeddable":true,"href":"https:\/\/www.europesays.com\/fr\/wp-json\/wp\/v2\/media\/522737"}],"wp:attachment":[{"href":"https:\/\/www.europesays.com\/fr\/wp-json\/wp\/v2\/media?parent=522736"}],"wp:term":[{"taxonomy":"category","embeddable":true,"href":"https:\/\/www.europesays.com\/fr\/wp-json\/wp\/v2\/categories?post=522736"},{"taxonomy":"post_tag","embeddable":true,"href":"https:\/\/www.europesays.com\/fr\/wp-json\/wp\/v2\/tags?post=522736"}],"curies":[{"name":"wp","href":"https:\/\/api.w.org\/{rel}","templated":true}]}}