{"id":522740,"date":"2025-11-09T12:45:12","date_gmt":"2025-11-09T12:45:12","guid":{"rendered":"https:\/\/www.europesays.com\/fr\/522740\/"},"modified":"2025-11-09T12:45:12","modified_gmt":"2025-11-09T12:45:12","slug":"ebranle-par-une-faillite-ce-projet-phare-de-la-mairie-de-bordeaux-reprend-de-lelan","status":"publish","type":"post","link":"https:\/\/www.europesays.com\/fr\/522740\/","title":{"rendered":"\u00c9branl\u00e9 par une faillite, ce projet phare de la mairie de Bordeaux reprend de l&rsquo;\u00e9lan"},"content":{"rendered":"<p>            Par<br \/>\n        <strong><br \/>\n            <a href=\"https:\/\/actu.fr\/auteur\/juliette-cardinale\" title=\"Consulter tous les articles de Juliette Cardinale\" rel=\"nofollow noopener\" target=\"_blank\">Juliette Cardinale<\/a><br \/>\n        <\/strong><\/p>\n<p>        Publi\u00e9 le<\/p>\n<p>            9 nov. 2025 \u00e0 13h32        <\/p>\n<p>C\u2019est l\u2019un des grands projets du mandat de <a href=\"https:\/\/actu.fr\/tag\/pierre-hurmic\" rel=\"nofollow noopener\" target=\"_blank\">Pierre Hurmic,<\/a> qui ambitionne de faire <a href=\"https:\/\/actu.fr\/bordeaux\/\" rel=\"nofollow noopener\" target=\"_blank\">de Bordeaux<\/a> <strong>\u00ab\u00a0une ville solaire\u00a0\u00bb.<\/strong> Recouvert de panneaux solaires, le <strong>toit de la base sous-marine<\/strong> doit devenir \u00ab\u00a0une source d\u2019\u00e9nergie locale unique en France\u00a0\u00bb, soulignait le maire il y a quelques mois. Mais \u00e0 peine d\u00e9marr\u00e9 d\u00e9but juillet 2025, le chantier s\u2019est heurt\u00e9 \u00e0 un probl\u00e8me de taille : la liquidation judiciaire d\u2019EverWatt, maison m\u00e8re de la soci\u00e9t\u00e9 BoucL \u00c9nergie en charge du projet.<\/p>\n<p>Une nouvelle rassurante\u00a0<\/p>\n<p class=\" wall-content\">Alors que le projet semblait battre de l\u2019aile, la mairie de Bordeaux avait <a href=\"https:\/\/actu.fr\/nouvelle-aquitaine\/bordeaux_33063\/a-bordeaux-cet-ambitieux-projet-de-toit-solaire-urbain-est-dans-la-brouillard-qui-va-le-sauver_63170593.html\" rel=\"nofollow noopener\" target=\"_blank\">\u00e9voqu\u00e9 \u00ab\u2009un d\u00e9calage, mais pas un abandon\u2009\u00bb.<\/a> Le projet restait \u00ab\u00a0solide et attractif\u00a0\u00bb, affirmait la municipalit\u00e9 mi-septembre. Les choses semblent \u00eatre en bonne voie.\u00a0Ce vendredi 7 novembre 2025, la mairie de Bordeaux a pu partager une nouvelle rassurante. La soci\u00e9t\u00e9 <strong>BoucL \u00c9nergie vient d\u2019\u00eatre rachet\u00e9e<\/strong> par la soci\u00e9t\u00e9 Nexhos.<\/p>\n<p class=\" wall-content\">La reprise a \u00e9t\u00e9 valid\u00e9e par le tribunal de commerce, apr\u00e8s l\u2019examen de plusieurs offres de rachat.\u00a0La soci\u00e9t\u00e9 Nexhos \u00ab\u00a0s\u2019est engag\u00e9e \u00e0 <strong>respecter les engagements<\/strong> d\u00e9finis dans l\u2019appel \u00e0 manifestation d\u2019int\u00e9r\u00eat initial, notamment la mise en \u0153uvre d\u2019un dispositif garantissant\u00a0<strong>au moins 50 % d\u2019autoconsommation<\/strong> collective partag\u00e9e\u00a0au b\u00e9n\u00e9fice du quartier et des acteurs locaux\u00a0\u00bb, affirme la Ville de Bordeaux.<\/p>\n<p>Un projet ambitieux<\/p>\n<p class=\" wall-content\">Le premier panneau avait \u00e9t\u00e9 pos\u00e9 le 1er juillet dernier, juste avant qu\u2019EverWatt soit plac\u00e9e sous le contr\u00f4le d\u2019un liquidateur judiciaire. Esp\u00e9r\u00e9e \u00e0 l\u2019origine en mai 2026, la<strong> mise en service<\/strong> aura donc un peu de retard, mais elle devrait bien avoir lieu.<\/p>\n<p class=\" wall-content\">\u00ab\u00a0La Ville de Bordeaux se tient pr\u00eate \u00e0 travailler avec ce nouveau partenaire afin de <strong>mener \u00e0 bien<\/strong> la solarisation de la Base sous-marine\u00a0\u00bb, tient \u00e0 rassurer la municipalit\u00e9. La transformation du toit du site construit par les Allemands durant la Seconde Guerre mondiale est \u00ab\u00a0un <strong>projet embl\u00e9matique<\/strong> de la politique publique de la Ville de Bordeaux et de son engagement dans l\u2019alliance de Bordeaux pour le d\u00e9veloppement de l\u2019\u00e9nergie solaire\u00a0\u00bb.<\/p>\n<p class=\" wall-content\">Pour rappel, une fois solaris\u00e9e <strong>sur 22 000 m\u00e8tres carr\u00e9s,<\/strong> la base sous-marine doit produire l\u2019\u00e9quivalent de la consommation annuelle moyenne d\u2019\u00e9lectricit\u00e9 de 770 foyers bordelais. \u00ab Cette production d\u2019\u00e9nergie permet d\u2019\u00e9viter l\u2019\u00e9mission de 800 tonnes de CO2 par an soit<strong> 400 allers-retours Paris \/ New-York \u00bb,<\/strong> d\u00e9taillait en juillet la mairie de Bordeaux.<\/p>\n<p class=\" wall-content\">Personnalisez votre actualit\u00e9 en ajoutant vos villes et m\u00e9dias en favori avec <a href=\"https:\/\/moncompte.actu.fr\" title=\"D\u00e9couvez Mon Actu\" rel=\"nofollow noopener\" data-trk=\"{&quot;cta&quot;:{&quot;action&quot;:&quot;https:\\\/\\\/moncompte.actu.fr&quot;,&quot;category&quot;:&quot;mon compte&quot;,&quot;from&quot;:&quot;article footer&quot;,&quot;name&quot;:&quot;Mon actu&quot;,&quot;type&quot;:&quot;cta&quot;}}\" target=\"_blank\">Mon Actu<\/a>.<\/p>\n","protected":false},"excerpt":{"rendered":"Par Juliette Cardinale Publi\u00e9 le 9 nov. 2025 \u00e0 13h32 C\u2019est l\u2019un des grands projets du mandat de&hellip;\n","protected":false},"author":2,"featured_media":395659,"comment_status":"","ping_status":"","sticky":false,"template":"","format":"standard","meta":{"footnotes":""},"categories":[2817],"tags":[1111,11,1997,4427,1777,674,1011,27,12,2219,4860,52,25,4426],"class_list":{"0":"post-522740","1":"post","2":"type-post","3":"status-publish","4":"format-standard","5":"has-post-thumbnail","7":"category-bordeaux","8":"tag-actu","9":"tag-actualites","10":"tag-bordeaux","11":"tag-energies","12":"tag-eu","13":"tag-europe","14":"tag-fr","15":"tag-france","16":"tag-news","17":"tag-nouvelle-aquitaine","18":"tag-pierre-hurmic","19":"tag-planete","20":"tag-republique-francaise","21":"tag-transition-energetique"},"share_on_mastodon":{"url":"https:\/\/pubeurope.com\/@fr\/115519810703966857","error":""},"_links":{"self":[{"href":"https:\/\/www.europesays.com\/fr\/wp-json\/wp\/v2\/posts\/522740","targetHints":{"allow":["GET"]}}],"collection":[{"href":"https:\/\/www.europesays.com\/fr\/wp-json\/wp\/v2\/posts"}],"about":[{"href":"https:\/\/www.europesays.com\/fr\/wp-json\/wp\/v2\/types\/post"}],"author":[{"embeddable":true,"href":"https:\/\/www.europesays.com\/fr\/wp-json\/wp\/v2\/users\/2"}],"replies":[{"embeddable":true,"href":"https:\/\/www.europesays.com\/fr\/wp-json\/wp\/v2\/comments?post=522740"}],"version-history":[{"count":0,"href":"https:\/\/www.europesays.com\/fr\/wp-json\/wp\/v2\/posts\/522740\/revisions"}],"wp:featuredmedia":[{"embeddable":true,"href":"https:\/\/www.europesays.com\/fr\/wp-json\/wp\/v2\/media\/395659"}],"wp:attachment":[{"href":"https:\/\/www.europesays.com\/fr\/wp-json\/wp\/v2\/media?parent=522740"}],"wp:term":[{"taxonomy":"category","embeddable":true,"href":"https:\/\/www.europesays.com\/fr\/wp-json\/wp\/v2\/categories?post=522740"},{"taxonomy":"post_tag","embeddable":true,"href":"https:\/\/www.europesays.com\/fr\/wp-json\/wp\/v2\/tags?post=522740"}],"curies":[{"name":"wp","href":"https:\/\/api.w.org\/{rel}","templated":true}]}}