{"id":522745,"date":"2025-11-09T12:48:09","date_gmt":"2025-11-09T12:48:09","guid":{"rendered":"https:\/\/www.europesays.com\/fr\/522745\/"},"modified":"2025-11-09T12:48:09","modified_gmt":"2025-11-09T12:48:09","slug":"ces-amis-denfance-se-lancent-dans-la-musique","status":"publish","type":"post","link":"https:\/\/www.europesays.com\/fr\/522745\/","title":{"rendered":"ces amis d\u2019enfance se lancent dans la musique"},"content":{"rendered":"<p>            Par<br \/>\n        <strong><br \/>\n            <a href=\"https:\/\/actu.fr\/auteur\/amandine-vachez\" title=\"Consulter tous les articles de Amandine Vachez\" target=\"_blank\" rel=\"noopener\">Amandine Vachez<\/a><br \/>\n        <\/strong><\/p>\n<p>        Publi\u00e9 le<\/p>\n<p>            9 nov. 2025 \u00e0 12h46        <\/p>\n<p>C\u2019est une histoire d\u2019amiti\u00e9. Mieux que \u00e7a\u2009: <b>Yacine et Elias<\/b> sont des fr\u00e8res. Le<b> duo<\/b>, qui s\u2019est bien trouv\u00e9 au coll\u00e8ge dans la <b>m\u00e9tropole de <a href=\"https:\/\/actu.fr\/hauts-de-france\/lille_59350\" target=\"_blank\" rel=\"noopener\">Lille<\/a><\/b> (Nord), a \u00e9t\u00e9 s\u00e9par\u00e9 pendant plusieurs ann\u00e9es. Leurs retrouvailles se sont faites autour de la <a href=\"https:\/\/actu.fr\/tag\/musique\" target=\"_blank\" rel=\"noopener\">musique<\/a>. Ensemble, ils forment <b>Yallace <\/b>(nom n\u00e9 de l\u2019assemblage de leurs pr\u00e9noms). Leur <b>premier EP<\/b> tout juste sorti en autoproduction, ils ont encha\u00een\u00e9 des <a href=\"https:\/\/actu.fr\/tag\/concert\" target=\"_blank\" rel=\"noopener\">concerts<\/a> ces derniers mois et pr\u00e9parent<b> la sortie de leur 2e opus. <\/b>Rencontre.<\/p>\n<p>Un duo compl\u00e9mentaire<\/p>\n<p class=\" wall-content\">Elias et Yacine ont \u00e9t\u00e9 au coll\u00e8ge ensemble. C\u2019est l\u00e0 qu\u2019ils ont cr\u00e9\u00e9 des liens, rest\u00e9s tr\u00e8s fort. Malgr\u00e9 une longue s\u00e9paration\u2009: Elias est parti vivre dans le Sud. Puis il est revenu pour ses \u00e9tudes, et ensemble, ils ont d\u00e9cid\u00e9 de se lancer dans un d\u00e9fi commun\u2009: faire de la musique. \u00ab\u2009Elias a \u00e9tudi\u00e9 le piano. Il a appris en autodidacte et est entr\u00e9 au conservatoire. Moi, je dessine, j\u2019\u00e9cris, je suis un artiste dans l\u2019\u00e2me\u2009\u00bb, pr\u00e9sente Elias. Il a d\u2019ailleurs dessin\u00e9 la premi\u00e8re version de la pochette au crayon, sublim\u00e9e par le travail d\u2019un peintre.<\/p>\n<p class=\" wall-content\"><a href=\"https:\/\/www.instagram.com\/p\/DPmwpjZCHCe\/embed\" title=\"Ouvrir le lien sur Instagram\" target=\"_blank\" rel=\"noopener\">Visualiser le contenu sur Instagram<\/a><\/p>\n<p class=\" wall-content\">Un jour, \u00ab\u2009pour rire\u2009\u00bb, Elias a chant\u00e9 une chanson. Yacine a vu dans sa voix un potentiel. Est venue l\u2019id\u00e9e de faire de la musique ensemble. Et il s\u2019av\u00e8re que \u00e7a prend bien. \u00ab\u2009Yacine propose un air au piano, sur lequel j\u2019\u00e9cris et je pose ma voix. On choisit un th\u00e8me, une inspiration, et \u00e7a fait son chemin. On est tr\u00e8s compl\u00e9mentaires.\u2009\u00bb<\/p>\n<blockquote class=\"ac-article-quote wall-content\">\n<p>\u00ab\u2009On a la m\u00eame vision de l\u2019art et de ce qu\u2019on veut apporter.\u2009\u00bb<\/p>\n<p>Elias, de Yallace.<\/p><\/blockquote>\n<p class=\" wall-content\">En quelques mois, le duo a cr\u00e9\u00e9 plusieurs morceaux\u2009: 7, qui forment l\u2019<a href=\"https:\/\/distrokid.com\/hyperfollow\/yallace1\/apothose\/?fbclid=PAZXh0bgNhZW0CMTEAc3J0YwZhcHBfaWQMMjU2MjgxMDQwNTU4AAGnieC0IvKMVqxa9LT0rV3gTRzrbvzoo2SN2sALg_k7T4fYExue9z1Fk1k8xng_aem_wISJFVVfAr6YdmfR61aYlw\" target=\"_blank\" rel=\"noopener\">EP<\/a><a href=\"https:\/\/distrokid.com\/hyperfollow\/yallace1\/apothose\/?fbclid=PAZXh0bgNhZW0CMTEAc3J0YwZhcHBfaWQMMjU2MjgxMDQwNTU4AAGnieC0IvKMVqxa9LT0rV3gTRzrbvzoo2SN2sALg_k7T4fYExue9z1Fk1k8xng_aem_wISJFVVfAr6YdmfR61aYlw\" target=\"_blank\" rel=\"noopener\"> Missing pieces<\/a>.<\/p>\n<p>La pi\u00e8ce manquante du puzzle<\/p>\n<p class=\" wall-content\">Le duo, qui \u00e9coute des styles de musique tr\u00e8s vari\u00e9s, allant de la musique classique au rap \u00ab\u2009new gen\u2009\u00bb (<a href=\"https:\/\/actu.fr\/normandie\/briouze_61063\/festival-art-sonic-a-briouze-le-rappeur-bekar-en-concert-avec-son-nouvel-album_62919624.html\" target=\"_blank\" rel=\"noopener\">Bekar<\/a>, Nekfeu\u2026), se d\u00e9crit comme<b> groupe de rap-pop<\/b>. \u00ab\u2009En fait un groupe de musique actuelle, autour du piano-voix\u2009\u00bb, pr\u00e9cise Elias. Elias prend soin d\u2019\u00e9crire des textes bien ficel\u00e9s.<\/p>\n<blockquote class=\"ac-article-quote wall-content\">\n<p>\u00ab\u2009Je joue avec les mots, on cherche \u00e0 provoquer des \u00e9motions fortes, chez les gens. On essaie de faire quelque chose de recherch\u00e9, de r\u00e9fl\u00e9chi.\u2009\u00bb<\/p>\n<p>Elias, de Yallace.<\/p><\/blockquote>\n<p>Votre r\u00e9gion, votre actu !<\/p>\n<p>Recevez chaque jour les infos qui comptent pour vous.<\/p>\n<p>\t<a href=\"https:\/\/actu.fr\/newsletter\" class=\"ac-btn ac-btn--corner ac-btn--medium ac-btn--blue800\" target=\"_blank\" rel=\"noopener\">S&rsquo;incrire<\/a><\/p>\n<p class=\" wall-content\">Dans cet EP, les deux amis \u00e9voquent une certaine partie de leur vie\u2009: celle o\u00f9 ils ont \u00e9t\u00e9 s\u00e9par\u00e9s. \u00ab\u2009C\u2019est la recherche d\u2019une pi\u00e8ce manquante dans nos vies\u2009\u00bb, raconte Yacine. \u00ab\u2009On parle d\u2019un moment o\u00f9 on ne se sentait pas complets. La musique, cet EP en fait, va \u00eatre la pi\u00e8ce manquante. C\u2019est aussi un moyen de laisser notre empreinte sur Terre.\u2009\u00bb<\/p>\n<p class=\" wall-content\">Dans cet opus, le duo pose les bases de son univers. Le tout cr\u00e9\u00e9 \u00e0 deux. Puis travaill\u00e9 en studio avec Felix et Lucas qui tiennent le <a href=\"https:\/\/www.letsgorecord.com\/\" target=\"_blank\" rel=\"noopener\">LGR Studio \u00e0 Lille<\/a>.<\/p>\n<blockquote class=\"ac-article-quote wall-content\">\n<p>\u00ab\u2009Cet EP, c\u2019est ce qu\u2019on avait sur le c\u0153ur.\u2009\u00bb<\/p>\n<p>Yacine, de Yallace.<\/p><\/blockquote>\n<p class=\" wall-content\"><a href=\"https:\/\/www.instagram.com\/p\/DKfG56jIucf\/embed\" title=\"Ouvrir le lien sur Instagram\" target=\"_blank\" rel=\"noopener\">Visualiser le contenu sur Instagram<\/a><\/p>\n<p>Aller \u00e0 la rencontre des gens\u2026 dans la rue<\/p>\n<p class=\" wall-content\">Autour d\u2019un caf\u00e9 pris \u00e0 Lille, le duo \u00e9voque sa mani\u00e8re originale d\u2019aller \u00e0 la rencontre du public. Il ne s\u2019agit pas de \u00ab\u2009faire le buzz\u2009\u00bb via les <a href=\"https:\/\/actu.fr\/tag\/reseaux-sociaux\" target=\"_blank\" rel=\"noopener\">r\u00e9seaux sociaux<\/a> ou de partager massivement sur la toile, mais d\u2019aller \u00e0 la rencontre des gens. \u00ab\u2009On dit \u2018bonjour, excusez-moi, j\u2019aimerais vous parler de notre projet\u2019\u00bb, raconte Elias. \u00ab\u2009Puis on leur fait \u00e9couter un morceau. Les gens sont tr\u00e8s sympas, attentifs, ils reviennent parfois vers nous\u2026\u2009\u00bb Ce sont surtout de bons moments de partage, comme les premiers concerts. Vous avez pu les voir \u00e0 Hazebrouck pour le grand d\u00e9part du Tour de France, ou \u00e0 Lille\u2009: au Jost, au W ou \u00e0 l\u2019Annexe.<\/p>\n<blockquote class=\"ac-article-quote wall-content\">\n<p>\u00ab\u2009On a vraiment eu de bons retours sur le premier EP. C\u2019est assez dingue\u2009!\u2009\u00bb<\/p>\n<p>Elias, de Yallace.<\/p><\/blockquote>\n<p>Un 2e EP plus fantaisiste<\/p>\n<p class=\" wall-content\">\u00c0 peine le premier EP sorti, le duo pr\u00e9pare la sortie du suivant. Pour la suite, le duo va un peu plus loin dans la cr\u00e9ativit\u00e9. \u00ab\u2009C\u2019est beaucoup plus fantaisiste\u2009! Yallace devient un personnage\u2009\u00bb, pr\u00e9sente Yacine. Ce dernier combat des cr\u00e9atures imaginaires, illustrant d\u2019une mani\u00e8re imagin\u00e9e le conflit int\u00e9rieur. \u00ab\u2009On romance un peu l\u2019histoire dans cette nouvelle \u00e9tape du projet\u2009\u00bb, d\u00e9crit le pianiste. Le premier morceau devrait \u00eatre en ligne en toute fin d\u2019ann\u00e9e. Pour l\u2019heure, l\u2019EP est enregistr\u00e9, le mix est en confection. En attendant, le duo cherche des dates pour multiplier les occasions de jouer face au public.<\/p>\n<p class=\" wall-content\">Si vous voulez les voir en live, Yallace passe <b>le samedi 15\u00a0novembre \u00e0 20\u2009h \u00e0 la friperie Frip\u2019Up<\/b> (79, rue L\u00e9on Gambetta) \u00e0<b> Lille\u2009!<\/b><\/p>\n<p class=\" wall-content\">Personnalisez votre actualit\u00e9 en ajoutant vos villes et m\u00e9dias en favori avec <a href=\"https:\/\/moncompte.actu.fr\" title=\"D\u00e9couvez Mon Actu\" rel=\"nofollow noopener\" data-trk=\"{&quot;cta&quot;:{&quot;action&quot;:&quot;https:\\\/\\\/moncompte.actu.fr&quot;,&quot;category&quot;:&quot;mon compte&quot;,&quot;from&quot;:&quot;article footer&quot;,&quot;name&quot;:&quot;Mon actu&quot;,&quot;type&quot;:&quot;cta&quot;}}\" target=\"_blank\">Mon Actu<\/a>.<\/p>\n<p>                    <script async src=\"\/\/www.instagram.com\/embed.js\"><\/script><\/p>\n","protected":false},"excerpt":{"rendered":"Par Amandine Vachez Publi\u00e9 le 9 nov. 2025 \u00e0 12h46 C\u2019est une histoire d\u2019amiti\u00e9. Mieux que \u00e7a\u2009: Yacine&hellip;\n","protected":false},"author":2,"featured_media":522746,"comment_status":"","ping_status":"","sticky":false,"template":"","format":"standard","meta":{"footnotes":""},"categories":[2815],"tags":[1111,11,1777,674,1011,27,811,1307,1652,873,12,9026,25],"class_list":{"0":"post-522745","1":"post","2":"type-post","3":"status-publish","4":"format-standard","5":"has-post-thumbnail","7":"category-lille","8":"tag-actu","9":"tag-actualites","10":"tag-eu","11":"tag-europe","12":"tag-fr","13":"tag-france","14":"tag-hauts-de-france","15":"tag-lille","16":"tag-loisirs-culture","17":"tag-musique","18":"tag-news","19":"tag-portrait","20":"tag-republique-francaise"},"share_on_mastodon":{"url":"https:\/\/pubeurope.com\/@fr\/115519822456005216","error":""},"_links":{"self":[{"href":"https:\/\/www.europesays.com\/fr\/wp-json\/wp\/v2\/posts\/522745","targetHints":{"allow":["GET"]}}],"collection":[{"href":"https:\/\/www.europesays.com\/fr\/wp-json\/wp\/v2\/posts"}],"about":[{"href":"https:\/\/www.europesays.com\/fr\/wp-json\/wp\/v2\/types\/post"}],"author":[{"embeddable":true,"href":"https:\/\/www.europesays.com\/fr\/wp-json\/wp\/v2\/users\/2"}],"replies":[{"embeddable":true,"href":"https:\/\/www.europesays.com\/fr\/wp-json\/wp\/v2\/comments?post=522745"}],"version-history":[{"count":0,"href":"https:\/\/www.europesays.com\/fr\/wp-json\/wp\/v2\/posts\/522745\/revisions"}],"wp:featuredmedia":[{"embeddable":true,"href":"https:\/\/www.europesays.com\/fr\/wp-json\/wp\/v2\/media\/522746"}],"wp:attachment":[{"href":"https:\/\/www.europesays.com\/fr\/wp-json\/wp\/v2\/media?parent=522745"}],"wp:term":[{"taxonomy":"category","embeddable":true,"href":"https:\/\/www.europesays.com\/fr\/wp-json\/wp\/v2\/categories?post=522745"},{"taxonomy":"post_tag","embeddable":true,"href":"https:\/\/www.europesays.com\/fr\/wp-json\/wp\/v2\/tags?post=522745"}],"curies":[{"name":"wp","href":"https:\/\/api.w.org\/{rel}","templated":true}]}}