{"id":522749,"date":"2025-11-09T12:51:12","date_gmt":"2025-11-09T12:51:12","guid":{"rendered":"https:\/\/www.europesays.com\/fr\/522749\/"},"modified":"2025-11-09T12:51:12","modified_gmt":"2025-11-09T12:51:12","slug":"en-visite-chez-les-kapseurs","status":"publish","type":"post","link":"https:\/\/www.europesays.com\/fr\/522749\/","title":{"rendered":"en visite chez les Kapseurs"},"content":{"rendered":"<p>CASTING<\/p>\n<p>Joris Milleret (23\u00a0ans)<\/p>\n<p>Rahim Khencha (24\u00a0ans)<\/p>\n<p>Rom\u00e9o Hountondji (24\u00a0ans)<\/p>\n<p>LOGEMENT<\/p>\n<p>L&rsquo;ancienne cit\u00e9 des Douanes, <a href=\"https:\/\/www.laprovence.com\/article\/edition-marseille\/4458518\/le-carre-saint-lazare-un-nouveau-lieu-de-vie.html\" target=\"_blank\" rel=\"noopener\">dans le quartier populaire de Saint-Lazare<\/a> (3e arrondissement), \u00e0 Marseille. Le Centre r\u00e9gional des \u0153uvres universitaires et scolaires (Crous) d&rsquo;Aix-Marseille Universit\u00e9 y a rachet\u00e9 et r\u00e9nov\u00e9 deux des b\u00e2timents aust\u00e8res de cet ensemble b\u00e2ti il y a plus d&rsquo;un si\u00e8cle pour abriter les personnels des douanes et leurs familles. Ceux qui y demeurent encore ont depuis quatre ans 200 \u00e9tudiants pour voisins, dont 50 \u00ab\u00a0Kapseurs\u00a0\u00bb (on y viendra). Sur la porte de l&rsquo;appartement de Joris, Rahim, Rom\u00e9o et Rameau (absent, au boulot), une pancarte\u00a0: \u00ab\u00a0Les Colocs \u00e0 terre\u00a0\u00bb.<\/p>\n<p>Les \u00e9tudiants partagent un T5 de 88\u00a0m\u00b2\u00a0: linol\u00e9um et murs beiges et bleus, nus (\u00ab\u00a0On n&rsquo;a pas trop le droit d&rsquo;accrocher des trucs, on n&rsquo;a pas trop investi la d\u00e9co\u00a0\u00bb) dans la cuisine (frigo o\u00f9 chacun a son \u00e9tag\u00e8re, plaques \u00e0 induction, four, micro-ondes, friteuse), le salon (canap\u00e9 bleu, meuble t\u00e9l\u00e9 mais pas d&rsquo;\u00e9cran, \u00ab\u00a0du coup on ne vient pas trop dans cette pi\u00e8ce\u00a0\u00bb). Y sont stock\u00e9s des cartons et la trottinette de Rom\u00e9o\u00a0: \u00ab\u00a0C&rsquo;est la seule solution pour quand je reviens du travail, <a href=\"https:\/\/www.laprovence.com\/om\" target=\"_blank\" rel=\"noopener\">les soirs de match de l&rsquo;OM<\/a>\u00a0: on finit plus t&#8230;<\/p>\n","protected":false},"excerpt":{"rendered":"CASTING Joris Milleret (23\u00a0ans) Rahim Khencha (24\u00a0ans) Rom\u00e9o Hountondji (24\u00a0ans) LOGEMENT L&rsquo;ancienne cit\u00e9 des Douanes, dans le quartier&hellip;\n","protected":false},"author":2,"featured_media":522750,"comment_status":"","ping_status":"","sticky":false,"template":"","format":"standard","meta":{"footnotes":""},"categories":[2814],"tags":[17,1111,11,3694,1777,674,652,1011,27,884,22840,12,14992,882,32320,16,25,5565,510],"class_list":{"0":"post-522749","1":"post","2":"type-post","3":"status-publish","4":"format-standard","5":"has-post-thumbnail","7":"category-marseille","8":"tag-17","9":"tag-actu","10":"tag-actualites","11":"tag-affaires","12":"tag-eu","13":"tag-europe","14":"tag-famille","15":"tag-fr","16":"tag-france","17":"tag-marseille","18":"tag-mixite","19":"tag-news","20":"tag-partage","21":"tag-provence-alpes-cote-dazur","22":"tag-realiser","23":"tag-region","24":"tag-republique-francaise","25":"tag-reves","26":"tag-visite"},"share_on_mastodon":{"url":"","error":""},"_links":{"self":[{"href":"https:\/\/www.europesays.com\/fr\/wp-json\/wp\/v2\/posts\/522749","targetHints":{"allow":["GET"]}}],"collection":[{"href":"https:\/\/www.europesays.com\/fr\/wp-json\/wp\/v2\/posts"}],"about":[{"href":"https:\/\/www.europesays.com\/fr\/wp-json\/wp\/v2\/types\/post"}],"author":[{"embeddable":true,"href":"https:\/\/www.europesays.com\/fr\/wp-json\/wp\/v2\/users\/2"}],"replies":[{"embeddable":true,"href":"https:\/\/www.europesays.com\/fr\/wp-json\/wp\/v2\/comments?post=522749"}],"version-history":[{"count":0,"href":"https:\/\/www.europesays.com\/fr\/wp-json\/wp\/v2\/posts\/522749\/revisions"}],"wp:featuredmedia":[{"embeddable":true,"href":"https:\/\/www.europesays.com\/fr\/wp-json\/wp\/v2\/media\/522750"}],"wp:attachment":[{"href":"https:\/\/www.europesays.com\/fr\/wp-json\/wp\/v2\/media?parent=522749"}],"wp:term":[{"taxonomy":"category","embeddable":true,"href":"https:\/\/www.europesays.com\/fr\/wp-json\/wp\/v2\/categories?post=522749"},{"taxonomy":"post_tag","embeddable":true,"href":"https:\/\/www.europesays.com\/fr\/wp-json\/wp\/v2\/tags?post=522749"}],"curies":[{"name":"wp","href":"https:\/\/api.w.org\/{rel}","templated":true}]}}