{"id":522765,"date":"2025-11-09T13:00:23","date_gmt":"2025-11-09T13:00:23","guid":{"rendered":"https:\/\/www.europesays.com\/fr\/522765\/"},"modified":"2025-11-09T13:00:23","modified_gmt":"2025-11-09T13:00:23","slug":"totalement-illegal-une-enquete-ouverte-apres-le-rassemblement-des-supporters-du-wydad-casablanca-a-paris","status":"publish","type":"post","link":"https:\/\/www.europesays.com\/fr\/522765\/","title":{"rendered":"\u00abTotalement ill\u00e9gal\u00bb, une enqu\u00eate ouverte apr\u00e8s le rassemblement des supporters du Wydad Casablanca \u00e0 Paris"},"content":{"rendered":"<p>\n    Ce vendredi, un groupe de supporters du club marocain s\u2019est rendu pr\u00e8s de la Tour Eiffel pour f\u00eater leurs 20 ans. Selon Le Parisien une enqu\u00eate a \u00e9t\u00e9 ouverte.\u00a0<\/p>\n<p class=\"fig-paragraph\">Des feux d\u2019artifice, des fumig\u00e8nes, des chants en bord de Seine\u2026 Les images ont rapidement inond\u00e9 les r\u00e9seaux sociaux dans la nuit de vendredi \u00e0 samedi. Ce rassemblement, organis\u00e9 sans autorisation, a eu lieu sur les ponts Mirabeau et Grenelle, \u00e0 quelques pas de la tour Eiffel. Il s\u2019agissait de supporters du club marocain du<a href=\"https:\/\/www.lefigaro.fr\/sports\/football\/equipes\/wydad-casablanca\/calendrier-resultats?msockid=2338e949ff1a6caa28edff13fe766dd0\" target=\"_blank\" rel=\"sponsored noopener\" data-gtm-custom-categorie=\"navigation\" data-gtm-custom-action=\"crossclick\" data-gtm-custom-label=\"Contextuel\" data-gtm-event=\"customEventSPE\">\u00a0Wydad Athletic Club\u00a0<\/a>de Casablanca, venus marquer l\u2019anniversaire des 20 ans de leur groupe.<\/p>\n<p class=\"fig-paragraph\">Selon Le Parisien, l\u2019initiative \u00e9tait \u00ab totalement ill\u00e9gale\u00a0\u00bb\u00a0: aucune demande de manifestation n\u2019avait \u00e9t\u00e9 d\u00e9pos\u00e9e en amont. L\u2019\u00e9v\u00e9nement, d\u2019une dur\u00e9e tr\u00e8s courte, moins d\u2019une minute selon les estimations, n\u2019a toutefois donn\u00e9 lieu \u00e0 aucun trouble \u00e0 l\u2019ordre public. Les forces de l\u2019ordre, alert\u00e9es par plusieurs signalements, sont arriv\u00e9es sur place apr\u00e8s la dispersion des participants.<\/p>\n<p>                                    <a class=\"fig-a11y-skip a11y-hidden\" href=\"#fig-a11y-skip-main-inarticle\"><br \/>\n        Passer la publicit\u00e9<br \/>\n    <\/a><\/p>\n<p>Une enqu\u00eate ouverte malgr\u00e9 le calme<\/p>\n<p class=\"fig-paragraph\">La s\u00fbret\u00e9 territoriale de Paris a \u00e9t\u00e9 charg\u00e9e de l\u2019enqu\u00eate afin de d\u00e9terminer les circonstances pr\u00e9cises de ce rassemblement et d\u2019identifier d\u2019\u00e9ventuelles infractions. Le maire du XVe arrondissement, Philippe Goujon, a \u00e9voqu\u00e9 de son c\u00f4t\u00e9 de \u00ab petits attroupements\u00a0\u00bb et de \u00ab modestes feux d\u2019artifice\u00a0\u00bb.<\/p>\n<p class=\"fig-paragraph\">Certaines vid\u00e9os diffus\u00e9es sur Internet montrent pourtant des sc\u00e8nes impressionnantes, tourn\u00e9es depuis les airs. Selon Le Parisien, ces prises de vue auraient pu n\u00e9cessiter l\u2019usage d\u2019un drone dans une zone pourtant sensible, proche du minist\u00e8re des Arm\u00e9es \u00e0 Balard. Reste \u00e0 savoir si ces images sont authentiques ou ont \u00e9t\u00e9 retouch\u00e9es, voire g\u00e9n\u00e9r\u00e9es \u00e0 l\u2019aide d\u2019outils d\u2019intelligence artificielle, une hypoth\u00e8se encore non confirm\u00e9e \u00e0 ce stade.<\/p>\n","protected":false},"excerpt":{"rendered":"Ce vendredi, un groupe de supporters du club marocain s\u2019est rendu pr\u00e8s de la Tour Eiffel pour f\u00eater&hellip;\n","protected":false},"author":2,"featured_media":522766,"comment_status":"","ping_status":"","sticky":false,"template":"","format":"standard","meta":{"footnotes":""},"categories":[1888],"tags":[11,454,69,448,83,451,64,1777,450,449,674,1011,27,452,453,66,446,447,12,626,70,25,455],"class_list":{"0":"post-522765","1":"post","2":"type-post","3":"status-publish","4":"format-standard","5":"has-post-thumbnail","7":"category-paris","8":"tag-actualites","9":"tag-ballon-dor","10":"tag-bundesliga","11":"tag-champions-league","12":"tag-coupe-de-france","13":"tag-coupe-du-monde","14":"tag-equipe-de-france","15":"tag-eu","16":"tag-euro","17":"tag-europa-league","18":"tag-europe","19":"tag-fr","20":"tag-france","21":"tag-italie","22":"tag-liga","23":"tag-ligue-1","24":"tag-ligue-2","25":"tag-ligue-des-champions","26":"tag-news","27":"tag-paris","28":"tag-premier-league","29":"tag-republique-francaise","30":"tag-uefa"},"share_on_mastodon":{"url":"https:\/\/pubeurope.com\/@fr\/115519869780595181","error":""},"_links":{"self":[{"href":"https:\/\/www.europesays.com\/fr\/wp-json\/wp\/v2\/posts\/522765","targetHints":{"allow":["GET"]}}],"collection":[{"href":"https:\/\/www.europesays.com\/fr\/wp-json\/wp\/v2\/posts"}],"about":[{"href":"https:\/\/www.europesays.com\/fr\/wp-json\/wp\/v2\/types\/post"}],"author":[{"embeddable":true,"href":"https:\/\/www.europesays.com\/fr\/wp-json\/wp\/v2\/users\/2"}],"replies":[{"embeddable":true,"href":"https:\/\/www.europesays.com\/fr\/wp-json\/wp\/v2\/comments?post=522765"}],"version-history":[{"count":0,"href":"https:\/\/www.europesays.com\/fr\/wp-json\/wp\/v2\/posts\/522765\/revisions"}],"wp:featuredmedia":[{"embeddable":true,"href":"https:\/\/www.europesays.com\/fr\/wp-json\/wp\/v2\/media\/522766"}],"wp:attachment":[{"href":"https:\/\/www.europesays.com\/fr\/wp-json\/wp\/v2\/media?parent=522765"}],"wp:term":[{"taxonomy":"category","embeddable":true,"href":"https:\/\/www.europesays.com\/fr\/wp-json\/wp\/v2\/categories?post=522765"},{"taxonomy":"post_tag","embeddable":true,"href":"https:\/\/www.europesays.com\/fr\/wp-json\/wp\/v2\/tags?post=522765"}],"curies":[{"name":"wp","href":"https:\/\/api.w.org\/{rel}","templated":true}]}}