{"id":522767,"date":"2025-11-09T13:01:16","date_gmt":"2025-11-09T13:01:16","guid":{"rendered":"https:\/\/www.europesays.com\/fr\/522767\/"},"modified":"2025-11-09T13:01:16","modified_gmt":"2025-11-09T13:01:16","slug":"au-moins-20-000-personnes-sans-electricite-apres-des-frappes-ukrainiennes-lexpress","status":"publish","type":"post","link":"https:\/\/www.europesays.com\/fr\/522767\/","title":{"rendered":"au moins 20\u00a0000 personnes sans \u00e9lectricit\u00e9 apr\u00e8s des frappes ukrainiennes \u2013 L&rsquo;Express"},"content":{"rendered":"<p class=\"paragraph article-body-paragraph article__item   article-body-paragraph--first \">Deux r\u00e9gions russes frontali\u00e8res de l&rsquo;<a href=\"https:\/\/www.lexpress.fr\/monde\/lukraine-appelle-lue-a-renforcer-les-droits-de-douane-sur-les-importations-russes-OKAME2JHAZBTPFWXFZ5TNVF5CQ\/\" target=\"_self\" rel=\"nofollow noopener\" title=\"https:\/\/www.lexpress.fr\/monde\/lukraine-appelle-lue-a-renforcer-les-droits-de-douane-sur-les-importations-russes-OKAME2JHAZBTPFWXFZ5TNVF5CQ\/\">Ukraine<\/a> font face dimanche \u00e0 des coupures d&rsquo;\u00e9lectricit\u00e9 affectant 20 000 personnes apr\u00e8s des frappes ukrainiennes sur les infrastructures \u00e9nerg\u00e9tiques, ont annonc\u00e9 les autorit\u00e9s locales, au lendemain de <a href=\"https:\/\/www.lexpress.fr\/monde\/asie\/guerre-en-ukraine-cette-nouvelle-bombe-russe-a-propulsion-qui-redefinit-la-strategie-du-kremlin-MVJEDL5GCFEHRNKAERJQDJBXWM\/\" target=\"_self\" rel=\"nofollow noopener\" title=\"https:\/\/www.lexpress.fr\/monde\/asie\/guerre-en-ukraine-cette-nouvelle-bombe-russe-a-propulsion-qui-redefinit-la-strategie-du-kremlin-MVJEDL5GCFEHRNKAERJQDJBXWM\/\">bombardements russes<\/a> en Ukraine. Dans la r\u00e9gion de Belgorod, r\u00e9guli\u00e8rement vis\u00e9e par des tirs ukrainiens, le gouverneur Viatcheslav Gladkov a rapport\u00e9 sur Telegram que \u00ab\u00a0le r\u00e9seau d&rsquo;approvisionnement en \u00e9lectricit\u00e9 et en chauffage a subi de graves d\u00e9g\u00e2ts\u00a0\u00bb dans la capitale r\u00e9gionale \u00e9ponyme. \u00ab\u00a0Plusieurs rues sont touch\u00e9es par des probl\u00e8mes de courant (&#8230;) Plus de 20.000 habitants sont priv\u00e9s d&rsquo;\u00e9lectricit\u00e9\u00a0\u00bb, a-t-il ajout\u00e9.<\/p>\n<p class=\"paragraph article-body-paragraph article__item   \">Dans la r\u00e9gion de Koursk, \u00e9galement frontali\u00e8re de l&rsquo;Ukraine, \u00ab\u00a0un incendie s&rsquo;est d\u00e9clar\u00e9 dans l&rsquo;une des installations \u00e9nerg\u00e9tiques du village de Korenevo\u00a0\u00bb, laissant 10 localit\u00e9s sans \u00e9lectricit\u00e9, a annonc\u00e9 sur Telegram le gouverneur Alexandre Khinshte\u00efn. Et dans la r\u00e9gion de Voronej, un incendie s&rsquo;est d\u00e9clar\u00e9 dans une installation assurant le chauffage, selon le gouverneur Alexandre Goussev.<\/p>\n<p><strong class=\"article-body-link-list__item text-gray-800 article-body-link-list__item--one-item\">LIRE AUSSI : <a class=\"article-body-link-list__item-link\" href=\"https:\/\/www.lexpress.fr\/monde\/europe\/lhiver-sannonce-tres-difficile-en-ukraine-leffroyable-guerre-de-lenergie-des-russes-EKJYN77B35HEPLFP3RU7NKDOBI\/\" rel=\"nofollow noopener\" target=\"_blank\">\u00ab\u00a0L\u2019hiver s\u2019annonce tr\u00e8s difficile\u00a0\u00bb : en Ukraine, l\u2019effroyable guerre de l\u2019\u00e9nergie des Russes<\/a><\/strong><\/p>\n<p class=\"paragraph article-body-paragraph article__item    article__text__endpicto\">Le minist\u00e8re russe de la D\u00e9fense a de son c\u00f4t\u00e9 rapport\u00e9 avoir abattu 44 drones au-dessus de la r\u00e9gion de Briansk, autre territoire frontalier. Samedi, la <a href=\"https:\/\/www.lexpress.fr\/monde\/europe\/visas-russes-en-europe-la-riposte-de-bruxelles-aux-attaques-hybrides-du-kremlin-KUVJMRV7K5C5ZBRR5HAFF6SO6I\/\" target=\"_self\" rel=\"nofollow noopener\" title=\"https:\/\/www.lexpress.fr\/monde\/europe\/visas-russes-en-europe-la-riposte-de-bruxelles-aux-attaques-hybrides-du-kremlin-KUVJMRV7K5C5ZBRR5HAFF6SO6I\/\">Russie<\/a> avait men\u00e9 des frappes massives sur le r\u00e9seau \u00e9lectrique, gazier et les chemins de fer d&rsquo;Ukraine. Cette attaque a provoqu\u00e9 des coupures de courant et d&rsquo;importants d\u00e9g\u00e2ts dans les centrales \u00e9lectriques ukrainiennes et fait au moins quatre morts, selon les autorit\u00e9s. Dans la nuit de samedi \u00e0 dimanche, les forces russes ont tir\u00e9 69 drones sur l&rsquo;Ukraine, dont 34 ont \u00e9t\u00e9 abattus, selon l&rsquo;arm\u00e9e de l&rsquo;air.<\/p>\n","protected":false},"excerpt":{"rendered":"Deux r\u00e9gions russes frontali\u00e8res de l&rsquo;Ukraine font face dimanche \u00e0 des coupures d&rsquo;\u00e9lectricit\u00e9 affectant 20 000 personnes apr\u00e8s&hellip;\n","protected":false},"author":2,"featured_media":522768,"comment_status":"","ping_status":"","sticky":false,"template":"","format":"standard","meta":{"footnotes":""},"categories":[1591],"tags":[11,674,1887,74,12,1885,1886,132],"class_list":{"0":"post-522767","1":"post","2":"type-post","3":"status-publish","4":"format-standard","5":"has-post-thumbnail","7":"category-russie","8":"tag-actualites","9":"tag-europe","10":"tag-federation-de-russie","11":"tag-monde","12":"tag-news","13":"tag-russia","14":"tag-russian-federation","15":"tag-russie"},"share_on_mastodon":{"url":"https:\/\/pubeurope.com\/@fr\/115519873641478893","error":""},"_links":{"self":[{"href":"https:\/\/www.europesays.com\/fr\/wp-json\/wp\/v2\/posts\/522767","targetHints":{"allow":["GET"]}}],"collection":[{"href":"https:\/\/www.europesays.com\/fr\/wp-json\/wp\/v2\/posts"}],"about":[{"href":"https:\/\/www.europesays.com\/fr\/wp-json\/wp\/v2\/types\/post"}],"author":[{"embeddable":true,"href":"https:\/\/www.europesays.com\/fr\/wp-json\/wp\/v2\/users\/2"}],"replies":[{"embeddable":true,"href":"https:\/\/www.europesays.com\/fr\/wp-json\/wp\/v2\/comments?post=522767"}],"version-history":[{"count":0,"href":"https:\/\/www.europesays.com\/fr\/wp-json\/wp\/v2\/posts\/522767\/revisions"}],"wp:featuredmedia":[{"embeddable":true,"href":"https:\/\/www.europesays.com\/fr\/wp-json\/wp\/v2\/media\/522768"}],"wp:attachment":[{"href":"https:\/\/www.europesays.com\/fr\/wp-json\/wp\/v2\/media?parent=522767"}],"wp:term":[{"taxonomy":"category","embeddable":true,"href":"https:\/\/www.europesays.com\/fr\/wp-json\/wp\/v2\/categories?post=522767"},{"taxonomy":"post_tag","embeddable":true,"href":"https:\/\/www.europesays.com\/fr\/wp-json\/wp\/v2\/tags?post=522767"}],"curies":[{"name":"wp","href":"https:\/\/api.w.org\/{rel}","templated":true}]}}