{"id":522775,"date":"2025-11-09T13:05:20","date_gmt":"2025-11-09T13:05:20","guid":{"rendered":"https:\/\/www.europesays.com\/fr\/522775\/"},"modified":"2025-11-09T13:05:20","modified_gmt":"2025-11-09T13:05:20","slug":"ce-message-de-larmee-americaine-fait-polemique-en-allemagne-rendez-vous-dans-des-banques-alimentaires","status":"publish","type":"post","link":"https:\/\/www.europesays.com\/fr\/522775\/","title":{"rendered":"Ce message de l&rsquo;arm\u00e9e am\u00e9ricaine fait pol\u00e9mique en Allemagne\u00a0: \u00ab\u00a0Rendez-vous dans des banques alimentaires\u00a0\u00bb"},"content":{"rendered":"<p class=\"ap-StoryElement ap-StoryElement--mb ap-StoryText\"><a href=\"https:\/\/home.army.mil\/bavaria\/about\/shutdown-guidance\" target=\"_blank\" rel=\"noreferrer noopener\">Un guide mis en ligne<\/a> par le commandement de la garnison am\u00e9ricaine de Bavi\u00e8re ce mercredi n&rsquo;a fait qu&rsquo;amplifier cette inqui\u00e9tude en Allemagne.<\/p>\n<p><a href=\"https:\/\/www.lalibre.be\/economie\/conjoncture\/2025\/11\/06\/des-milliers-de-vols-annules-aux-etats-unis-le-shutdown-paralyse-le-ciel-americain-Z7ZYOKIUWRHJJMQJA2QGCWOHWI\/\" target=\"_self\" class=\"ap-StoryInterstitialLink ap-StoryElement ap-StoryElement--mb\" rel=\"noopener\">Paralysie in\u00e9dite: pourquoi des milliers de vols sont annul\u00e9s aux Etats-Unis ?<\/a><\/p>\n<p class=\"ap-StoryElement ap-StoryElement--mb ap-StoryText\">En effet, celui-ci recensait les organisations humanitaires distribuant de la nourriture aux personnes dans le besoin. On y retrouve des banques alimentaires mais aussi des applications antigaspillages comme \u00ab\u00a0Too Good To Go\u00a0\u00bb. Ce guide, provoquant de nombreuses questions, a \u00e9t\u00e9 retir\u00e9 du site bavarois de l&rsquo;US Army ce samedi.<\/p>\n<p class=\"ap-StoryElement ap-StoryElement--mb ap-StoryText\">Selon <a href=\"https:\/\/www.leparisien.fr\/international\/etats-unis\/shutdown-aux-etats-unis-en-allemagne-larmee-americaine-avait-recommande-a-ses-troupes-de-se-fournir-a-la-banque-alimentaire-08-11-2025-THASEDFJWJDB7AUC7YXZUMANWM.php\" target=\"_blank\" rel=\"noreferrer noopener\">le Parisien<\/a>, il a \u00e9t\u00e9 remplac\u00e9 par un message assurant que la garnison de l&rsquo;arm\u00e9e am\u00e9ricaine de Bavi\u00e8re \u00ab\u00a0continuera d&rsquo;assurer les services essentiels \u00e0 la vie quotidienne, \u00e0 la sant\u00e9 et \u00e0 la s\u00e9curit\u00e9 des personnes travaillant et vivant dans notre communaut\u00e9\u00a0\u00bb. L&rsquo;arm\u00e9e am\u00e9ricaine a d\u00e9clar\u00e9 que cette liste devait \u00eatre uniquement destin\u00e9e aux civils am\u00e9ricains travaillant pour l&rsquo;arm\u00e9e.<\/p>\n<p class=\"ap-StoryElement ap-StoryElement--mb ap-StoryText\">Cependant, certains services, comme la livraison de mat\u00e9riel \u00e9lectrom\u00e9nager, ne seront plus assur\u00e9s. <a href=\"https:\/\/de.euronews.com\/2025\/11\/05\/shutdown-us-soldaten-tafel-trump-ramstein\" target=\"_blank\" rel=\"noreferrer noopener\">Euronews <\/a>pr\u00e9cise qu&rsquo;un r\u00e8glement de l&rsquo;OTAN interdit l&rsquo;application des dispositions allemandes en mati\u00e8re de s\u00e9curit\u00e9 sociale et de protection sociale aux troupes \u00e9trang\u00e8res.<\/p>\n<p class=\"ap-StoryElement ap-StoryElement--mb ap-StoryText\">Selon le magazine <a href=\"https:\/\/www.spiegel.de\/panorama\/us-militaer-in-bayern-empfahl-truppe-gang-zur-tafel-a-6f366675-c1aa-465a-9a46-2379fb73c2fc\" rel=\"noopener\" target=\"_blank\">Der Spiegel<\/a>, Berlin \u00ab\u00a0a pris en charge les salaires d&rsquo;octobre\u00a0\u00bb des forces am\u00e9ricaines en Allemagne \u00ab\u00a0et pr\u00e9voit de les verser \u00e9galement en novembre\u00a0\u00bb. Information confirm\u00e9e par le minist\u00e8re de l&rsquo;Int\u00e9rieur.<\/p>\n<p><a href=\"https:\/\/www.lalibre.be\/economie\/2025\/11\/05\/etats-unis-la-paralysie-budgetaire-atteint-36-jours-un-record-ZHPAA2NXDBACZMOVTRHDNZ6JVU\/\" target=\"_self\" class=\"ap-StoryInterstitialLink ap-StoryElement ap-StoryElement--mb\" rel=\"noopener\">Etats-Unis: la paralysie budg\u00e9taire atteint 36 jours, un record<\/a>Don anonyme<\/p>\n<p class=\"ap-StoryElement ap-StoryElement--mb ap-StoryText\">Sean Parnell, porte-parole du Pentagone, a d\u00e9clar\u00e9 \u00e0 CNN que Donald Trump avait re\u00e7u le don d&rsquo;un \u00ab\u00a0ami\u00a0\u00bb anonyme et que celui-ci, de 130 millions de dollars, serait revers\u00e9 au gouvernement : \u00ab\u00a0Ce don \u00e9tait conditionn\u00e9 \u00e0 son utilisation pour couvrir les salaires et les avantages sociaux des soldats\u00a0\u00bb. Cet argent semble urgent car, selon l&rsquo;<a href=\"https:\/\/bluestarfam.org\/2025\/10\/blue-star-families-joined-by-leading-military-and-veteran-organizations-call-on-congress-to-fund-the-government-and-protect-military-and-veteran-families\/\" rel=\"noopener\" target=\"_blank\">initiative Blue Star Families<\/a> fond\u00e9e par des militaires, \u00ab\u00a0moins d&rsquo;une famille militaire sur trois dispose d&rsquo;\u00e9conomies de 3 000 dollars\u00a0\u00bb.<\/p>\n<p><a href=\"https:\/\/www.lalibre.be\/international\/amerique\/2025\/11\/05\/ces-gars-sont-des-kamikazes-ils-detruiront-le-pays-sil-le-faut-la-nouvelle-charge-de-donald-trump-HUXC5PZ7UVFV7M5PJ6W6GC7M3E\/\" target=\"_self\" class=\"ap-StoryInterstitialLink ap-StoryElement ap-StoryElement--mb\" rel=\"noopener\">\u00ab\u00a0Ces gars sont des kamikazes. Ils d\u00e9truiront le pays s&rsquo;il le faut\u00a0\u00bb: la nouvelle charge de Donald Trump<\/a><\/p>\n","protected":false},"excerpt":{"rendered":"Un guide mis en ligne par le commandement de la garnison am\u00e9ricaine de Bavi\u00e8re ce mercredi n&rsquo;a fait&hellip;\n","protected":false},"author":2,"featured_media":522776,"comment_status":"","ping_status":"","sticky":false,"template":"","format":"standard","meta":{"footnotes":""},"categories":[1587],"tags":[11,672,1804,1805,1803,75,1777,674,1801,43890,12,1802],"class_list":{"0":"post-522775","1":"post","2":"type-post","3":"status-publish","4":"format-standard","5":"has-post-thumbnail","7":"category-allemagne","8":"tag-actualites","9":"tag-allemagne","10":"tag-bundesrepublik-deutschland","11":"tag-de","12":"tag-deutschland","13":"tag-donald-trump","14":"tag-eu","15":"tag-europe","16":"tag-germany","17":"tag-newb","18":"tag-news","19":"tag-republique-federale-dallemagne"},"share_on_mastodon":{"url":"https:\/\/pubeurope.com\/@fr\/115519889338263724","error":""},"_links":{"self":[{"href":"https:\/\/www.europesays.com\/fr\/wp-json\/wp\/v2\/posts\/522775","targetHints":{"allow":["GET"]}}],"collection":[{"href":"https:\/\/www.europesays.com\/fr\/wp-json\/wp\/v2\/posts"}],"about":[{"href":"https:\/\/www.europesays.com\/fr\/wp-json\/wp\/v2\/types\/post"}],"author":[{"embeddable":true,"href":"https:\/\/www.europesays.com\/fr\/wp-json\/wp\/v2\/users\/2"}],"replies":[{"embeddable":true,"href":"https:\/\/www.europesays.com\/fr\/wp-json\/wp\/v2\/comments?post=522775"}],"version-history":[{"count":0,"href":"https:\/\/www.europesays.com\/fr\/wp-json\/wp\/v2\/posts\/522775\/revisions"}],"wp:featuredmedia":[{"embeddable":true,"href":"https:\/\/www.europesays.com\/fr\/wp-json\/wp\/v2\/media\/522776"}],"wp:attachment":[{"href":"https:\/\/www.europesays.com\/fr\/wp-json\/wp\/v2\/media?parent=522775"}],"wp:term":[{"taxonomy":"category","embeddable":true,"href":"https:\/\/www.europesays.com\/fr\/wp-json\/wp\/v2\/categories?post=522775"},{"taxonomy":"post_tag","embeddable":true,"href":"https:\/\/www.europesays.com\/fr\/wp-json\/wp\/v2\/tags?post=522775"}],"curies":[{"name":"wp","href":"https:\/\/api.w.org\/{rel}","templated":true}]}}