{"id":522777,"date":"2025-11-09T13:06:11","date_gmt":"2025-11-09T13:06:11","guid":{"rendered":"https:\/\/www.europesays.com\/fr\/522777\/"},"modified":"2025-11-09T13:06:11","modified_gmt":"2025-11-09T13:06:11","slug":"invite-deurope-1-ce-matin-eric-zemmour-met-en-garde-les-deputes-lfi-de-souche-seront-un-jour-eux-aussi-grand-remplaces-par-les-rima-hassan-et-les-autres-video","status":"publish","type":"post","link":"https:\/\/www.europesays.com\/fr\/522777\/","title":{"rendered":"Invit\u00e9 d&rsquo;Europe 1 ce matin, Eric Zemmour met en garde : \u00ab\u00a0Les d\u00e9put\u00e9s LFI de souche seront un jour, eux-aussi, grand remplac\u00e9s par les Rima Hassan et les autres\u00a0\u00bb &#8211; Vid\u00e9o"},"content":{"rendered":"<p>Invit\u00e9 ce matin sur Europe 1, Eric Zemmour est revenu sur l&rsquo;\u00e9lection d&rsquo;un maire de gauche et musulman \u00e0 New York en faisant une comparaison avec ce qui pourrait se passer en France :\u00a0<\/p>\n<p>\u00ab\u00a0L&rsquo;occident est en train de vivre ce qu&rsquo;a v\u00e9cu le christianisme d&rsquo;Orient a v\u00e9cu il y a 1.000 ans. Nous sommes en train de vivre la soumission, car nous sommes devenus trop faibles. Nous sommes en train de vivre un moment qui fera date. Nous sommes en train de vivre un moment qui fera date.<\/p>\n<p>Une fois que le parti de l&rsquo;\u00e9tranger, c&rsquo;est \u00e0 dire la France Insoumise en France, nous aurons un jour la m\u00eame chose qu&rsquo;\u00e0 New York qui arrivera \u00e0 la Mairie de Paris et \u00e0 la t\u00eate de la France.<\/p>\n<p>En fait c&rsquo;est la d\u00e9mocratie, qui fait l&rsquo;histoire.<\/p>\n<p>Vous avez vu cette r\u00e9action d&rsquo;un d\u00e9put\u00e9 noir de LFI apr\u00e8s l&rsquo;\u00e9lection de Mamdani \u00e0 New York, qui dit que maintenant, c&rsquo;est \u00e0 nous de faire la m\u00eame chose. Mais en r\u00e9alit\u00e9, les d\u00e9put\u00e9s LFI de souche seront un jour, eux-aussi, grand remplac\u00e9s par les Rima Hassan et les autres.\u00a0\u00bb<\/p>\n<p>Zohran Mamdani est devenu le plus jeune maire de New York depuis un si\u00e8cle, le premier socialiste revendiqu\u00e9 et le premier musulman. L\u2019\u00e9lection du candidat d\u00e9mocrate de 34 ans \u00e0 la t\u00eate de la capitale financi\u00e8re de la plan\u00e8te consacre surtout une ligne politique : r\u00e9duction du co\u00fbt de la vie, taxation des plus riches, opposition totale \u00e0 Donald Trump.<\/p>\n","protected":false},"excerpt":{"rendered":"Invit\u00e9 ce matin sur Europe 1, Eric Zemmour est revenu sur l&rsquo;\u00e9lection d&rsquo;un maire de gauche et musulman&hellip;\n","protected":false},"author":2,"featured_media":522778,"comment_status":"","ping_status":"","sticky":false,"template":"","format":"standard","meta":{"footnotes":""},"categories":[1586],"tags":[11,3220,1777,674,1011,27,2338,12,25,62862],"class_list":{"0":"post-522777","1":"post","2":"type-post","3":"status-publish","4":"format-standard","5":"has-post-thumbnail","7":"category-europe","8":"tag-actualites","9":"tag-eric-zemmour","10":"tag-eu","11":"tag-europe","12":"tag-fr","13":"tag-france","14":"tag-la-france-insoumise","15":"tag-news","16":"tag-republique-francaise","17":"tag-zohran-mamdani"},"share_on_mastodon":{"url":"https:\/\/pubeurope.com\/@fr\/115519893272786802","error":""},"_links":{"self":[{"href":"https:\/\/www.europesays.com\/fr\/wp-json\/wp\/v2\/posts\/522777","targetHints":{"allow":["GET"]}}],"collection":[{"href":"https:\/\/www.europesays.com\/fr\/wp-json\/wp\/v2\/posts"}],"about":[{"href":"https:\/\/www.europesays.com\/fr\/wp-json\/wp\/v2\/types\/post"}],"author":[{"embeddable":true,"href":"https:\/\/www.europesays.com\/fr\/wp-json\/wp\/v2\/users\/2"}],"replies":[{"embeddable":true,"href":"https:\/\/www.europesays.com\/fr\/wp-json\/wp\/v2\/comments?post=522777"}],"version-history":[{"count":0,"href":"https:\/\/www.europesays.com\/fr\/wp-json\/wp\/v2\/posts\/522777\/revisions"}],"wp:featuredmedia":[{"embeddable":true,"href":"https:\/\/www.europesays.com\/fr\/wp-json\/wp\/v2\/media\/522778"}],"wp:attachment":[{"href":"https:\/\/www.europesays.com\/fr\/wp-json\/wp\/v2\/media?parent=522777"}],"wp:term":[{"taxonomy":"category","embeddable":true,"href":"https:\/\/www.europesays.com\/fr\/wp-json\/wp\/v2\/categories?post=522777"},{"taxonomy":"post_tag","embeddable":true,"href":"https:\/\/www.europesays.com\/fr\/wp-json\/wp\/v2\/tags?post=522777"}],"curies":[{"name":"wp","href":"https:\/\/api.w.org\/{rel}","templated":true}]}}