{"id":522785,"date":"2025-11-09T13:10:12","date_gmt":"2025-11-09T13:10:12","guid":{"rendered":"https:\/\/www.europesays.com\/fr\/522785\/"},"modified":"2025-11-09T13:10:12","modified_gmt":"2025-11-09T13:10:12","slug":"la-vigilance-de-la-france-ne-faiblit-pas-assure-la-ministre-catherine-vautrin","status":"publish","type":"post","link":"https:\/\/www.europesays.com\/fr\/522785\/","title":{"rendered":"\u00ab\u00a0La vigilance de la France ne faiblit pas\u00a0\u00bb, assure la ministre Catherine Vautrin"},"content":{"rendered":"<p class=\"app_entry_lead\">\n<p>                    <a title=\"\u00a0\u00a9\u00a0Jacques Witt \/SIPA (publi\u00e9e le 09\/11\/2025)\" href=\"https:\/\/www.europesays.com\/fr\/wp-content\/uploads\/2025\/11\/82537324.jpg\" class=\"fancy\"><\/p>\n<p>                            <img loading=\"lazy\" decoding=\"async\" src=\"https:\/\/www.europesays.com\/fr\/wp-content\/uploads\/2025\/11\/82537324.jpg\" alt=\"Terrorisme\u00a0: &quot;La vigilance de la France ne faiblit pas&quot;, assure la ministre Catherine Vautrin\" width=\"1500\" height=\"1002\"\/><\/p>\n<p>                    <\/a><\/p>\n<p>                La comm\u00e9moration des attentats du 13-Novembre approche. Dans une interview accord\u00e9e \u00e0 \u00ab\u00a0La Tribune Dimanche\u00a0\u00bb, Catherine Vautrin, ministre des Arm\u00e9es, revient sur les menaces terroristes en France, toujours \u00ab\u00a0importantes\u00a0\u00bb.<\/p>\n<p>Dans un entretien accord\u00e9 \u00e0 <a href=\"https:\/\/www.latribune.fr\/article\/la-tribune-dimanche\/la-tribune-dimanche\/politique\/11209314270366\/catherine-vautrin-ministre-des-armees-et-des-anciens-combattants-la-menace-terroriste-est-constante\" target=\"_blank\" rel=\"nofollow noopener\">La Tribune Dimanche<\/a> ce dimanche 9\u00a0novembre, la ministre des Arm\u00e9es et des Anciens combattants, Catherine Vautrin, est revenue sur les menaces terroristes qui sont toujours actives en <a href=\"https:\/\/www.linternaute.fr\/sortir\/guides-de-france\/2497979-guides-de-voyage-en-france-les-meilleures-destinations-a-visiter\/\" title=\"Guide de voyage en France\" rel=\"nofollow noopener\" target=\"_blank\">France<\/a>, \u00e0 l&rsquo;approche notamment des dix ans des attentats du 13-Novembre 2015. \u00ab\u00a0Les comm\u00e9morations sont des symboles. C&rsquo;est pourquoi la vigilance de l&rsquo;\u00c9tat est totale\u00a0\u00bb, souligne-t-elle.<\/p>\n<p>L&rsquo;ancienne ministre de la Sant\u00e9, qui a succ\u00e9d\u00e9 \u00e0 S\u00e9bastien Lecornu, indique \u00e9galement que la menace <a href=\"https:\/\/www.linternaute.com\/actualite\/monde\/terrorisme\/\" title=\"Terrorisme\" rel=\"nofollow noopener\" target=\"_blank\">terroriste<\/a> sur le territoire fran\u00e7ais \u00ab\u00a0reste extr\u00eamement importante, constante et lourde. Le suivi de cette menace reste une priorit\u00e9\u00a0\u00bb, pr\u00e9cise-t-elle. Selon Catherine Vautrin, \u00ab\u00a0la menace actuelle est plus multiforme [&#8230;] plus diffuse\u00a0\u00bb qu&rsquo;il y a dix ans. D&rsquo;ailleurs, elle ajoute que si les affaires sont moins m\u00e9diatis\u00e9es, cela ne signifie pas que le terrorisme \u00ab\u00a0a cess\u00e9 d&rsquo;exister\u00a0\u00bb.<\/p>\n<p>Une menace qui se renforce<\/p>\n<p>Catherine Vautrin revient \u00e9galement sur les mesures qui ont \u00e9t\u00e9 prises par le gouvernement pour lutter efficacement contre la menace. Parmi elles, les op\u00e9rations Sentinelle sur le territoire, ou bien encore la mobilisation des services de renseignement. Elle indique que le budget de ce service a doubl\u00e9 depuis 2015. \u00ab\u00a0La vigilance de la France, elle, ne faiblit pas\u00a0\u00bb, a assur\u00e9 la ministre des Arm\u00e9es.<\/p>\n<p>Pour les autorit\u00e9s, les craintes reposent sur l&rsquo;aspect endog\u00e8ne des risques terroristes aujourd&rsquo;hui\u00a0: \u00ab\u00a0Quand des individus se radicalisent seuls sur notre sol, parfois sous l&rsquo;influence de groupes \u00e9trangers\u00a0\u00bb, d\u00e9taille plus concr\u00e8tement la ministre. Une menace qui peut aussi \u00eatre import\u00e9e \u00ab\u00a0comme nous l&rsquo;avons d\u00e9j\u00e0 tragiquement v\u00e9cu\u00a0\u00bb, notamment avec le groupe \u00c9tat islamique, poursuit Catherine Vautrin.<\/p>\n<p>Un contexte g\u00e9opolitique tendu<\/p>\n<p>Le contexte g\u00e9opolitique mondial influence de mani\u00e8re certaine la menace terroriste dans le pays. Comme l&rsquo;explique <a href=\"https:\/\/www.bfmtv.com\/police-justice\/13-novembre-dix-ans-apres-les-attentats-la-ministre-catherine-vautrin-estime-que-la-menace-terroriste-est-plus-multiforme_AN-202511090199.html\" target=\"_blank\" rel=\"nofollow noopener\">BFMTV<\/a>, la chute de Bachar El-Assad en Syrie, par exemple, a suscit\u00e9, selon la ministre des Arm\u00e9es, \u00ab\u00a0une reconstitution des capacit\u00e9s de l&rsquo;\u00c9tat islamique et une recomposition de certains groupes localement\u00a0\u00bb qui pourraient menacer directement le territoire fran\u00e7ais.<\/p>\n","protected":false},"excerpt":{"rendered":"La comm\u00e9moration des attentats du 13-Novembre approche. Dans une interview accord\u00e9e \u00e0 \u00ab\u00a0La Tribune Dimanche\u00a0\u00bb, Catherine Vautrin, ministre&hellip;\n","protected":false},"author":2,"featured_media":522786,"comment_status":"","ping_status":"","sticky":false,"template":"","format":"standard","meta":{"footnotes":""},"categories":[4],"tags":[11,64336,51761,51763,1011,27,12,51767,25,104,1254],"class_list":{"0":"post-522785","1":"post","2":"type-post","3":"status-publish","4":"format-standard","5":"has-post-thumbnail","7":"category-france","8":"tag-actualites","9":"tag-cms-linternaute-9203415","10":"tag-controller-content","11":"tag-format-papier","12":"tag-fr","13":"tag-france","14":"tag-news","15":"tag-parallaxeinfeed","16":"tag-republique-francaise","17":"tag-societe","18":"tag-terrorisme"},"share_on_mastodon":{"url":"https:\/\/pubeurope.com\/@fr\/115519909597249753","error":""},"_links":{"self":[{"href":"https:\/\/www.europesays.com\/fr\/wp-json\/wp\/v2\/posts\/522785","targetHints":{"allow":["GET"]}}],"collection":[{"href":"https:\/\/www.europesays.com\/fr\/wp-json\/wp\/v2\/posts"}],"about":[{"href":"https:\/\/www.europesays.com\/fr\/wp-json\/wp\/v2\/types\/post"}],"author":[{"embeddable":true,"href":"https:\/\/www.europesays.com\/fr\/wp-json\/wp\/v2\/users\/2"}],"replies":[{"embeddable":true,"href":"https:\/\/www.europesays.com\/fr\/wp-json\/wp\/v2\/comments?post=522785"}],"version-history":[{"count":0,"href":"https:\/\/www.europesays.com\/fr\/wp-json\/wp\/v2\/posts\/522785\/revisions"}],"wp:featuredmedia":[{"embeddable":true,"href":"https:\/\/www.europesays.com\/fr\/wp-json\/wp\/v2\/media\/522786"}],"wp:attachment":[{"href":"https:\/\/www.europesays.com\/fr\/wp-json\/wp\/v2\/media?parent=522785"}],"wp:term":[{"taxonomy":"category","embeddable":true,"href":"https:\/\/www.europesays.com\/fr\/wp-json\/wp\/v2\/categories?post=522785"},{"taxonomy":"post_tag","embeddable":true,"href":"https:\/\/www.europesays.com\/fr\/wp-json\/wp\/v2\/tags?post=522785"}],"curies":[{"name":"wp","href":"https:\/\/api.w.org\/{rel}","templated":true}]}}