{"id":522789,"date":"2025-11-09T13:13:10","date_gmt":"2025-11-09T13:13:10","guid":{"rendered":"https:\/\/www.europesays.com\/fr\/522789\/"},"modified":"2025-11-09T13:13:10","modified_gmt":"2025-11-09T13:13:10","slug":"france-afrique-du-sud-17-32-pourquoi-les-joueurs-etaient-recouverts-de-vert-apres-le-match","status":"publish","type":"post","link":"https:\/\/www.europesays.com\/fr\/522789\/","title":{"rendered":"France-Afrique du Sud (17-32)\u00a0: pourquoi les joueurs \u00e9taient recouverts de vert apr\u00e8s le match\u00a0?"},"content":{"rendered":"<p class=\"paragraph text_align_left lp-f-body-02\">Des Sud-Africains avec un maillot vert, jusque-l\u00e0 rien d\u2019\u00e9trange\u2026 sauf lorsque leur tenue initiale \u00e9tait blanche. Samedi soir au Stade de France, les Springboks ont \u00e9t\u00e9 contraints de renoncer \u00e0 leur couleur historique pour affronter le XV de France et ce changement ne les a visiblement pas emp\u00each\u00e9s de balayer les hommes de Fabien Galthi\u00e9, <a href=\"https:\/\/www.leparisien.fr\/sports\/rugby\/xv-de-france\/france-afrique-du-sud-17-32-pas-de-revanche-mais-une-nouvelle-desillusion-pour-les-bleus-08-11-2025-NTPYVWQ6WBADNHZOJQ6BHSA2AI.php\" target=\"_self\" rel=\"nofollow noopener\">lourdement battus 17-32<\/a>.<\/p>\n<p class=\"paragraph text_align_left lp-f-body-02\">V\u00eatus de blanc, les Sud-Africains ont petit \u00e0 petit vu leur maillot immacul\u00e9 devenir de plus en plus vert fluo au fil du match et des contacts au sol. Les Bleus n\u2019ont pas non plus \u00e9t\u00e9 \u00e9pargn\u00e9s, notamment au niveau de leur short blanc, mais leur maillot sombre a rendu les taches moins visibles. Mais alors d\u2019o\u00f9 est venue cette couleur improbable ? De la pelouse ? Et bien presque.<\/p>\n<p class=\"paragraph text_align_left lp-f-body-02\">Si ce n\u2019est \u00e9videmment pas l\u2019herbe verte en elle-m\u00eame qui a d\u00e9color\u00e9, c\u2019est tout de m\u00eame de la pelouse qu\u2019est venu ce changement vestimentaire : la faute aux publicit\u00e9s des sponsors peintes directement sur le terrain et dans les en-buts de chaque c\u00f4t\u00e9, et visiblement encore trop fra\u00eeches.<\/p>\n<p class=\"paragraph text_align_left lp-f-body-02\">Les Sud-Africains garderont &#8211; encore &#8211; un bon souvenir de leur venue \u00e0 Saint-Denis, mais ils ont d\u00fb \u00eatre sacr\u00e9ment surpris au moment de regagner les vestiaires. \u00c0 commencer par Cobus Reinach, film\u00e9 le visage recouvert de peinture verte \u00e0 sa sortie du terrain \u00e0 l\u2019heure de jeu.<\/p>\n<p class=\"paragraph text_align_left lp-f-body-02\">Sur les r\u00e9seaux sociaux, certains internautes ne se sont pas priv\u00e9s pour gentiment comparer Reinach et les autres joueurs aux c\u00e9l\u00e8bres bonshommes verts <a href=\"https:\/\/www.leparisien.fr\/culture-loisirs\/shrek-sera-adapte-en-comedie-musicale-a-paris-en-2026-28-06-2025-5JGTGH33KBBOFFMSHMK3MSWN2A.php\" target=\"_self\" rel=\"nofollow noopener\">Shrek<\/a> et Cetelem quand d\u2019autres y ont vu l\u2019occasion de critiquer la pr\u00e9sence de ces sponsors g\u00e9ants au sol.<\/p>\n","protected":false},"excerpt":{"rendered":"Des Sud-Africains avec un maillot vert, jusque-l\u00e0 rien d\u2019\u00e9trange\u2026 sauf lorsque leur tenue initiale \u00e9tait blanche. Samedi soir&hellip;\n","protected":false},"author":2,"featured_media":522790,"comment_status":"","ping_status":"","sticky":false,"template":"","format":"standard","meta":{"footnotes":""},"categories":[1416],"tags":[1011,27,479,1468,60,30845],"class_list":{"0":"post-522789","1":"post","2":"type-post","3":"status-publish","4":"format-standard","5":"has-post-thumbnail","7":"category-rugby","8":"tag-fr","9":"tag-france","10":"tag-rugby","11":"tag-rugby-football","12":"tag-sports","13":"tag-xv-france"},"share_on_mastodon":{"url":"https:\/\/pubeurope.com\/@fr\/115519920855297253","error":""},"_links":{"self":[{"href":"https:\/\/www.europesays.com\/fr\/wp-json\/wp\/v2\/posts\/522789","targetHints":{"allow":["GET"]}}],"collection":[{"href":"https:\/\/www.europesays.com\/fr\/wp-json\/wp\/v2\/posts"}],"about":[{"href":"https:\/\/www.europesays.com\/fr\/wp-json\/wp\/v2\/types\/post"}],"author":[{"embeddable":true,"href":"https:\/\/www.europesays.com\/fr\/wp-json\/wp\/v2\/users\/2"}],"replies":[{"embeddable":true,"href":"https:\/\/www.europesays.com\/fr\/wp-json\/wp\/v2\/comments?post=522789"}],"version-history":[{"count":0,"href":"https:\/\/www.europesays.com\/fr\/wp-json\/wp\/v2\/posts\/522789\/revisions"}],"wp:featuredmedia":[{"embeddable":true,"href":"https:\/\/www.europesays.com\/fr\/wp-json\/wp\/v2\/media\/522790"}],"wp:attachment":[{"href":"https:\/\/www.europesays.com\/fr\/wp-json\/wp\/v2\/media?parent=522789"}],"wp:term":[{"taxonomy":"category","embeddable":true,"href":"https:\/\/www.europesays.com\/fr\/wp-json\/wp\/v2\/categories?post=522789"},{"taxonomy":"post_tag","embeddable":true,"href":"https:\/\/www.europesays.com\/fr\/wp-json\/wp\/v2\/tags?post=522789"}],"curies":[{"name":"wp","href":"https:\/\/api.w.org\/{rel}","templated":true}]}}