{"id":522793,"date":"2025-11-09T13:18:14","date_gmt":"2025-11-09T13:18:14","guid":{"rendered":"https:\/\/www.europesays.com\/fr\/522793\/"},"modified":"2025-11-09T13:18:14","modified_gmt":"2025-11-09T13:18:14","slug":"cyclisme-cyclo-cross-touchee-par-une-mysterieuse-maladie-thalita-de-jong-out-cet-hiver","status":"publish","type":"post","link":"https:\/\/www.europesays.com\/fr\/522793\/","title":{"rendered":"Cyclisme. Cyclo-Cross &#8211; Touch\u00e9e par une myst\u00e9rieuse maladie, Thalita de Jong OUT cet hiver"},"content":{"rendered":"<p>Apr\u00e8s une ann\u00e9e difficile marqu\u00e9e par des abandons \u00e0 r\u00e9p\u00e9tition, <strong><a href=\"https:\/\/www.cyclismactu.net\/..\/\" target=\"_blank\" rel=\"noopener\">Thalita de Jong<\/a><\/strong> a annonc\u00e9 renoncer \u00e0 la saison hivernale de cyclo-cross. La <strong><a href=\"https:\/\/www.cyclismactu.net\/..\/news-jo-2030-cyclo-cross-du-cyclo-cross-aux-jo-d-hiver-2030-a-planche-des-belles-filles-88510.html\" target=\"_blank\" rel=\"noopener\">Championne du Monde<\/a><\/strong> 2016 de la discipline portera se concentrera sur la saison sur route avec sa formation <strong><a href=\"https:\/\/www.cyclismactu.net\/..\/news-transfert-route-human-powered-health-a-signe-une-coureuse-de-fdj-suez-90791.html\" target=\"_blank\" rel=\"noopener\">Human Powered Health<\/a><\/strong>. Aujourd&rsquo;hui \u00e2g\u00e9e de 32 ans, la N\u00e9erlandaise n&rsquo;a pas dit son dernier mot, elle qui souffre d&rsquo;une myst\u00e9rieuse infection musculaire qui l&rsquo;avait contraint \u00e0 une fin de saison 2025 pr\u00e9coce.<\/p>\n<p>Vid\u00e9o &#8211; De Jong l\u00e8ve les bars sur le  Trofeo Binissalem-Andratx Lire la suite de l&rsquo;article&#13;<\/p>\n<p>\u00a0<\/p>\n<p>&#13;<br \/>\n\u00ab\u00a0J&rsquo;ai le caract\u00e8re qui me permet de rebondir apr\u00e8s des coups durs\u00a0\u00bb&#13;<\/p>\n<p>Apr\u00e8s un d\u00e9but de saison prometteur, elle avait notamment remport\u00e9 le <strong>Trofeo Binissalem-Andratx<\/strong>, la native de Berg-op-ZoZoom s&rsquo;est vite retrouv\u00e9e sur la touche. Elle a d&rsquo;abord souffert d&rsquo;une fracture de la clavicule, d&rsquo;une mauvaise grippe puis d&rsquo;une maladie qui provoque le blocage des muscles de ses jambes. \u00ab\u00a0Le cyclisme est un sport difficile. Nous avons tous des probl\u00e8mes et des blessures, mais j&rsquo;ai eu beaucoup de grosses blessures plusieurs ann\u00e9es de suite, j&rsquo;ai donc d\u00fb revenir \u00e0 chaque fois du niveau z\u00e9ro\u00a0\u00bb, a d\u00e9clar\u00e9 <strong>de Jong<\/strong> \u00e0 <a href=\"https:\/\/www.cyclingnews.com\/\" target=\"_blank\" rel=\"noopener\">Cyclingnews <\/a>le mois dernier.<\/p>\n<p>&#13;<\/p>\n<p>Interrog\u00e9e sur la mani\u00e8re dont elle continue apr\u00e8s tant de revers, la N\u00e9erlandaise r\u00e9pond : \u00ab\u00a0J&rsquo;ai une bonne \u00e9quipe autour de moi qui m&rsquo;a aid\u00e9e. J&rsquo;ai le caract\u00e8re qui me permet de travailler de mani\u00e8re tr\u00e8s professionnelle. Mais bien s\u00fbr, il y a eu des ann\u00e9es et des moments difficiles, et aussi une ann\u00e9e o\u00f9 j&rsquo;ai pens\u00e9 que j&rsquo;allais peut-\u00eatre arr\u00eater le cyclisme&#8230; Je pense que c&rsquo;\u00e9tait en 2018 aussi, je roulais dans une \u00e9quipe qui ne me faisait pas confiance, ni aux m\u00e9decins, donc c&rsquo;\u00e9tait une p\u00e9riode difficile.\u00a0\u00bb<\/p>\n","protected":false},"excerpt":{"rendered":"Apr\u00e8s une ann\u00e9e difficile marqu\u00e9e par des abandons \u00e0 r\u00e9p\u00e9tition, Thalita de Jong a annonc\u00e9 renoncer \u00e0 la&hellip;\n","protected":false},"author":2,"featured_media":522794,"comment_status":"","ping_status":"","sticky":false,"template":"","format":"standard","meta":{"footnotes":""},"categories":[1411],"tags":[1154,207,59294,211,1011,27,60,210,212,208,213],"class_list":{"0":"post-522793","1":"post","2":"type-post","3":"status-publish","4":"format-standard","5":"has-post-thumbnail","7":"category-cyclisme","8":"tag-cycling","9":"tag-cyclisme","10":"tag-cyclo-cross","11":"tag-ffc","12":"tag-fr","13":"tag-france","14":"tag-sports","15":"tag-tour-de-france","16":"tag-uci","17":"tag-velo","18":"tag-world-tour"},"share_on_mastodon":{"url":"https:\/\/pubeurope.com\/@fr\/115519940562033446","error":""},"_links":{"self":[{"href":"https:\/\/www.europesays.com\/fr\/wp-json\/wp\/v2\/posts\/522793","targetHints":{"allow":["GET"]}}],"collection":[{"href":"https:\/\/www.europesays.com\/fr\/wp-json\/wp\/v2\/posts"}],"about":[{"href":"https:\/\/www.europesays.com\/fr\/wp-json\/wp\/v2\/types\/post"}],"author":[{"embeddable":true,"href":"https:\/\/www.europesays.com\/fr\/wp-json\/wp\/v2\/users\/2"}],"replies":[{"embeddable":true,"href":"https:\/\/www.europesays.com\/fr\/wp-json\/wp\/v2\/comments?post=522793"}],"version-history":[{"count":0,"href":"https:\/\/www.europesays.com\/fr\/wp-json\/wp\/v2\/posts\/522793\/revisions"}],"wp:featuredmedia":[{"embeddable":true,"href":"https:\/\/www.europesays.com\/fr\/wp-json\/wp\/v2\/media\/522794"}],"wp:attachment":[{"href":"https:\/\/www.europesays.com\/fr\/wp-json\/wp\/v2\/media?parent=522793"}],"wp:term":[{"taxonomy":"category","embeddable":true,"href":"https:\/\/www.europesays.com\/fr\/wp-json\/wp\/v2\/categories?post=522793"},{"taxonomy":"post_tag","embeddable":true,"href":"https:\/\/www.europesays.com\/fr\/wp-json\/wp\/v2\/tags?post=522793"}],"curies":[{"name":"wp","href":"https:\/\/api.w.org\/{rel}","templated":true}]}}