{"id":522801,"date":"2025-11-09T13:23:12","date_gmt":"2025-11-09T13:23:12","guid":{"rendered":"https:\/\/www.europesays.com\/fr\/522801\/"},"modified":"2025-11-09T13:23:12","modified_gmt":"2025-11-09T13:23:12","slug":"cetait-important-pour-moi-bernard-montiel-explique-pourquoi-il-a-choisi-darreter-de-travailler-avec-cyril-hanouna","status":"publish","type":"post","link":"https:\/\/www.europesays.com\/fr\/522801\/","title":{"rendered":"\u00ab\u00a0C&rsquo;\u00e9tait important pour moi\u00a0\u00bb : Bernard Montiel explique pourquoi il a choisi d&rsquo;arr\u00eater de travailler avec Cyril Hanouna"},"content":{"rendered":"<p>      R\u00e9sum\u00e9<\/p>\n<p>Apr\u00e8s dix ans aux c\u00f4t\u00e9s de Cyril Hanouna, Bernard Montiel choisit de revenir \u00e0 ses premi\u00e8res passions en animant une \u00e9mission sur la protection animale sur le service public.<\/p>\n<p>        Sommaire<\/p>\n<p>Il a d\u00e9cid\u00e9 de tirer un trait. Apr\u00e8s dix ans de collaboration, Bernard Montiel <strong>a choisi de ne pas<\/strong> <strong>poursuivre l&rsquo;aventure aux c\u00f4t\u00e9s de Cyril Hanouna<\/strong>. Lorsque la cha\u00eene C8 a cess\u00e9 d&rsquo;\u00e9mettre, le chroniqueur a fait savoir \u00e0 l&rsquo;animateur et producteur en partance pour W9 <a href=\"https:\/\/vsd.fr\/82854-bernard-montiel-nouveau-job-apres-lere-cyril-hanouna\/\" rel=\"nofollow noopener\" target=\"_blank\">qu&rsquo;il ne serait pas de l&rsquo;aventure<\/a>. Un choix m\u00fbrement r\u00e9fl\u00e9chi, et influenc\u00e9 par une envie refoul\u00e9e de revenir \u00e0 ses premi\u00e8res amours : <strong>l&rsquo;animation t\u00e9l\u00e9<\/strong>.<\/p>\n<p>En effet, ce dimanche 9 novembre, <strong>Bernard Montiel fait son grand retour \u00e0 la t\u00e9l\u00e9vision<\/strong>. L&rsquo;animateur, popularit\u00e9 par La une est \u00e0 vous, Vid\u00e9o Gag ou encore Une famille en or, va faire son grand retour sur le service public, sur lequel il avait fait ses d\u00e9buts en 1985. Il va animer Animalement v\u00f4tre, une nouvelle \u00e9mission d\u00e9di\u00e9e \u00e0 la protection animale, en collaboration avec la SPA. <strong>Un choix qui peut surprendre Sophie Davant<\/strong>, qui s&rsquo;est vu <a href=\"https:\/\/www.public.fr\/sophie-davant-france-3-la-deprogramme-a-quelques-jours-du-lancement-de-danse-avec-les-stars\" rel=\"nofollow noopener\" target=\"_blank\">supprimer son \u00e9mission animale en d\u00e9but d&rsquo;ann\u00e9e<\/a> par France 3, faute d&rsquo;audience.<\/p>\n<p>Bernard Montiel a dit stop \u00e0 Cyril Hanouna<\/p>\n<p>Invit\u00e9 de <strong>Val\u00e9rie Expert<\/strong> sur Sud Radio dans son \u00e9mission L&rsquo;\u0153il de l&rsquo;Expert, Bernard Montiel est revenu sur ce choix surprenant. A 68 ans, l&rsquo;animateur a d\u00e9cid\u00e9 de faire un virage \u00e0 180 degr\u00e9s, en revenant \u00e0 l&rsquo;animation t\u00e9l\u00e9. \u00ab\u00a0On a propos\u00e9, en belle entente avec France T\u00e9l\u00e9visions, de le faire sur France 3. <strong>C&rsquo;est tout ce que j&rsquo;attendais, c&rsquo;est tout ce que je souhaitais<\/strong>. Je voulais revenir \u00e0 la pr\u00e9sentation, en solo. C&rsquo;\u00e9tait important pour moi\u00a0\u00bb a confi\u00e9 l&rsquo;ami de Brigitte Macron.<\/p>\n<p>En f\u00e9vrier, lors de la fin de Touche pas \u00e0 mon poste, <strong>Bernard Montiel savait d\u00e9j\u00e0<\/strong> qu&rsquo;il ne rebondirait pas sur W9. Son retour sur le service public \u00e9tait d\u00e9j\u00e0 act\u00e9, et il a tenu \u00e0 pr\u00e9venir Cyril Hanouna. \u00ab\u00a0Lors de la fermeture de C8, tout de suite, <strong>j&rsquo;ai dit \u00e0 mon ami Cyril Hanouna : J&rsquo;arr\u00eate<\/strong>. Apr\u00e8s ces dix ans de rigolades, de bonne humeur, de folies, j&rsquo;ai vraiment eu envie d&rsquo;arr\u00eater\u00a0\u00bb reconna\u00eet celui qui a rejoint la bande en novembre 2014. Il y avait son retour ensuite en d\u00e9cembre 2017, <a href=\"https:\/\/www.public.fr\/johnny-hallyday-est-mort\" rel=\"nofollow noopener\" target=\"_blank\">lors du d\u00e9c\u00e8s de Johnny Hallyday<\/a>.<\/p>\n<p>\n          Hits &amp; People en continu\n        <\/p>\n<p>\n          Public Radio\n        <\/p>\n<p>      Mentionn\u00e9s dans cet article<\/p>\n<p>      Sur le m\u00eame sujet<\/p>\n","protected":false},"excerpt":{"rendered":"R\u00e9sum\u00e9 Apr\u00e8s dix ans aux c\u00f4t\u00e9s de Cyril Hanouna, Bernard Montiel choisit de revenir \u00e0 ses premi\u00e8res passions&hellip;\n","protected":false},"author":2,"featured_media":522802,"comment_status":"","ping_status":"","sticky":false,"template":"","format":"standard","meta":{"footnotes":""},"categories":[1356],"tags":[3720,1083,58,59,1011,27,252,549,22498,22497,1364],"class_list":{"0":"post-522801","1":"post","2":"type-post","3":"status-publish","4":"format-standard","5":"has-post-thumbnail","7":"category-television","8":"tag-bernard-montiel","9":"tag-cyril-hanouna","10":"tag-divertissement","11":"tag-entertainment","12":"tag-fr","13":"tag-france","14":"tag-television","15":"tag-touche-pas-a-mon-poste","16":"tag-tout-9-tbt9","17":"tag-tout-beau","18":"tag-tv"},"share_on_mastodon":{"url":"https:\/\/pubeurope.com\/@fr\/115519960279961123","error":""},"_links":{"self":[{"href":"https:\/\/www.europesays.com\/fr\/wp-json\/wp\/v2\/posts\/522801","targetHints":{"allow":["GET"]}}],"collection":[{"href":"https:\/\/www.europesays.com\/fr\/wp-json\/wp\/v2\/posts"}],"about":[{"href":"https:\/\/www.europesays.com\/fr\/wp-json\/wp\/v2\/types\/post"}],"author":[{"embeddable":true,"href":"https:\/\/www.europesays.com\/fr\/wp-json\/wp\/v2\/users\/2"}],"replies":[{"embeddable":true,"href":"https:\/\/www.europesays.com\/fr\/wp-json\/wp\/v2\/comments?post=522801"}],"version-history":[{"count":0,"href":"https:\/\/www.europesays.com\/fr\/wp-json\/wp\/v2\/posts\/522801\/revisions"}],"wp:featuredmedia":[{"embeddable":true,"href":"https:\/\/www.europesays.com\/fr\/wp-json\/wp\/v2\/media\/522802"}],"wp:attachment":[{"href":"https:\/\/www.europesays.com\/fr\/wp-json\/wp\/v2\/media?parent=522801"}],"wp:term":[{"taxonomy":"category","embeddable":true,"href":"https:\/\/www.europesays.com\/fr\/wp-json\/wp\/v2\/categories?post=522801"},{"taxonomy":"post_tag","embeddable":true,"href":"https:\/\/www.europesays.com\/fr\/wp-json\/wp\/v2\/tags?post=522801"}],"curies":[{"name":"wp","href":"https:\/\/api.w.org\/{rel}","templated":true}]}}