{"id":522810,"date":"2025-11-09T13:28:09","date_gmt":"2025-11-09T13:28:09","guid":{"rendered":"https:\/\/www.europesays.com\/fr\/522810\/"},"modified":"2025-11-09T13:28:09","modified_gmt":"2025-11-09T13:28:09","slug":"julien-dore-pret-a-mettre-sa-carriere-entre-parentheses-pour-son-fils-son-choix-est-deja-fait","status":"publish","type":"post","link":"https:\/\/www.europesays.com\/fr\/522810\/","title":{"rendered":"Julien Dor\u00e9 pr\u00eat \u00e0 mettre sa carri\u00e8re entre parenth\u00e8ses pour son fils ? Son choix est d\u00e9j\u00e0 fait"},"content":{"rendered":"<p>R\u00e9v\u00e9l\u00e9e au grand public lors de sa participation au<br \/>\n<a href=\"https:\/\/www.telestar.fr\/actu-tv\/nouvelle-star-julien-dore-pas-totalement-rattrape-par-virginie-efira-la-veritable-histoire-de-son-casting-enfin-revelee-811837\" rel=\"nofollow noopener\" target=\"_blank\"><br \/>\nt\u00e9l\u00e9-crochet culte de M6 baptis\u00e9 Nouvelle Star<\/a>. Ou il s&rsquo;\u00e9tait<br \/>\nfait remarquer d\u00e8s sa premi\u00e8re audition devant le jury avec son<br \/>\nukul\u00e9l\u00e9. <strong>Julien Dor\u00e9 avait ensuite remport\u00e9 le<br \/>\nprogramme.<\/strong> Ce qui lui avait ainsi permis de lancer sa<br \/>\ncarri\u00e8re musicale. Aujourd&rsquo;hui, le chanteur encha\u00eene les succ\u00e8s.<br \/>\nCependant, <a href=\"https:\/\/www.closermag.fr\/people\/julien-dore-papa-il-partage-de-rares-photos-de-son-fils-qui-a-bien-grandi-3250298\" rel=\"nofollow noopener\" target=\"_blank\"><br \/>\nla naissance de son fils<\/a> il y a maintenant quatre ans a<br \/>\nboulevers\u00e9 sa vie.<\/p>\n<p>\u00ab\u00a0Je ne pensais pas avoir d\u2019enfant, ce n\u2019\u00e9tait pas vraiment<br \/>\nun objectif. Mais \u00e7a a tout recentr\u00e9. Tous ces moments o\u00f9 tu te<br \/>\nregardes un peu trop, o\u00f9 tu t\u2019int\u00e9resses trop \u00e0 toi. Tout \u00e7a a<br \/>\ndisparu. Le seul truc, c\u2019est que l\u00e0 il est petit\u2026<br \/>\n<strong>J\u2019aimerais ne pas \u00eatre un poids pour lui<\/strong>\u00ab\u00a0, a<br \/>\npremi\u00e8rement indiqu\u00e9 Julien Dor\u00e9 lors d&rsquo;un entretien accord\u00e9 aux<br \/>\nlecteurs du <a href=\"https:\/\/www.leparisien.fr\/culture-loisirs\/musique\/je-ne-veux-pas-etre-un-poids-pour-mon-fils-julien-dore-se-confie-a-nos-lecteurs-avant-ses-concerts-a-paris-08-11-2025-7GPPOTMDABAZXOZ5GON4IPPS4M.php\" rel=\"nofollow noopener\" target=\"_blank\"><br \/>\nParisien<\/a>.<\/p>\n<p>Julien Dor\u00e9 sur son fils : \u00ab\u00a0Quand on vient \u00e0 Paris, il ne<br \/>\ncomprend pas pourquoi on me regarde ou on m\u2019arr\u00eate\u00a0\u00bb<\/p>\n<p>\u00ab\u00a0Il grandit dans un endroit perdu, tranquille, va dans une<br \/>\ntoute petite \u00e9cole. Mais plus tard, au coll\u00e8ge, au lyc\u00e9e\u2026 Quand on<br \/>\nvient \u00e0 Paris, il ne comprend pas pourquoi on me regarde ou on<br \/>\nm\u2019arr\u00eate. J\u2019explique que c\u2019est parce que la personne aime bien mes<br \/>\nchansons. Mais quand lui va construire son identit\u00e9.<br \/>\n<strong>J&rsquo;aimerais ne plus \u00eatre\u2026 moi<\/strong>\u00ab\u00a0, a ensuite<br \/>\najout\u00e9 le musicien. Qui pourrait mettre sa carri\u00e8re de chanteur<br \/>\nentre parenth\u00e8ses pour le bien \u00eatre de son fils.<\/p>\n<p>\u00ab\u00a0\u00c7a et le fait que j\u2019ai d\u2019autres envies, toujours dans la<br \/>\nmusique, mais autrement\u2026 Mais il y a un paradoxe. L\u00e0, il a quatre<br \/>\nans et demi et j\u2019\u00e9cris des chansons au piano avec lui \u00e0 c\u00f4t\u00e9. Donc<br \/>\nvoil\u00e0, ce n\u2019en est pas encore l\u00e0. Mais <strong>c\u2019est un grand sujet<br \/>\npour moi sur les dix ans \u00e0 venir maximum<\/strong>\u00ab\u00a0, a<br \/>\nfinalement conclu Julien Dor\u00e9 \u00e0 ce sujet. Originaire du sud de la<br \/>\nFrance. Le chanteur a \u00e9galement choisi de quitter Paris pour partir<br \/>\ns&rsquo;installer dans ses C\u00e9vennes natales.<\/p>\n<p>Le chanteur s&rsquo;est confi\u00e9 sur sa<br \/>\nnouvelle vie suite \u00e0 son retour dans le sud de la France<\/p>\n<p>\u00ab\u00a0Je suis rest\u00e9 dix ans \u00e0 Paris et je n\u2019\u00e9tais pas bien, la<br \/>\nville ou son \u00e9nergie, je ne sais pas. J\u2019avais en t\u00eate que si<br \/>\nj\u2019avais des sous, je retournerais m\u2019acheter une maison et vivre<br \/>\ndans le Sud. <strong>C\u2019\u00e9tait mon seul r\u00eave, revenir au<br \/>\ncalme<\/strong>. Une maison, une vie de famille, mes chiens\u2026 C\u2019est<br \/>\nsans doute ce qui me fait le plus de bien dans la vie\u00a0\u00bb, a<br \/>\nnotamment soulign\u00e9 Julien Dor\u00e9 \u00e0 ce sujet.<\/p>\n<p>\u00ab\u00a0G\u00e9n\u00e9ralement, <a href=\"https:\/\/www.closermag.fr\/people\/video-julien-dore-rend-un-emouvant-hommage-en-chanson-a-johnny-hallyday-pendant-son-concert-768832\" rel=\"nofollow noopener\" target=\"_blank\"><br \/>\nje fais trois concerts par semaine.<\/a> Je suis donc trois jours \u00e0<br \/>\nla maison minimum. <strong>C\u2019est \u00e9quilibr\u00e9 et m\u00e9ga sain.<\/strong><br \/>\nAu milieu de la nature, face \u00e0 sa puissance, tu r\u00e9alises \u00e0 quel<br \/>\npoint tu n\u2019es rien et que ce qui te prend la t\u00eate depuis deux<br \/>\njours, tout le monde s\u2019en fout\u00a0\u00bb, a aussi pr\u00e9cis\u00e9 le<br \/>\nmusicien.<\/p>\n","protected":false},"excerpt":{"rendered":"R\u00e9v\u00e9l\u00e9e au grand public lors de sa participation au t\u00e9l\u00e9-crochet culte de M6 baptis\u00e9 Nouvelle Star. Ou il&hellip;\n","protected":false},"author":2,"featured_media":522811,"comment_status":"","ping_status":"","sticky":false,"template":"","format":"standard","meta":{"footnotes":""},"categories":[8],"tags":[58,59,1011,27,4004],"class_list":{"0":"post-522810","1":"post","2":"type-post","3":"status-publish","4":"format-standard","5":"has-post-thumbnail","7":"category-divertissement","8":"tag-divertissement","9":"tag-entertainment","10":"tag-fr","11":"tag-france","12":"tag-julien-dore"},"share_on_mastodon":{"url":"https:\/\/pubeurope.com\/@fr\/115519979941984217","error":""},"_links":{"self":[{"href":"https:\/\/www.europesays.com\/fr\/wp-json\/wp\/v2\/posts\/522810","targetHints":{"allow":["GET"]}}],"collection":[{"href":"https:\/\/www.europesays.com\/fr\/wp-json\/wp\/v2\/posts"}],"about":[{"href":"https:\/\/www.europesays.com\/fr\/wp-json\/wp\/v2\/types\/post"}],"author":[{"embeddable":true,"href":"https:\/\/www.europesays.com\/fr\/wp-json\/wp\/v2\/users\/2"}],"replies":[{"embeddable":true,"href":"https:\/\/www.europesays.com\/fr\/wp-json\/wp\/v2\/comments?post=522810"}],"version-history":[{"count":0,"href":"https:\/\/www.europesays.com\/fr\/wp-json\/wp\/v2\/posts\/522810\/revisions"}],"wp:featuredmedia":[{"embeddable":true,"href":"https:\/\/www.europesays.com\/fr\/wp-json\/wp\/v2\/media\/522811"}],"wp:attachment":[{"href":"https:\/\/www.europesays.com\/fr\/wp-json\/wp\/v2\/media?parent=522810"}],"wp:term":[{"taxonomy":"category","embeddable":true,"href":"https:\/\/www.europesays.com\/fr\/wp-json\/wp\/v2\/categories?post=522810"},{"taxonomy":"post_tag","embeddable":true,"href":"https:\/\/www.europesays.com\/fr\/wp-json\/wp\/v2\/tags?post=522810"}],"curies":[{"name":"wp","href":"https:\/\/api.w.org\/{rel}","templated":true}]}}