{"id":522814,"date":"2025-11-09T13:30:10","date_gmt":"2025-11-09T13:30:10","guid":{"rendered":"https:\/\/www.europesays.com\/fr\/522814\/"},"modified":"2025-11-09T13:30:10","modified_gmt":"2025-11-09T13:30:10","slug":"les-transferts-dargent-des-immigres-vers-letranger-une-perte-de-plus-de-10-milliards-deuros-par-an-pour-leconomie-francaise","status":"publish","type":"post","link":"https:\/\/www.europesays.com\/fr\/522814\/","title":{"rendered":"Les transferts d\u2019argent des immigr\u00e9s vers l\u2019\u00e9tranger, une perte de plus de 10 milliards d\u2019euros par an pour l\u2019\u00e9conomie fran\u00e7aise"},"content":{"rendered":"<p>\n    <strong>EXCLUSIF <\/strong>&#8211; Dans une note in\u00e9dite, l\u2019Observatoire de l\u2019immigration et de la d\u00e9mographie (OID) s\u2019int\u00e9resse aux sommes envoy\u00e9s par les immigr\u00e9s dans leur pays d\u2019origine.<\/p>\n<p class=\"fig-paragraph\">C\u2019est un ph\u00e9nom\u00e8ne qui affecte directement l\u2019\u00e9conomie fran\u00e7aise. Les immigr\u00e9s entretiennent fr\u00e9quemment des\u00a0<a href=\"https:\/\/www.lefigaro.fr\/conjoncture\/les-envois-de-fonds-des-migrants-pulverisent-leurs-records-20211117\" data-fig-type=\"Article\" data-gtm-custom-categorie=\"navigation\" data-gtm-custom-action=\"crossclick\" data-gtm-custom-label=\"Contextuel\" data-gtm-event=\"customEventSPE\" data-fig-domain=\"LEFIGARO\" rel=\"nofollow noopener\" target=\"_blank\">liens financiers<\/a>\u00a0avec leurs proches rest\u00e9s dans leurs pays d\u2019origine. Les\u00a0<a href=\"http:\/\/www.lefigaro.fr\/conjoncture\/les-immigres-ont-transfere-577-milliards-d-euros-a-leurs-familles-en-2021-20220616\" data-fig-type=\"NewsFlash\" data-gtm-custom-categorie=\"navigation\" data-gtm-custom-action=\"crossclick\" data-gtm-custom-label=\"Contextuel\" data-gtm-event=\"customEventSPE\" data-fig-domain=\"LEFIGARO\" rel=\"nofollow noopener\" target=\"_blank\">sommes d\u2019argent<\/a>\u00a0vers\u00e9es sont appel\u00e9es \u00abtransferts de fonds des migrants\u00bb. \u00c0 l\u2019\u00e9chelle plan\u00e9taire, ces transferts entrants ont d\u00e9pass\u00e9 les 800 milliards de dollars en 2023, selon la Banque mondiale. \u00abCette somme est sup\u00e9rieure \u00e0 l<a href=\"http:\/\/www.lefigaro.fr\/economie\/aide-publique-au-developpement-la-france-pourrait-elle-arreter-de-verser-140-millions-a-la-chine-20211117\" data-fig-type=\"Article\" data-gtm-custom-categorie=\"navigation\" data-gtm-custom-action=\"crossclick\" data-gtm-custom-label=\"Contextuel\" data-gtm-event=\"customEventSPE\" data-fig-domain=\"LEFIGARO\" rel=\"nofollow noopener\" target=\"_blank\">\u2019aide publique au d\u00e9veloppement<\/a> \u00a0(APD &#8211; NDLR) dans le monde\u00bb, souligne \u00e0 titre de comparaison le directeur de l\u2019Office fran\u00e7ais de l\u2019immigration et de l\u2019int\u00e9gration (OFII) Didier Leschi aupr\u00e8s du Figaro. En 2022, l\u2019APD s\u2019\u00e9levait en effet \u00e0 220 milliards d\u2019euros. Un volume \u00e9conomique important, pour lequel les pays europ\u00e9ens et notamment la France sont largement d\u00e9ficitaires.<\/p>\n<p class=\"fig-paragraph\">Ce sujet fait l\u2019objet de la derni\u00e8re note de l\u2019Observatoire de l\u2019immigration et de la d\u00e9mographie (OID), que Le Figaro a consult\u00e9e en exclusivit\u00e9. Entre 2009 et 2023, ces transferts d\u2019argent ont repr\u00e9sent\u00e9 pour la\u2026<\/p>\n<p class=\"fig-premium-paywall__infos\">\n        Cet article est r\u00e9serv\u00e9 aux abonn\u00e9s.        Il vous reste 85% \u00e0 d\u00e9couvrir.\n    <\/p>\n<p>                <img  data- alt=\"Le Figaro\" class=\"fig-img--complete fig-img\"\/><\/p>\n<p class=\"fig-premium-paywall__title\">Vous avez envie de lire la suite ?<\/p>\n<p class=\"fig-premium-paywall__subtitle\">D\u00e9bloquez tous les articles imm\u00e9diatement.<\/p>\n<p class=\"fig-premium-paywall__connect\">\n                D\u00e9j\u00e0 abonn\u00e9\u00a0?                <a class=\"fig-premium-paywall__connect-link\" href=\"https:\/\/connect.lefigaro.fr\/login?client=horizon_web&amp;type=main&amp;redirect_uri=https%3A%2F%2Fwww.lefigaro.fr%2Factualite-france%2Fles-transferts-d-argent-des-immigres-vers-l-etranger-une-perte-de-plus-de-10-milliards-d-euros-par-an-pour-l-economie-francaise-20251109\" data-js-gtm=\"{&quot;customCategorie&quot;: &quot;conversion&quot;, &quot;customAction&quot;: &quot;before_Landing_Connexion_paywall_auto&quot;, &quot;customLabel&quot;: &quot;bGVmaWdhcm8uZnJfXzFmMGJiM2EzLWFjMzQtNjI2NC1iZTZmLTkxNTQ4ZGVkNDExMV9fQXJ0aWNsZQ==_Les transferts d\u2019argent des immigr\u00e9s vers l\u2019\u00e9tranger, une perte de plus de 10 milliards d\u2019euros par an pour l\u2019\u00e9conomie fran\u00e7aise_212&quot;, &quot;customIDSPE&quot;: &quot;bGVmaWdhcm8uZnJfXzFmMGJiM2EzLWFjMzQtNjI2NC1iZTZmLTkxNTQ4ZGVkNDExMV9fQXJ0aWNsZQ==&quot;, &quot;event&quot;: &quot;customEventSPE&quot;}\" rel=\"nofollow noopener\" target=\"_blank\"><br \/>\n                    Connectez-vous<br \/>\n                <\/a>\n            <\/p>\n","protected":false},"excerpt":{"rendered":"EXCLUSIF &#8211; Dans une note in\u00e9dite, l\u2019Observatoire de l\u2019immigration et de la d\u00e9mographie (OID) s\u2019int\u00e9resse aux sommes envoy\u00e9s&hellip;\n","protected":false},"author":2,"featured_media":522815,"comment_status":"","ping_status":"","sticky":false,"template":"","format":"standard","meta":{"footnotes":""},"categories":[6],"tags":[1261,35,33,34,1011,27,1061],"class_list":{"0":"post-522814","1":"post","2":"type-post","3":"status-publish","4":"format-standard","5":"has-post-thumbnail","7":"category-economie","8":"tag-argent","9":"tag-business","10":"tag-economie","11":"tag-economy","12":"tag-fr","13":"tag-france","14":"tag-immigration"},"share_on_mastodon":{"url":"https:\/\/pubeurope.com\/@fr\/115519987714337386","error":""},"_links":{"self":[{"href":"https:\/\/www.europesays.com\/fr\/wp-json\/wp\/v2\/posts\/522814","targetHints":{"allow":["GET"]}}],"collection":[{"href":"https:\/\/www.europesays.com\/fr\/wp-json\/wp\/v2\/posts"}],"about":[{"href":"https:\/\/www.europesays.com\/fr\/wp-json\/wp\/v2\/types\/post"}],"author":[{"embeddable":true,"href":"https:\/\/www.europesays.com\/fr\/wp-json\/wp\/v2\/users\/2"}],"replies":[{"embeddable":true,"href":"https:\/\/www.europesays.com\/fr\/wp-json\/wp\/v2\/comments?post=522814"}],"version-history":[{"count":0,"href":"https:\/\/www.europesays.com\/fr\/wp-json\/wp\/v2\/posts\/522814\/revisions"}],"wp:featuredmedia":[{"embeddable":true,"href":"https:\/\/www.europesays.com\/fr\/wp-json\/wp\/v2\/media\/522815"}],"wp:attachment":[{"href":"https:\/\/www.europesays.com\/fr\/wp-json\/wp\/v2\/media?parent=522814"}],"wp:term":[{"taxonomy":"category","embeddable":true,"href":"https:\/\/www.europesays.com\/fr\/wp-json\/wp\/v2\/categories?post=522814"},{"taxonomy":"post_tag","embeddable":true,"href":"https:\/\/www.europesays.com\/fr\/wp-json\/wp\/v2\/tags?post=522814"}],"curies":[{"name":"wp","href":"https:\/\/api.w.org\/{rel}","templated":true}]}}