{"id":522816,"date":"2025-11-09T13:31:14","date_gmt":"2025-11-09T13:31:14","guid":{"rendered":"https:\/\/www.europesays.com\/fr\/522816\/"},"modified":"2025-11-09T13:31:14","modified_gmt":"2025-11-09T13:31:14","slug":"trump-moque-par-le-snl-pour-sa-reaction-de-sociopathe-au-malaise-dun-homme-dans-le-bureau-ovale","status":"publish","type":"post","link":"https:\/\/www.europesays.com\/fr\/522816\/","title":{"rendered":"Trump moqu\u00e9 par le \u00ab\u00a0SNL\u00a0\u00bb pour sa r\u00e9action de \u00ab\u00a0sociopathe\u00a0\u00bb au malaise d\u2019un homme dans le Bureau Ovale"},"content":{"rendered":"<p>        <img decoding=\"async\" loading=\"lazy\" src=\"https:\/\/www.europesays.com\/fr\/wp-content\/uploads\/2025\/11\/80db4e0_upload-1-g47lk66zwyup-screenshot-2025-11-09-12-11-40.png\"  width=\"728\" height=\"410\" alt=\"Trump moqu\u00e9 par \u00ab\u00a0SNL\u00a0\u00bb pour sa r\u00e9action de \u00ab\u00a0sociopathe\u00a0\u00bb au malaise d\u2019un homme dans le Bureau Ovale.\"\/>  <\/p>\n<p>Capture d\u2019\u00e9cran X (@nbcsnl)<\/p>\n<p>Trump moqu\u00e9 par \u00ab\u00a0SNL\u00a0\u00bb pour sa r\u00e9action de \u00ab\u00a0sociopathe\u00a0\u00bb au malaise d\u2019un homme dans le Bureau Ovale.<\/p>\n<p>      <strong>EN BREF<\/strong> <strong>\u2022 <\/strong>Le \u00ab\u00a0Saturday Night Live\u00a0\u00bb a parodi\u00e9 la r\u00e9action de Donald Trump lors de l\u2019\u00e9vanouissement d\u2019un homme dans le Bureau Ovale.<br \/><strong>\u2022 <\/strong>Le sketch a moqu\u00e9 le manque d\u2019empathie de Trump, sa r\u00e9action sto\u00efque \u00e9tant devenue virale sur les r\u00e9seaux sociaux.<br \/><strong>\u2022 <\/strong>L\u2019\u00e9mission a \u00e9galement moqu\u00e9 Robert Kennedy Junior, le ministre de la Sant\u00e9 qui s\u2019\u00e9tait \u00e9clips\u00e9 apr\u00e8s le malaise.                         <\/p>\n<p class=\"asset asset-text\">\u00c9TATS-UNIS &#8211; Pas s\u00fbr que l\u2019imitation lui plaise. L\u2019\u00e9mission am\u00e9ricaine Saturday Night Live (SNL) s\u2019est une fois de plus pay\u00e9 la t\u00eate de <a href=\"https:\/\/www.huffingtonpost.fr\/international\/article\/trump-continue-d-inonder-de-merde-la-presse-et-un-an-apres-son-election-ca-marche-toujours-clx1_256700.html\" target=\"_blank\" rel=\"noopener\">Donald Trump<\/a> au cours d\u2019une s\u00e9quence diffus\u00e9e le samedi 9\u00a0novembre. Le programme de la cha\u00eene NBC a parodi\u00e9 un incident improbable survenu cette semaine \u00e0 la Maison Blanche. Un <a href=\"https:\/\/www.huffingtonpost.fr\/international\/video\/l-histoire-derriere-cette-photo-de-donald-trump-immobile-apres-avoir-assiste-a-un-malaise_256897.html\" target=\"_blank\" rel=\"noopener\">homme s\u2019est \u00e9vanoui<\/a> puis \u00e9croul\u00e9 sur le sol lors d\u2019une conf\u00e9rence de presse jeudi dans le Bureau Ovale sur le prix des traitements contre le diab\u00e8te et l\u2019ob\u00e9sit\u00e9.<\/p>\n<p class=\"asset asset-text\">Plus que le malaise en lui-m\u00eame, c\u2019est la r\u00e9action de Donald Trump qui avait beaucoup fait parler. Alors que les participants \u00e0 la conf\u00e9rence s\u2019empressaient de secourir l\u2019homme qui s\u2019\u00e9taient \u00e9vanoui, le pr\u00e9sident am\u00e9ricain est rest\u00e9 sto\u00efque, le regard fixe, n\u2019ayant visiblement pas l\u2019intention d\u2019apporter son aide au malheureux. Cette r\u00e9action \u00e9trange a \u00e9t\u00e9 captur\u00e9e par un photographe de l\u2019agence Getty, <strong>comme vous pouvez le voir ci-dessous<\/strong>.<\/p>\n<p class=\"asset asset-text\">Le clich\u00e9 publi\u00e9 sur X ne cumule pas moins de 2,2\u00a0millions de vues. Une viralit\u00e9 qui explique sans doute pourquoi le Saturday Night Live s\u2019en est empar\u00e9 pour tourner en d\u00e9rision la r\u00e9action insolite de Donald Trump, d\u00e9nonc\u00e9e par ses d\u00e9tracteurs comme une preuve de son manque d\u2019empathie.<\/p>\n<p> La lecture de ce contenu est susceptible d\u2019entra\u00eener un d\u00e9p\u00f4t de cookies de la part de l\u2019op\u00e9rateur tiers qui l\u2019h\u00e9berge. Compte-tenu des choix que vous avez exprim\u00e9s en mati\u00e8re de d\u00e9p\u00f4t de cookies, nous avons bloqu\u00e9 l\u2019affichage de ce contenu. Si vous souhaitez y acc\u00e9der, vous devez accepter la cat\u00e9gorie de cookies \u201cContenus tiers\u201d en cliquant sur le bouton ci-dessous. <\/p>\n<p> Lire la Vid\u00e9o        <\/p>\n<p class=\"asset asset-text\">La s\u00e9quence du SNL, <strong>que vous pouvez visionner ci-dessous<\/strong>, a recr\u00e9\u00e9 la conf\u00e9rence de mani\u00e8re plut\u00f4t fid\u00e8le. Un homme parle au pupitre aux c\u00f4t\u00e9s de <a href=\"https:\/\/www.huffingtonpost.fr\/international\/article\/robert-kennedy-jr-ministre-de-la-sante-de-donald-trump-pointe-le-coupable-de-l-epidemie-d-autisme-et-rien-ne-va_255840.html\" target=\"_blank\" rel=\"noopener\">Robert Kennedy Junior<\/a>, le ministre am\u00e9ricain de la Sant\u00e9, et du Dr\u00a0Mehmet Oz, animateur t\u00e9l\u00e9 et administrateur des Centres de services Medicare et Medicaid. C\u2019est alors qu\u2019un des participants \u00e0 la r\u00e9union s\u2019effondre dans le fond.<\/p>\n<p> La lecture de ce contenu est susceptible d\u2019entra\u00eener un d\u00e9p\u00f4t de cookies de la part de l\u2019op\u00e9rateur tiers qui l\u2019h\u00e9berge. Compte-tenu des choix que vous avez exprim\u00e9s en mati\u00e8re de d\u00e9p\u00f4t de cookies, nous avons bloqu\u00e9 l\u2019affichage de ce contenu. Si vous souhaitez y acc\u00e9der, vous devez accepter la cat\u00e9gorie de cookies \u201cContenus tiers\u201d en cliquant sur le bouton ci-dessous. <\/p>\n<p> Lire la Vid\u00e9o        \u00ab\u00a0Je n\u2019ai m\u00eame pas fait semblant que j\u2019allais aider\u00a0\u00bb    <\/p>\n<p class=\"asset asset-text\">L\u2019acteur qui imite Donald Trump ne l\u2019aide pas \u00e0 se relever et se lance dans un monologue grotesque adress\u00e9 \u00e0 la cam\u00e9ra. \u00ab\u00a0Oh salut, je ne vous avais pas vu, commence-t-il, quelqu\u2019un \u00e9tait en train de mourir dans mon bureau\u00a0\u00bb. L\u2019imitateur se moque ensuite de l\u2019attitude du pr\u00e9sident\u00a0: \u00ab\u00a0Je pense que je r\u00e9agis tout \u00e0 fait normalement en restant debout et en fixant devant moi comme un sociopathe.\u00a0\u00bb<\/p>\n<p class=\"asset asset-text\">\u00ab\u00a0Je n\u2019ai m\u00eame pas fait semblant que j\u2019allais aider, comme quand quelqu\u2019un fait tomber quelque chose et que vous faites seulement mine de vous pencher\u00a0\u00bb, poursuit le faux Donald Trump. Un propos loin d\u2019\u00eatre mensonger, puisque <strong>comme le montrent les images diffus\u00e9es par Fox News<\/strong>, apr\u00e8s le malaise, le pr\u00e9sident am\u00e9ricain s\u2019est content\u00e9 de se lever et d\u2019observer la sc\u00e8ne sans broncher.<\/p>\n<p> La lecture de ce contenu est susceptible d\u2019entra\u00eener un d\u00e9p\u00f4t de cookies de la part de l\u2019op\u00e9rateur tiers qui l\u2019h\u00e9berge. Compte-tenu des choix que vous avez exprim\u00e9s en mati\u00e8re de d\u00e9p\u00f4t de cookies, nous avons bloqu\u00e9 l\u2019affichage de ce contenu. Si vous souhaitez y acc\u00e9der, vous devez accepter la cat\u00e9gorie de cookies \u201cContenus tiers\u201d en cliquant sur le bouton ci-dessous. <\/p>\n<p> Lire la Vid\u00e9o        <\/p>\n<p class=\"asset asset-text\">Le sketch du Saturday Night Live a aussi moqu\u00e9 RFK, dont le choix de sortir rapidement apr\u00e8s que l\u2019homme s\u2019est \u00e9vanoui a aussi beaucoup fait parler. Ce geste a aussi \u00e9t\u00e9 moqu\u00e9 par l\u2019acteur qui imitant Donald Trump qui a affirm\u00e9 que son ministre de la Sant\u00e9, farouchement antivax, s\u2019\u00e9tait enfui aussi vite que \u00ab\u00a0si quelqu\u2019un allait le vacciner\u00a0\u00bb.<\/p>\n<p class=\"asset asset-text\">Apr\u00e8s cette petite pique, le faux-pr\u00e9sident s\u2019est adress\u00e9 aux personnes venant en aide \u00e0 l\u2019homme \u00e9vanoui, mais pas pour les bonnes raisons\u00a0: \u00ab\u00a0Comment \u00e7a va derri\u00e8re\u00a0? Et plus important\u00a0: comment va le sol\u00a0?\u00a0\u00bb Une derni\u00e8re blague qui en dit long sur l\u2019image que les d\u00e9tracteurs du locataire de la <a href=\"https:\/\/www.huffingtonpost.fr\/international\/article\/cette-reaction-de-la-maison-blanche-apres-les-victoires-democrates-illustre-le-depit-de-trump_256825.html\" target=\"_blank\" rel=\"noopener\">Maison Blanche<\/a> ont de lui.<\/p>\n","protected":false},"excerpt":{"rendered":"Capture d\u2019\u00e9cran X (@nbcsnl) Trump moqu\u00e9 par \u00ab\u00a0SNL\u00a0\u00bb pour sa r\u00e9action de \u00ab\u00a0sociopathe\u00a0\u00bb au malaise d\u2019un homme dans&hellip;\n","protected":false},"author":2,"featured_media":522817,"comment_status":"","ping_status":"","sticky":false,"template":"","format":"standard","meta":{"footnotes":""},"categories":[5],"tags":[11,75,73,1011,27,14,78,12,7627,28],"class_list":{"0":"post-522816","1":"post","2":"type-post","3":"status-publish","4":"format-standard","5":"has-post-thumbnail","7":"category-international","8":"tag-actualites","9":"tag-donald-trump","10":"tag-etats-unis","11":"tag-fr","12":"tag-france","13":"tag-international","14":"tag-maison-blanche","15":"tag-news","16":"tag-snl","17":"tag-world"},"share_on_mastodon":{"url":"https:\/\/pubeurope.com\/@fr\/115519992306159969","error":""},"_links":{"self":[{"href":"https:\/\/www.europesays.com\/fr\/wp-json\/wp\/v2\/posts\/522816","targetHints":{"allow":["GET"]}}],"collection":[{"href":"https:\/\/www.europesays.com\/fr\/wp-json\/wp\/v2\/posts"}],"about":[{"href":"https:\/\/www.europesays.com\/fr\/wp-json\/wp\/v2\/types\/post"}],"author":[{"embeddable":true,"href":"https:\/\/www.europesays.com\/fr\/wp-json\/wp\/v2\/users\/2"}],"replies":[{"embeddable":true,"href":"https:\/\/www.europesays.com\/fr\/wp-json\/wp\/v2\/comments?post=522816"}],"version-history":[{"count":0,"href":"https:\/\/www.europesays.com\/fr\/wp-json\/wp\/v2\/posts\/522816\/revisions"}],"wp:featuredmedia":[{"embeddable":true,"href":"https:\/\/www.europesays.com\/fr\/wp-json\/wp\/v2\/media\/522817"}],"wp:attachment":[{"href":"https:\/\/www.europesays.com\/fr\/wp-json\/wp\/v2\/media?parent=522816"}],"wp:term":[{"taxonomy":"category","embeddable":true,"href":"https:\/\/www.europesays.com\/fr\/wp-json\/wp\/v2\/categories?post=522816"},{"taxonomy":"post_tag","embeddable":true,"href":"https:\/\/www.europesays.com\/fr\/wp-json\/wp\/v2\/tags?post=522816"}],"curies":[{"name":"wp","href":"https:\/\/api.w.org\/{rel}","templated":true}]}}