{"id":522820,"date":"2025-11-09T13:33:13","date_gmt":"2025-11-09T13:33:13","guid":{"rendered":"https:\/\/www.europesays.com\/fr\/522820\/"},"modified":"2025-11-09T13:33:13","modified_gmt":"2025-11-09T13:33:13","slug":"un-blesse-transporte-au-chu","status":"publish","type":"post","link":"https:\/\/www.europesays.com\/fr\/522820\/","title":{"rendered":"un bless\u00e9 transport\u00e9 au CHU"},"content":{"rendered":"<p>            Par<br \/>\n        <strong><br \/>\n            <a href=\"https:\/\/actu.fr\/auteur\/louise-boutard\" title=\"Consulter tous les articles de Louise Boutard\" rel=\"nofollow noopener\" target=\"_blank\">Louise Boutard<\/a><br \/>\n        <\/strong><\/p>\n<p>        Publi\u00e9 le<\/p>\n<p>            9 nov. 2025 \u00e0 10h00        <\/p>\n<p>Un homme a d\u00fb \u00eatre transport\u00e9 \u00e0 l\u2019h\u00f4pital en urgence. Dimanche 9\u00a0novembre 2025 au matin, les <strong>secours ont \u00e9t\u00e9 appel\u00e9s d\u00e8s 7\u2009h\u200943<\/strong> sur l\u2019avenue de Caen, \u00e0 <a href=\"https:\/\/actu.fr\/normandie\/rouen_76540\" rel=\"nofollow noopener\" target=\"_blank\">Rouen<\/a> en raison d\u2019un <strong>feu de matelas<\/strong> dans un appartement.<\/p>\n<p>Un bless\u00e9 grave<\/p>\n<p class=\" wall-content\">Deux hommes se trouvaient dans l\u2019immeuble de deux \u00e9tages. Un premier homme, \u00e2g\u00e9 de 55\u00a0ans, a \u00e9t\u00e9 <strong>br\u00fbl\u00e9 gravement<\/strong>. Le SMUR l\u2019a rapidement d\u00e9plac\u00e9 vers le <a href=\"https:\/\/actu.fr\/tag\/chu-rouen\" rel=\"nofollow noopener\" target=\"_blank\">CHU de Rouen (centre hospitalier universitaire)<\/a>. Un deuxi\u00e8me homme, \u00e2g\u00e9 de 60\u00a0ans, sain et sauf, a \u00e9t\u00e9 laiss\u00e9 sur place apr\u00e8s un bilan de sant\u00e9.<\/p>\n<p class=\" wall-content\">Les secours ont d\u00e9ploy\u00e9 quatre engins et 13 sapeurs-pompiers pour cet incendie.<\/p>\n<p>Suivez l\u2019actualit\u00e9 de Rouen sur <a href=\"https:\/\/www.whatsapp.com\/channel\/0029VaKfnf99hXF2ddApFB1D\" rel=\"nofollow noopener\" target=\"_blank\">notre cha\u00eene WhatsApp<\/a> et sur <a href=\"https:\/\/www.tiktok.com\/@76actu.fr?lang=fr\" rel=\"nofollow noopener\" target=\"_blank\">notre compte TikTok<\/a><\/p>\n<p class=\" wall-content\">Personnalisez votre actualit\u00e9 en ajoutant vos villes et m\u00e9dias en favori avec <a href=\"https:\/\/moncompte.actu.fr\" title=\"D\u00e9couvez Mon Actu\" rel=\"nofollow noopener\" data-trk=\"{&quot;cta&quot;:{&quot;action&quot;:&quot;https:\\\/\\\/moncompte.actu.fr&quot;,&quot;category&quot;:&quot;mon compte&quot;,&quot;from&quot;:&quot;article footer&quot;,&quot;name&quot;:&quot;Mon actu&quot;,&quot;type&quot;:&quot;cta&quot;}}\" target=\"_blank\">Mon Actu<\/a>.<\/p>\n<p>                    <script async src=\"\/\/www.tiktok.com\/embed.js\"><\/script><\/p>\n","protected":false},"excerpt":{"rendered":"Par Louise Boutard Publi\u00e9 le 9 nov. 2025 \u00e0 10h00 Un homme a d\u00fb \u00eatre transport\u00e9 \u00e0 l\u2019h\u00f4pital&hellip;\n","protected":false},"author":2,"featured_media":522821,"comment_status":"","ping_status":"","sticky":false,"template":"","format":"standard","meta":{"footnotes":""},"categories":[2],"tags":[11,118,1011,27,1310,12,1072,1311],"class_list":{"0":"post-522820","1":"post","2":"type-post","3":"status-publish","4":"format-standard","5":"has-post-thumbnail","7":"category-actualites","8":"tag-actualites","9":"tag-faits-divers","10":"tag-fr","11":"tag-france","12":"tag-incendie","13":"tag-news","14":"tag-police","15":"tag-pompiers"},"share_on_mastodon":{"url":"https:\/\/pubeurope.com\/@fr\/115519999382268459","error":""},"_links":{"self":[{"href":"https:\/\/www.europesays.com\/fr\/wp-json\/wp\/v2\/posts\/522820","targetHints":{"allow":["GET"]}}],"collection":[{"href":"https:\/\/www.europesays.com\/fr\/wp-json\/wp\/v2\/posts"}],"about":[{"href":"https:\/\/www.europesays.com\/fr\/wp-json\/wp\/v2\/types\/post"}],"author":[{"embeddable":true,"href":"https:\/\/www.europesays.com\/fr\/wp-json\/wp\/v2\/users\/2"}],"replies":[{"embeddable":true,"href":"https:\/\/www.europesays.com\/fr\/wp-json\/wp\/v2\/comments?post=522820"}],"version-history":[{"count":0,"href":"https:\/\/www.europesays.com\/fr\/wp-json\/wp\/v2\/posts\/522820\/revisions"}],"wp:featuredmedia":[{"embeddable":true,"href":"https:\/\/www.europesays.com\/fr\/wp-json\/wp\/v2\/media\/522821"}],"wp:attachment":[{"href":"https:\/\/www.europesays.com\/fr\/wp-json\/wp\/v2\/media?parent=522820"}],"wp:term":[{"taxonomy":"category","embeddable":true,"href":"https:\/\/www.europesays.com\/fr\/wp-json\/wp\/v2\/categories?post=522820"},{"taxonomy":"post_tag","embeddable":true,"href":"https:\/\/www.europesays.com\/fr\/wp-json\/wp\/v2\/tags?post=522820"}],"curies":[{"name":"wp","href":"https:\/\/api.w.org\/{rel}","templated":true}]}}