{"id":522826,"date":"2025-11-09T13:37:16","date_gmt":"2025-11-09T13:37:16","guid":{"rendered":"https:\/\/www.europesays.com\/fr\/522826\/"},"modified":"2025-11-09T13:37:16","modified_gmt":"2025-11-09T13:37:16","slug":"theatre-rachid-bouali-presente-dissolution","status":"publish","type":"post","link":"https:\/\/www.europesays.com\/fr\/522826\/","title":{"rendered":"Th\u00e9\u00e2tre : Rachid Bouali pr\u00e9sente Dissolution"},"content":{"rendered":"<p>Avec Dissolution , l\u2019acteur conteur Rachid Bouali interpr\u00e8te les trois \u00e2ges de la vie. L\u2019artiste emm\u00e8nera le public, avec humour et po\u00e9sie, dans un voyage interg\u00e9n\u00e9rationnel \u00e9mouvant.<\/p>\n<p class=\"note\">\u00c0 14\u00a0h\u00a030, les mardi\u00a011, jeudi\u00a013 et vendredi 14\u00a0novembre\u00a0; et \u00e0 19\u00a0h, le mercredi 12\u00a0novembre, au th\u00e9\u00e2tre de la Manufacture, 10, rue Baron-Louis, \u00e0 Nancy. Tarifs\u00a0: de 24\u00a0\u20ac \u00e0 6\u00a0\u20ac. R\u00e9servations au 03\u00a083\u00a037\u00a042\u00a042.<\/p>\n","protected":false},"excerpt":{"rendered":"Avec Dissolution , l\u2019acteur conteur Rachid Bouali interpr\u00e8te les trois \u00e2ges de la vie. L\u2019artiste emm\u00e8nera le public,&hellip;\n","protected":false},"author":2,"featured_media":522827,"comment_status":"","ping_status":"","sticky":false,"template":"","format":"standard","meta":{"footnotes":""},"categories":[9635],"tags":[1111,11,1687,1704,1777,674,1011,27,775,1702,1703,12,25,3140],"class_list":{"0":"post-522826","1":"post","2":"type-post","3":"status-publish","4":"format-standard","5":"has-post-thumbnail","7":"category-nancy","8":"tag-actu","9":"tag-actualites","10":"tag-culture-loisirs","11":"tag-edition-nancy-et-agglomeration","12":"tag-eu","13":"tag-europe","14":"tag-fr","15":"tag-france","16":"tag-grand-est","17":"tag-nancy","18":"tag-nancy-ville-54b","19":"tag-news","20":"tag-republique-francaise","21":"tag-spectacle"},"share_on_mastodon":{"url":"https:\/\/pubeurope.com\/@fr\/115520015125431302","error":""},"_links":{"self":[{"href":"https:\/\/www.europesays.com\/fr\/wp-json\/wp\/v2\/posts\/522826","targetHints":{"allow":["GET"]}}],"collection":[{"href":"https:\/\/www.europesays.com\/fr\/wp-json\/wp\/v2\/posts"}],"about":[{"href":"https:\/\/www.europesays.com\/fr\/wp-json\/wp\/v2\/types\/post"}],"author":[{"embeddable":true,"href":"https:\/\/www.europesays.com\/fr\/wp-json\/wp\/v2\/users\/2"}],"replies":[{"embeddable":true,"href":"https:\/\/www.europesays.com\/fr\/wp-json\/wp\/v2\/comments?post=522826"}],"version-history":[{"count":0,"href":"https:\/\/www.europesays.com\/fr\/wp-json\/wp\/v2\/posts\/522826\/revisions"}],"wp:featuredmedia":[{"embeddable":true,"href":"https:\/\/www.europesays.com\/fr\/wp-json\/wp\/v2\/media\/522827"}],"wp:attachment":[{"href":"https:\/\/www.europesays.com\/fr\/wp-json\/wp\/v2\/media?parent=522826"}],"wp:term":[{"taxonomy":"category","embeddable":true,"href":"https:\/\/www.europesays.com\/fr\/wp-json\/wp\/v2\/categories?post=522826"},{"taxonomy":"post_tag","embeddable":true,"href":"https:\/\/www.europesays.com\/fr\/wp-json\/wp\/v2\/tags?post=522826"}],"curies":[{"name":"wp","href":"https:\/\/api.w.org\/{rel}","templated":true}]}}