{"id":522828,"date":"2025-11-09T13:39:12","date_gmt":"2025-11-09T13:39:12","guid":{"rendered":"https:\/\/www.europesays.com\/fr\/522828\/"},"modified":"2025-11-09T13:39:12","modified_gmt":"2025-11-09T13:39:12","slug":"zidane-barthez-chabal-et-dautres-grands-noms-du-foot-et-du-rugby-reunis-a-toulon-lundi-pour-la-bonne-cause","status":"publish","type":"post","link":"https:\/\/www.europesays.com\/fr\/522828\/","title":{"rendered":"Zidane, Barthez, Chabal et d\u2019autres grands noms du foot et du rugby r\u00e9unis \u00e0 Toulon lundi pour la bonne cause"},"content":{"rendered":"<p class=\"paragraph text_align_left lp-f-body-02\">Gardien t\u00e9m\u00e9raire, ma\u00eetre de sa ligne et dominateur dans ses 18\u00a0m,<a href=\"https:\/\/www.leparisien.fr\/sports\/football\/pascal-olmeta-j-avais-seulement-25-ans-d-avance-14-05-2018-7714734.php\" target=\"_self\" rel=\"noopener\"> Pascal Olmeta d\u00e9ployait autrefois sur le terrain<\/a> une belle g\u00e9n\u00e9rosit\u00e9. Il continue \u00e0 briller, aujourd\u2019hui dans la vie, de cette m\u00eame grandeur d\u2019\u00e2me.<\/p>\n<p class=\"paragraph text_align_left lp-f-body-02\">L\u2019ancien gardien de l\u2019Olympique de Marseille et de Lyon a fond\u00e9 en 2006 l\u2019association <a href=\"http:\/\/www.assopascalolmeta.com\/\" rel=\"noopener\" target=\"_blank\">\u00ab\u00a0Un espoir, un sourire pour la vie\u00a0\u00bb<\/a>, en charge, notamment, du bien-\u00eatre physique et mental d\u2019enfants malades et de leurs familles.<\/p>\n<p class=\"paragraph text_align_left lp-f-body-02\">Apr\u00e8s Bastia en 2018, Bordeaux en\u00a02019 et\u00a02021, Nice en 2022 ou Lens en\u00a02023 et\u00a02024, Toulon accueille ce lundi, \u00e0 partir de 19\u00a0heures au stade Mayol, l\u2019antre du RCT, un \u00e9v\u00e9nement de prestige baptis\u00e9 <a href=\"https:\/\/www.leparisien.fr\/sports\/football\/deschamps-hazard-giuly-et-des-legendes-du-rc-lens-ont-fait-le-spectacle-a-bollaert-delelis-12-09-2024-IEDE4YHQE5CVLIWWM3EMV2DOUQ.php\" target=\"_self\" rel=\"noopener\">\u00ab\u00a0Le match des l\u00e9gendes\u00a0\u00bb<\/a>. L\u2019int\u00e9gralit\u00e9 des b\u00e9n\u00e9fices sera revers\u00e9e \u00e0 l\u2019association caritative.<\/p>\n<p class=\"paragraph text_align_left lp-f-body-02\">Ic\u00f4nes du foot et du rugby et personnalit\u00e9s embl\u00e9matiques seront pr\u00e9sentes pour offrir au public un beau spectacle, m\u00ealant prouesses, convivialit\u00e9 et joie communicative. Bien plus qu\u2019une simple rencontre, il s\u2019agit d\u2019une v\u00e9ritable c\u00e9l\u00e9bration du sport, ouverte \u00e0 tous les passionn\u00e9s.<\/p>\n<p>Egalement Payet, Nasri, Ginola, Giuly\u2026<\/p>\n<p class=\"paragraph text_align_left lp-f-body-02\">Le casting est tr\u00e8s s\u00e9duisant avec pour commencer Zin\u00e9dine Zidane. Il y a aussi Fabien Barthez, Dimitri Payet, Samir Nasri, David Ginola, Ludovic Giuly\u2026 C\u00f4t\u00e9 ballon ovale, on pourra appr\u00e9cier S\u00e9bastien Chabal, Mathieu Bastareaud ou Pierre Mignoni. Les deux derniers, apr\u00e8s avoir brill\u00e9 sous les couleurs du club varois, figurent d\u00e9sormais dans son organigramme respectivement comme team manager et entra\u00eeneur.<\/p>\n<p class=\"paragraph text_align_left lp-f-body-02\">On ne verra pas toutefois Zidane r\u00e9galer le public varois de son toucher de balle soyeux. S\u2019il sera \u00e0 Mayol, le double buteur de la finale du Mondial 1998 est actuellement bless\u00e9 \u00e0 une cuisse. Cet ischio douloureux l\u2019avait d\u2019ailleurs emp\u00each\u00e9 d\u2019\u00eatre sur le terrain de la Bocca le 30\u00a0octobre pour le lancement de l\u2019association Cannes Legends.<\/p>\n<p class=\"paragraph text_align_left lp-f-body-02\">Parrain de <a href=\"https:\/\/www.leparisien.fr\/sports\/football\/didier-deschamps-parrain-des-pieces-jaunes-c-est-un-privilege-d-aider-les-enfants-29-01-2020-8247891.php\" rel=\"noopener\" target=\"_blank\">l\u2019Op\u00e9ration Pi\u00e8ces jaunes<\/a> depuis plusieurs ann\u00e9es, Didier Deschamps est un habitu\u00e9 de cet \u00e9v\u00e9nement organis\u00e9 par Pascal Olmeta son ami et ancien \u00e9quipier \u00e0 l\u2019OM au d\u00e9but des ann\u00e9es 1990. Le s\u00e9lectionneur des Bleus a d\u00fb y renoncer cette fois-ci, car il pr\u00e9pare actuellement \u00e0 Clairefontaine les deux derniers matchs des \u00e9liminatoires du Mondial 2026 face \u00e0 l\u2019Ukraine et l\u2019Azerba\u00efdjan les 13 et 16\u00a0novembre.<\/p>\n<p class=\"paragraph text_align_left lp-f-body-02\">Le chanteur corse Vinc\u00e8 alias \u00ab\u00a0La Petite Culotte\u00a0\u00bb et le groupe \u00ab\u00a0BandaPar\u00a0\u00bb se produiront \u00e0 la mi-temps. \u00ab\u00a0Acheter un billet, c\u2019est faire une bonne action\u00a0\u00bb, insiste Olmeta.<\/p>\n<p class=\"paragraph text_align_left lp-f-body-02\">Le 6\u00a0juin dernier, son association a par exemple permis \u00e0 trois familles d\u2019assister au concert d\u2019Ed Sheeran dans les loges au V\u00e9lodrome de Marseille. Elle a \u00e9galement organis\u00e9 du 5 au 13\u00a0avril dernier un s\u00e9jour \u00e0 Serre Chevalier pour 9 enfants et leurs familles.<\/p>\n","protected":false},"excerpt":{"rendered":"Gardien t\u00e9m\u00e9raire, ma\u00eetre de sa ligne et dominateur dans ses 18\u00a0m, Pascal Olmeta d\u00e9ployait autrefois sur le terrain&hellip;\n","protected":false},"author":2,"featured_media":522829,"comment_status":"","ping_status":"","sticky":false,"template":"","format":"standard","meta":{"footnotes":""},"categories":[9619],"tags":[1111,11,27345,1777,674,63,1011,27,12,882,25,60,2310],"class_list":{"0":"post-522828","1":"post","2":"type-post","3":"status-publish","4":"format-standard","5":"has-post-thumbnail","7":"category-toulon","8":"tag-actu","9":"tag-actualites","10":"tag-equipe_france_foot","11":"tag-eu","12":"tag-europe","13":"tag-football","14":"tag-fr","15":"tag-france","16":"tag-news","17":"tag-provence-alpes-cote-dazur","18":"tag-republique-francaise","19":"tag-sports","20":"tag-toulon"},"share_on_mastodon":{"url":"https:\/\/pubeurope.com\/@fr\/115520022904241676","error":""},"_links":{"self":[{"href":"https:\/\/www.europesays.com\/fr\/wp-json\/wp\/v2\/posts\/522828","targetHints":{"allow":["GET"]}}],"collection":[{"href":"https:\/\/www.europesays.com\/fr\/wp-json\/wp\/v2\/posts"}],"about":[{"href":"https:\/\/www.europesays.com\/fr\/wp-json\/wp\/v2\/types\/post"}],"author":[{"embeddable":true,"href":"https:\/\/www.europesays.com\/fr\/wp-json\/wp\/v2\/users\/2"}],"replies":[{"embeddable":true,"href":"https:\/\/www.europesays.com\/fr\/wp-json\/wp\/v2\/comments?post=522828"}],"version-history":[{"count":0,"href":"https:\/\/www.europesays.com\/fr\/wp-json\/wp\/v2\/posts\/522828\/revisions"}],"wp:featuredmedia":[{"embeddable":true,"href":"https:\/\/www.europesays.com\/fr\/wp-json\/wp\/v2\/media\/522829"}],"wp:attachment":[{"href":"https:\/\/www.europesays.com\/fr\/wp-json\/wp\/v2\/media?parent=522828"}],"wp:term":[{"taxonomy":"category","embeddable":true,"href":"https:\/\/www.europesays.com\/fr\/wp-json\/wp\/v2\/categories?post=522828"},{"taxonomy":"post_tag","embeddable":true,"href":"https:\/\/www.europesays.com\/fr\/wp-json\/wp\/v2\/tags?post=522828"}],"curies":[{"name":"wp","href":"https:\/\/api.w.org\/{rel}","templated":true}]}}