{"id":522836,"date":"2025-11-09T13:44:19","date_gmt":"2025-11-09T13:44:19","guid":{"rendered":"https:\/\/www.europesays.com\/fr\/522836\/"},"modified":"2025-11-09T13:44:19","modified_gmt":"2025-11-09T13:44:19","slug":"lancien-socle-commun-sunit-pour-echirolles","status":"publish","type":"post","link":"https:\/\/www.europesays.com\/fr\/522836\/","title":{"rendered":"l&rsquo;ancien \u00ab\u00a0socle commun\u00a0\u00bb s&rsquo;unit pour \u00c9chirolles"},"content":{"rendered":"<p>\u00ab\u00a0Ce qui nous lie, c\u2019est \u00c9chirolles. Notre volont\u00e9, pour les \u00e9lections municipales, c\u2019est de voir un renouveau s\u2019op\u00e9rer dans cette ville\u00a0\u00bb. Ils sont quatre\u00a0: Philippe Galindo (Renaissance), Pierre Kuentz (MoDem), Thibault Leroy (LR) et David Vignon (droite) et font partie d\u2019un collectif qui veut \u00ab\u00a0montrer qu\u2019il y a d\u2019autres voies possibles que celles men\u00e9es par ceux qui gouvernent notre ville depuis 80 ans\u00a0\u00bb.<\/p>\n<p>Ils habitent \u00c9chirolles depuis longtemps,&#8230;<\/p>\n","protected":false},"excerpt":{"rendered":"\u00ab\u00a0Ce qui nous lie, c\u2019est \u00c9chirolles. Notre volont\u00e9, pour les \u00e9lections municipales, c\u2019est de voir un renouveau s\u2019op\u00e9rer&hellip;\n","protected":false},"author":2,"featured_media":522837,"comment_status":"","ping_status":"","sticky":false,"template":"","format":"standard","meta":{"footnotes":""},"categories":[9566],"tags":[1111,11,2430,9852,9853,112,4188,1777,674,107,1011,27,2731,108,12,316,25],"class_list":{"0":"post-522836","1":"post","2":"type-post","3":"status-publish","4":"format-standard","5":"has-post-thumbnail","7":"category-grenoble","8":"tag-actu","9":"tag-actualites","10":"tag-auvergne-rhone-alpes","11":"tag-echirolles","12":"tag-echirolles-bassin","13":"tag-edition-grenoble-agglomeration","14":"tag-elections-municipales","15":"tag-eu","16":"tag-europe","17":"tag-fil-info","18":"tag-fr","19":"tag-france","20":"tag-grenoble","21":"tag-isere","22":"tag-news","23":"tag-politique","24":"tag-republique-francaise"},"share_on_mastodon":{"url":"https:\/\/pubeurope.com\/@fr\/115520042786737019","error":""},"_links":{"self":[{"href":"https:\/\/www.europesays.com\/fr\/wp-json\/wp\/v2\/posts\/522836","targetHints":{"allow":["GET"]}}],"collection":[{"href":"https:\/\/www.europesays.com\/fr\/wp-json\/wp\/v2\/posts"}],"about":[{"href":"https:\/\/www.europesays.com\/fr\/wp-json\/wp\/v2\/types\/post"}],"author":[{"embeddable":true,"href":"https:\/\/www.europesays.com\/fr\/wp-json\/wp\/v2\/users\/2"}],"replies":[{"embeddable":true,"href":"https:\/\/www.europesays.com\/fr\/wp-json\/wp\/v2\/comments?post=522836"}],"version-history":[{"count":0,"href":"https:\/\/www.europesays.com\/fr\/wp-json\/wp\/v2\/posts\/522836\/revisions"}],"wp:featuredmedia":[{"embeddable":true,"href":"https:\/\/www.europesays.com\/fr\/wp-json\/wp\/v2\/media\/522837"}],"wp:attachment":[{"href":"https:\/\/www.europesays.com\/fr\/wp-json\/wp\/v2\/media?parent=522836"}],"wp:term":[{"taxonomy":"category","embeddable":true,"href":"https:\/\/www.europesays.com\/fr\/wp-json\/wp\/v2\/categories?post=522836"},{"taxonomy":"post_tag","embeddable":true,"href":"https:\/\/www.europesays.com\/fr\/wp-json\/wp\/v2\/tags?post=522836"}],"curies":[{"name":"wp","href":"https:\/\/api.w.org\/{rel}","templated":true}]}}