{"id":522840,"date":"2025-11-09T13:46:10","date_gmt":"2025-11-09T13:46:10","guid":{"rendered":"https:\/\/www.europesays.com\/fr\/522840\/"},"modified":"2025-11-09T13:46:10","modified_gmt":"2025-11-09T13:46:10","slug":"cette-commune-passe-a-la-tele-grace-a-un-projet-citoyen-ecolo","status":"publish","type":"post","link":"https:\/\/www.europesays.com\/fr\/522840\/","title":{"rendered":"cette commune passe \u00e0 la t\u00e9l\u00e9 gr\u00e2ce \u00e0 un projet citoyen \u00e9colo"},"content":{"rendered":"<p>            Par<br \/>\n        <strong><br \/>\n            <a href=\"https:\/\/actu.fr\/auteur\/redaction-jv\" title=\"Consulter tous les articles de R\u00e9daction Vitr\u00e9\" rel=\"nofollow noopener\" target=\"_blank\">R\u00e9daction Vitr\u00e9<\/a><br \/>\n        <\/strong><\/p>\n<p>        Publi\u00e9 le<\/p>\n<p>            9 nov. 2025 \u00e0 6h30        <\/p>\n<p>Les quatre \u00e9oliennes <b>du parc citoyen F\u00e9eole,<\/b> \u00e0 <b>Martign\u00e9-Ferchaud<\/b> (Ille-et-Vilaine), totalisant <b>12,9\u00a0MW, <\/b>permettent d\u2019alimenter <b>6\u2009900 foyers en \u00e9lectricit\u00e9,<\/b> soit l\u2019\u00e9quivalent de 16\u2009% de la consommation \u00e9lectrique du territoire de Roche aux F\u00e9es communaut\u00e9. Elles \u00e9vitent ainsi l\u2019\u00e9mission de 1\u2009900\u00a0tonnes de CO2, chaque ann\u00e9e.<\/p>\n<p class=\" wall-content\">Le parc \u00e9olien doit \u00eatre mis en lumi\u00e8re ce mardi 11\u00a0novembre 2025 dans le cadre d\u2019un reportage sur <b>France 5<\/b>, \u00e0 partir de 20\u2009h\u200930.<\/p>\n<p>Un parcours sem\u00e9 d\u2019emb\u00fbches<\/p>\n<p class=\" wall-content\">Retour en arri\u00e8re. En 2010, une quinzaine de citoyens et citoyennes cr\u00e9ent <b>l\u2019association \u00c9nergie des F\u00e9es<\/b>, pour lancer un projet de parc \u00e9olien.<\/p>\n<p class=\" wall-content\">Toutes les \u00e9tudes pr\u00e9alables sont ensuite r\u00e9alis\u00e9es de 2013 \u00e0 2015 avec l\u2019appui technique d\u2019Energiequelle, pour aboutir en 2018 \u00e0<b> l\u2019obtention du permis de construire.<\/b><\/p>\n<p class=\" wall-content\">Le projet se heurte alors \u00e0 <a href=\"https:\/\/actu.fr\/bretagne\/martigne-ferchaud_35167\/pourquoi-sont-contre-futures-eoliennes-martigne-ferchaud_14615474.html\" rel=\"nofollow noopener\" target=\"_blank\">un recours qui retarde le projet de quatre ans<\/a> avant que <a href=\"https:\/\/actu.fr\/bretagne\/martigne-ferchaud_35167\/ille-et-vilaine-feu-vert-judiciaire-pour-le-parc-eolien-de-martigne-ferchaud-et-coesmes_50222221.html\" rel=\"nofollow noopener\" target=\"_blank\">F\u00e9eole n\u2019ait gain de cause en justice.<\/a><\/p>\n<p>Vid\u00e9os : en ce moment sur Actu<\/p>\n<p class=\" wall-content\">\u00c0 partir de 2022, la d\u00e9gradation des conditions \u00e9conomiques \u00e0 la suite de l\u2019invasion de l\u2019Ukraine par la Russie vient fragiliser le projet. C\u2019est l\u2019arriv\u00e9e de <b>quatre partenaires territoriaux en 2023<\/b> qui permet de le mener \u00e0 bien et de r\u00e9unir <b>les 23,1\u00a0millions d\u2019euros n\u00e9cessaires \u00e0 l\u2019investissement.<\/b><\/p>\n<p class=\" wall-content\">Au final, la mise en service du parc \u00e9olien citoyen F\u00e9eole a \u00e9t\u00e9 rendue possible par un partenariat original entre la soci\u00e9t\u00e9 citoyenne F\u00e9eole d\u00e9veloppement citoyen, la communaut\u00e9 de communes de Roche aux F\u00e9es, un groupement d\u2019investisseurs publics et citoyens et le mouvement national de l\u2019\u00e9nergie citoyenne \u00c9nergie Partag\u00e9e.<\/p>\n<p>Votre r\u00e9gion, votre actu !<\/p>\n<p>Recevez chaque jour les infos qui comptent pour vous.<\/p>\n<p>\t<a href=\"https:\/\/actu.fr\/newsletter\" class=\"ac-btn ac-btn--corner ac-btn--medium ac-btn--blue800\" rel=\"nofollow noopener\" target=\"_blank\">S&rsquo;incrire<\/a><br \/>\n\u00ab\u2009\u00c9quilibre entre int\u00e9r\u00eat g\u00e9n\u00e9ral et rentabilit\u00e9\u2009\u00bb<\/p>\n<p class=\" wall-content\">\u00ab\u2009Le parc \u00e9olien F\u00e9eole montre qu\u2019associer citoyens et acteurs publics garantit <b>un bon \u00e9quilibre entre int\u00e9r\u00eat g\u00e9n\u00e9ral et rentabilit\u00e9<\/b>\u2009\u00bb, explique David Clausse, pr\u00e9sident de F\u00e9eole SAS. Le parc \u00e9olien a obtenu le label \u00c9nergie partag\u00e9e.<\/p>\n<p class=\" wall-content\">\u00ab\u2009F\u00e9eole est un cas d\u2019\u00e9cole de ce que le mouvement de l\u2019\u00e9nergie citoyenne peut accomplir. Acc\u00e9l\u00e9rer la transition \u00e9nerg\u00e9tique implique de faire aboutir des projets d\u2019envergure, qui r\u00e9pondent aux besoins de leur territoire, \u00e0 l\u2019image de ce parc \u00e9olien\u2009\u00bb, souligne Erwan Bournard, directeur d\u2019\u00c9nergie partag\u00e9e.<\/p>\n<p class=\" wall-content\">Pour Thierry Restif, vice-pr\u00e9sident de Roche aux F\u00e9es communaut\u00e9 en charge de la Transition \u00e9nerg\u00e9tique, climatique et environnementale, \u00ab\u2009il \u00e9tait naturel pour la collectivit\u00e9 d\u2019investir au c\u00f4t\u00e9 des citoyens\u2009\u00bb.<\/p>\n<p>Pratique : mardi 11 novembre \u00e0 20 h 30, sur France 5. L\u2019\u00e9mission de 52 minutes doit en consacrer une vingtaine au parc F\u00e9eole.\u00a0<\/p>\n<p class=\" wall-content\">Personnalisez votre actualit\u00e9 en ajoutant vos villes et m\u00e9dias en favori avec <a href=\"https:\/\/moncompte.actu.fr\" title=\"D\u00e9couvez Mon Actu\" rel=\"nofollow noopener\" data-trk=\"{&quot;cta&quot;:{&quot;action&quot;:&quot;https:\\\/\\\/moncompte.actu.fr&quot;,&quot;category&quot;:&quot;mon compte&quot;,&quot;from&quot;:&quot;article footer&quot;,&quot;name&quot;:&quot;Mon actu&quot;,&quot;type&quot;:&quot;cta&quot;}}\" target=\"_blank\">Mon Actu<\/a>.<\/p>\n","protected":false},"excerpt":{"rendered":"Par R\u00e9daction Vitr\u00e9 Publi\u00e9 le 9 nov. 2025 \u00e0 6h30 Les quatre \u00e9oliennes du parc citoyen F\u00e9eole, \u00e0&hellip;\n","protected":false},"author":2,"featured_media":522841,"comment_status":"","ping_status":"","sticky":false,"template":"","format":"standard","meta":{"footnotes":""},"categories":[2821],"tags":[1111,11,829,436,1777,674,1011,27,12,584,25,104],"class_list":{"0":"post-522840","1":"post","2":"type-post","3":"status-publish","4":"format-standard","5":"has-post-thumbnail","7":"category-rennes","8":"tag-actu","9":"tag-actualites","10":"tag-bretagne","11":"tag-environnement","12":"tag-eu","13":"tag-europe","14":"tag-fr","15":"tag-france","16":"tag-news","17":"tag-rennes","18":"tag-republique-francaise","19":"tag-societe"},"share_on_mastodon":{"url":"https:\/\/pubeurope.com\/@fr\/115520050617315631","error":""},"_links":{"self":[{"href":"https:\/\/www.europesays.com\/fr\/wp-json\/wp\/v2\/posts\/522840","targetHints":{"allow":["GET"]}}],"collection":[{"href":"https:\/\/www.europesays.com\/fr\/wp-json\/wp\/v2\/posts"}],"about":[{"href":"https:\/\/www.europesays.com\/fr\/wp-json\/wp\/v2\/types\/post"}],"author":[{"embeddable":true,"href":"https:\/\/www.europesays.com\/fr\/wp-json\/wp\/v2\/users\/2"}],"replies":[{"embeddable":true,"href":"https:\/\/www.europesays.com\/fr\/wp-json\/wp\/v2\/comments?post=522840"}],"version-history":[{"count":0,"href":"https:\/\/www.europesays.com\/fr\/wp-json\/wp\/v2\/posts\/522840\/revisions"}],"wp:featuredmedia":[{"embeddable":true,"href":"https:\/\/www.europesays.com\/fr\/wp-json\/wp\/v2\/media\/522841"}],"wp:attachment":[{"href":"https:\/\/www.europesays.com\/fr\/wp-json\/wp\/v2\/media?parent=522840"}],"wp:term":[{"taxonomy":"category","embeddable":true,"href":"https:\/\/www.europesays.com\/fr\/wp-json\/wp\/v2\/categories?post=522840"},{"taxonomy":"post_tag","embeddable":true,"href":"https:\/\/www.europesays.com\/fr\/wp-json\/wp\/v2\/tags?post=522840"}],"curies":[{"name":"wp","href":"https:\/\/api.w.org\/{rel}","templated":true}]}}