{"id":522844,"date":"2025-11-09T13:48:13","date_gmt":"2025-11-09T13:48:13","guid":{"rendered":"https:\/\/www.europesays.com\/fr\/522844\/"},"modified":"2025-11-09T13:48:13","modified_gmt":"2025-11-09T13:48:13","slug":"dambach-la-ville-des-sons-et-des-mots-par-vincent-de-murcia-dimanche-16-novembre","status":"publish","type":"post","link":"https:\/\/www.europesays.com\/fr\/522844\/","title":{"rendered":"Dambach-la-Ville. \u201cDes Sons et des Mots\u201d par Vincent de Murcia, dimanche 16\u00a0novembre"},"content":{"rendered":"<p>Les Copains d\u2019accords pr\u00e9sentent dimanche 16\u00a0novembre le pianiste et passionn\u00e9 de litt\u00e9rature Vincent de Murcia.<\/p>\n<p>Avec lui, les sons et les mots se m\u00ealent, s\u2019opposent ou se juxtaposent. L\u2019\u00e9num\u00e9ration se fond dans l\u2019accelerando et le crescendo.<\/p>\n<p>  Des grands textes en musique<\/p>\n<p>Apr\u00e8s avoir fait dialoguer Brahms et Baudelaire, Vincent de Murcia proposera un spectacle o\u00f9 les textes des grands po\u00e8tes et chanteurs ne sont plus chant\u00e9s, mais dits par lui-m\u00eame. Les mots gourmands et malicieux de Brassens rebondissent sur les riches et surprenantes polyphonies de Bach et le g\u00e9nie des rythmes qu\u2019il cis\u00e8le.<\/p>\n<p>D\u2019autres grands auteurs et compositeurs sont \u00e9galement \u00e0 l\u2019honneur dans ce spectacle, tels Barbara, Brel, Devos, Renaud, Beethoven ou Schubert. \u201cDes Sons et des Mots\u201d offre la possibilit\u00e9 de red\u00e9couvrir en musique les grands textes de ces artistes, chanteurs et po\u00e8tes qui ont enchant\u00e9 c\u0153urs et esprits dans les ann\u00e9es 1960 &#8211; 1980.<\/p>\n<p class=\"note\">Dimanche 16\u00a0novembre, \u00e0 17\u00a0h, au foyer culturel Georges-Meyer. Tarif unique\u00a0: 10\u00a0\u20ac. Renseignements et r\u00e9servations\u00a0: copains.daccords@gmail.com ou 06\u00a079\u00a021\u00a038\u00a050.<\/p>\n","protected":false},"excerpt":{"rendered":"Les Copains d\u2019accords pr\u00e9sentent dimanche 16\u00a0novembre le pianiste et passionn\u00e9 de litt\u00e9rature Vincent de Murcia. Avec lui, les&hellip;\n","protected":false},"author":2,"featured_media":522845,"comment_status":"","ping_status":"","sticky":false,"template":"","format":"standard","meta":{"footnotes":""},"categories":[2820],"tags":[1111,11,26193,1687,26192,24625,3143,1777,674,1011,27,775,12,26194,25,3140,640],"class_list":{"0":"post-522844","1":"post","2":"type-post","3":"status-publish","4":"format-standard","5":"has-post-thumbnail","7":"category-strasbourg","8":"tag-actu","9":"tag-actualites","10":"tag-bernstein","11":"tag-culture-loisirs","12":"tag-dambach-la-ville","13":"tag-edition-molsheim-obernai","14":"tag-edition-selestat-erstein","15":"tag-eu","16":"tag-europe","17":"tag-fr","18":"tag-france","19":"tag-grand-est","20":"tag-news","21":"tag-pays-de-barr","22":"tag-republique-francaise","23":"tag-spectacle","24":"tag-strasbourg"},"share_on_mastodon":{"url":"https:\/\/pubeurope.com\/@fr\/115520058479858053","error":""},"_links":{"self":[{"href":"https:\/\/www.europesays.com\/fr\/wp-json\/wp\/v2\/posts\/522844","targetHints":{"allow":["GET"]}}],"collection":[{"href":"https:\/\/www.europesays.com\/fr\/wp-json\/wp\/v2\/posts"}],"about":[{"href":"https:\/\/www.europesays.com\/fr\/wp-json\/wp\/v2\/types\/post"}],"author":[{"embeddable":true,"href":"https:\/\/www.europesays.com\/fr\/wp-json\/wp\/v2\/users\/2"}],"replies":[{"embeddable":true,"href":"https:\/\/www.europesays.com\/fr\/wp-json\/wp\/v2\/comments?post=522844"}],"version-history":[{"count":0,"href":"https:\/\/www.europesays.com\/fr\/wp-json\/wp\/v2\/posts\/522844\/revisions"}],"wp:featuredmedia":[{"embeddable":true,"href":"https:\/\/www.europesays.com\/fr\/wp-json\/wp\/v2\/media\/522845"}],"wp:attachment":[{"href":"https:\/\/www.europesays.com\/fr\/wp-json\/wp\/v2\/media?parent=522844"}],"wp:term":[{"taxonomy":"category","embeddable":true,"href":"https:\/\/www.europesays.com\/fr\/wp-json\/wp\/v2\/categories?post=522844"},{"taxonomy":"post_tag","embeddable":true,"href":"https:\/\/www.europesays.com\/fr\/wp-json\/wp\/v2\/tags?post=522844"}],"curies":[{"name":"wp","href":"https:\/\/api.w.org\/{rel}","templated":true}]}}