{"id":522849,"date":"2025-11-09T13:52:11","date_gmt":"2025-11-09T13:52:11","guid":{"rendered":"https:\/\/www.europesays.com\/fr\/522849\/"},"modified":"2025-11-09T13:52:11","modified_gmt":"2025-11-09T13:52:11","slug":"balade-sensorielle-a-la-gare-danjou-dans-lexpo-de-delphine-perret","status":"publish","type":"post","link":"https:\/\/www.europesays.com\/fr\/522849\/","title":{"rendered":"Balade sensorielle \u00e0 la Gare d\u2019Anjou, dans l\u2019expo de Delphine Perret"},"content":{"rendered":"<p>Delphine Perret, autrice et illustratrice, vit \u00e0 Nantes. Elle a \u00e9crit et illustr\u00e9 une quarantaine d\u2019ouvrages notamment pour enfants comme Bjorn, une vie bien remplie ou encore Le plus bel \u00e9t\u00e9 dont s\u2019inspire cette exposition \u00e0 la Gare d\u2019Anjou. La nature est omnipr\u00e9sente, sous forme de grands paysages. Le trait est simple, souvent minimaliste et les mots sont choisis.<\/p>\n<p>Une exposition o\u00f9 on peut toucher, sentir, \u00e9couter<\/p>\n<p>Dans l\u2019album, au fil des pages se succ\u00e8dent des moments de vie, des instants suspendus tels que regarder les fourmis, r\u00e9colter des m\u00fbres, ramasser des pommes de pin. Delphine Perret a voulu retranscrire ces sentiments, ces curiosit\u00e9s, ces moments de contemplation dans son expo. Petits et grands peuvent toucher des feuilles, d\u00e9couvrir les bruits d\u2019oiseaux, \u00e9couter l\u2019orage et m\u00eame se cacher dans la cabane en bois. Tous les sens sont mis \u00e0 contribution.<\/p>\n<p>Delphine Perret est tr\u00e8s sensible aux souvenirs\u00a0: <strong>\u00ab\u00a0Un son, une odeur, ne va pas \u00e9voquer la m\u00eame chose pour chacun et \u00e7a, \u00e7a m\u2019int\u00e9resse, <\/strong>dit-elle. <strong>Dans mes livres il y a volontairement beaucoup de blancs, beaucoup de places laiss\u00e9es au lecteur afin qu\u2019il puisse s\u2019approprier son histoire.\u00a0\u00bb<\/strong><\/p>\n<p>Tout est plac\u00e9 \u00e0 hauteur d\u2019enfant, toutefois, cette exposition s\u2019adresse \u00e9galement aux adultes. Delphine Perret propose un atelier encres de couleur mercredi 12\u00a0novembre, \u00e0 14\u00a0h (\u00e0 partir de 7\u00a0ans, sur inscription).<\/p>\n<p><strong>Jusqu\u2019au mercredi 26\u00a0novembre, <\/strong>du mercredi au vendredi de 15\u00a0h \u00e0 18\u00a0h, et samedi, dimanche de 14\u00a0h \u00e0 17\u00a0h, \u00e0 la Gare d\u2019Anjou de Saint-S\u00e9bastien-sur-Loire. Entr\u00e9e libre. Contact\u00a0: mediation@saintsebastien.fr\u00a0; t\u00e9l. 02\u00a040\u00a080\u00a086\u00a005.<\/p>\n<p>\u00a0<\/p>\n","protected":false},"excerpt":{"rendered":"Delphine Perret, autrice et illustratrice, vit \u00e0 Nantes. Elle a \u00e9crit et illustr\u00e9 une quarantaine d\u2019ouvrages notamment pour&hellip;\n","protected":false},"author":2,"featured_media":522850,"comment_status":"","ping_status":"","sticky":false,"template":"","format":"standard","meta":{"footnotes":""},"categories":[2818],"tags":[1111,11,18314,7552,9940,1777,674,12176,1011,27,7533,766,12,2636,43785,25,34352],"class_list":{"0":"post-522849","1":"post","2":"type-post","3":"status-publish","4":"format-standard","5":"has-post-thumbnail","7":"category-nantes","8":"tag-actu","9":"tag-actualites","10":"tag-anjou","11":"tag-balade","12":"tag-delphine","13":"tag-eu","14":"tag-europe","15":"tag-expo","16":"tag-fr","17":"tag-france","18":"tag-gare","19":"tag-nantes","20":"tag-news","21":"tag-pays-de-la-loire","22":"tag-perret","23":"tag-republique-francaise","24":"tag-sensorielle"},"share_on_mastodon":{"url":"https:\/\/pubeurope.com\/@fr\/115520074225767228","error":""},"_links":{"self":[{"href":"https:\/\/www.europesays.com\/fr\/wp-json\/wp\/v2\/posts\/522849","targetHints":{"allow":["GET"]}}],"collection":[{"href":"https:\/\/www.europesays.com\/fr\/wp-json\/wp\/v2\/posts"}],"about":[{"href":"https:\/\/www.europesays.com\/fr\/wp-json\/wp\/v2\/types\/post"}],"author":[{"embeddable":true,"href":"https:\/\/www.europesays.com\/fr\/wp-json\/wp\/v2\/users\/2"}],"replies":[{"embeddable":true,"href":"https:\/\/www.europesays.com\/fr\/wp-json\/wp\/v2\/comments?post=522849"}],"version-history":[{"count":0,"href":"https:\/\/www.europesays.com\/fr\/wp-json\/wp\/v2\/posts\/522849\/revisions"}],"wp:featuredmedia":[{"embeddable":true,"href":"https:\/\/www.europesays.com\/fr\/wp-json\/wp\/v2\/media\/522850"}],"wp:attachment":[{"href":"https:\/\/www.europesays.com\/fr\/wp-json\/wp\/v2\/media?parent=522849"}],"wp:term":[{"taxonomy":"category","embeddable":true,"href":"https:\/\/www.europesays.com\/fr\/wp-json\/wp\/v2\/categories?post=522849"},{"taxonomy":"post_tag","embeddable":true,"href":"https:\/\/www.europesays.com\/fr\/wp-json\/wp\/v2\/tags?post=522849"}],"curies":[{"name":"wp","href":"https:\/\/api.w.org\/{rel}","templated":true}]}}