{"id":522857,"date":"2025-11-09T13:56:12","date_gmt":"2025-11-09T13:56:12","guid":{"rendered":"https:\/\/www.europesays.com\/fr\/522857\/"},"modified":"2025-11-09T13:56:12","modified_gmt":"2025-11-09T13:56:12","slug":"colis-suspect-pres-de-la-gare-matabiau-haute-garonne","status":"publish","type":"post","link":"https:\/\/www.europesays.com\/fr\/522857\/","title":{"rendered":"Colis suspect pr\u00e8s de la gare Matabiau &#8211; Haute Garonne"},"content":{"rendered":"<p>Jeudi dernier, vers 22h30, les pompiers de Haute-Garonne ont \u00e9t\u00e9 appel\u00e9s chemin de fer gare Matabiau \u00e0 Toulouse pour un colis ou objet suspect. L&rsquo;action rapide des secours a permis de mettre en place un dispositif pr\u00e9ventif, le temps d&rsquo;\u00e9valuer la situation. L&rsquo;intervention s&rsquo;est finalement d\u00e9roul\u00e9e sans complications et le dispositif de secours a \u00e9t\u00e9 lev\u00e9 \u00e0 l&rsquo;issue de l&rsquo;op\u00e9ration.<\/p>\n<p>                Cet article est r\u00e9serv\u00e9 aux abonn\u00e9s.<\/p>\n<p class=\"signature\" itemscope=\"\" itemprop=\"Author\" itemtype=\"http:\/\/schema.org\/Person\">\n                MS31\n            <\/p>\n","protected":false},"excerpt":{"rendered":"Jeudi dernier, vers 22h30, les pompiers de Haute-Garonne ont \u00e9t\u00e9 appel\u00e9s chemin de fer gare Matabiau \u00e0 Toulouse&hellip;\n","protected":false},"author":2,"featured_media":395922,"comment_status":"","ping_status":"","sticky":false,"template":"","format":"standard","meta":{"footnotes":""},"categories":[2816],"tags":[1111,11,1777,674,1011,27,12,2680,301,25,2312],"class_list":{"0":"post-522857","1":"post","2":"type-post","3":"status-publish","4":"format-standard","5":"has-post-thumbnail","7":"category-toulouse","8":"tag-actu","9":"tag-actualites","10":"tag-eu","11":"tag-europe","12":"tag-fr","13":"tag-france","14":"tag-news","15":"tag-occitanie","16":"tag-premium","17":"tag-republique-francaise","18":"tag-toulouse"},"share_on_mastodon":{"url":"https:\/\/pubeurope.com\/@fr\/115520089982052199","error":""},"_links":{"self":[{"href":"https:\/\/www.europesays.com\/fr\/wp-json\/wp\/v2\/posts\/522857","targetHints":{"allow":["GET"]}}],"collection":[{"href":"https:\/\/www.europesays.com\/fr\/wp-json\/wp\/v2\/posts"}],"about":[{"href":"https:\/\/www.europesays.com\/fr\/wp-json\/wp\/v2\/types\/post"}],"author":[{"embeddable":true,"href":"https:\/\/www.europesays.com\/fr\/wp-json\/wp\/v2\/users\/2"}],"replies":[{"embeddable":true,"href":"https:\/\/www.europesays.com\/fr\/wp-json\/wp\/v2\/comments?post=522857"}],"version-history":[{"count":0,"href":"https:\/\/www.europesays.com\/fr\/wp-json\/wp\/v2\/posts\/522857\/revisions"}],"wp:featuredmedia":[{"embeddable":true,"href":"https:\/\/www.europesays.com\/fr\/wp-json\/wp\/v2\/media\/395922"}],"wp:attachment":[{"href":"https:\/\/www.europesays.com\/fr\/wp-json\/wp\/v2\/media?parent=522857"}],"wp:term":[{"taxonomy":"category","embeddable":true,"href":"https:\/\/www.europesays.com\/fr\/wp-json\/wp\/v2\/categories?post=522857"},{"taxonomy":"post_tag","embeddable":true,"href":"https:\/\/www.europesays.com\/fr\/wp-json\/wp\/v2\/tags?post=522857"}],"curies":[{"name":"wp","href":"https:\/\/api.w.org\/{rel}","templated":true}]}}