{"id":522864,"date":"2025-11-09T14:03:15","date_gmt":"2025-11-09T14:03:15","guid":{"rendered":"https:\/\/www.europesays.com\/fr\/522864\/"},"modified":"2025-11-09T14:03:15","modified_gmt":"2025-11-09T14:03:15","slug":"la-requisition-existe-mais-na-jamais-fonctionne","status":"publish","type":"post","link":"https:\/\/www.europesays.com\/fr\/522864\/","title":{"rendered":"\u00ab\u00a0La r\u00e9quisition existe mais n\u2019a jamais fonctionn\u00e9\u00a0\u00bb"},"content":{"rendered":"<p class=\"question\"><strong>La r\u00e9quisition est-elle la solution\u00a0?<\/strong><\/p>\n<p>\u00ab\u00a0Elle existe, mais n\u2019a jamais fonctionn\u00e9. Elle entra\u00eene des proc\u00e9dures. Chirac avait fait des r\u00e9quisitions. \u00c7a s\u2019est mal termin\u00e9. Apr\u00e8s, il a fallu racheter. Le fait d\u2019\u00eatre dans une approche conflictuelle ne peut pas am\u00e9liorer le climat social. Au contraire, il risque de le durcir encore. Ce qu\u2019il faut, c\u2019est une prise de conscience.\u00a0\u00bb<\/p>\n<p class=\"question\"><strong>Mais concr\u00e8tement, comment la provoquer\u00a0?<\/strong><\/p>\n<p>\u00ab\u00a0Un logement inoccup\u00e9 co\u00fbte \u00e0 son propri\u00e9taire, en&#8230;<\/p>\n","protected":false},"excerpt":{"rendered":"La r\u00e9quisition est-elle la solution\u00a0? \u00ab\u00a0Elle existe, mais n\u2019a jamais fonctionn\u00e9. Elle entra\u00eene des proc\u00e9dures. Chirac avait fait&hellip;\n","protected":false},"author":2,"featured_media":522865,"comment_status":"","ping_status":"","sticky":false,"template":"","format":"standard","meta":{"footnotes":""},"categories":[1889],"tags":[1111,11,2430,33,2757,893,1777,674,107,1011,27,1116,1908,2428,2756,12,25,2429,4604,801,104],"class_list":{"0":"post-522864","1":"post","2":"type-post","3":"status-publish","4":"format-standard","5":"has-post-thumbnail","7":"category-lyon","8":"tag-actu","9":"tag-actualites","10":"tag-auvergne-rhone-alpes","11":"tag-economie","12":"tag-edition-lyon-villeurbanne","13":"tag-energie","14":"tag-eu","15":"tag-europe","16":"tag-fil-info","17":"tag-fr","18":"tag-france","19":"tag-immobilier","20":"tag-logement","21":"tag-lyon","22":"tag-lyon-bassin","23":"tag-news","24":"tag-republique-francaise","25":"tag-rhone","26":"tag-selection-abonne","27":"tag-social","28":"tag-societe"},"share_on_mastodon":{"url":"https:\/\/pubeurope.com\/@fr\/115520117744796030","error":""},"_links":{"self":[{"href":"https:\/\/www.europesays.com\/fr\/wp-json\/wp\/v2\/posts\/522864","targetHints":{"allow":["GET"]}}],"collection":[{"href":"https:\/\/www.europesays.com\/fr\/wp-json\/wp\/v2\/posts"}],"about":[{"href":"https:\/\/www.europesays.com\/fr\/wp-json\/wp\/v2\/types\/post"}],"author":[{"embeddable":true,"href":"https:\/\/www.europesays.com\/fr\/wp-json\/wp\/v2\/users\/2"}],"replies":[{"embeddable":true,"href":"https:\/\/www.europesays.com\/fr\/wp-json\/wp\/v2\/comments?post=522864"}],"version-history":[{"count":0,"href":"https:\/\/www.europesays.com\/fr\/wp-json\/wp\/v2\/posts\/522864\/revisions"}],"wp:featuredmedia":[{"embeddable":true,"href":"https:\/\/www.europesays.com\/fr\/wp-json\/wp\/v2\/media\/522865"}],"wp:attachment":[{"href":"https:\/\/www.europesays.com\/fr\/wp-json\/wp\/v2\/media?parent=522864"}],"wp:term":[{"taxonomy":"category","embeddable":true,"href":"https:\/\/www.europesays.com\/fr\/wp-json\/wp\/v2\/categories?post=522864"},{"taxonomy":"post_tag","embeddable":true,"href":"https:\/\/www.europesays.com\/fr\/wp-json\/wp\/v2\/tags?post=522864"}],"curies":[{"name":"wp","href":"https:\/\/api.w.org\/{rel}","templated":true}]}}