{"id":522866,"date":"2025-11-09T14:04:14","date_gmt":"2025-11-09T14:04:14","guid":{"rendered":"https:\/\/www.europesays.com\/fr\/522866\/"},"modified":"2025-11-09T14:04:14","modified_gmt":"2025-11-09T14:04:14","slug":"metropole-de-lyon-sur-les-scenes-cette-semaine-une-programmation-monstre-avec-lady-gaga-et-mireille-mathieu","status":"publish","type":"post","link":"https:\/\/www.europesays.com\/fr\/522866\/","title":{"rendered":"M\u00e9tropole de Lyon. Sur les sc\u00e8nes cette semaine, une programmation \u00ab\u00a0monstre\u00a0\u00bb avec Lady Gaga et Mireille Mathieu"},"content":{"rendered":"<p>Il y a du monde, et du beau monde, cette semaine sur les sc\u00e8nes lyonnaises. \u00c0 commencer par Lady Gaga, deux soirs de suite \u00e0 guichets ferm\u00e9s (les places se sont envol\u00e9es en quelques minutes) \u00e0 la LDLC Arena avec son \u00ab\u00a0Mayhem Ball\u00a0\u00bb.<\/p>\n<p>Avec cette tourn\u00e9e, Lady Gaga revient \u00e0 ses racines pop tout en confirmant qu\u2019elle est une master de la r\u00e9invention. \u00ab\u00a0C\u2019est ma premi\u00e8re tourn\u00e9e en ar\u00e9na depuis 2018, a-t-elle d\u00e9clar\u00e9 en l\u2019annon\u00e7ant. Il y a quelque chose d\u2019\u00e9lectrisant dans un stade, et j\u2019adore ces moments. Mais avec The Mayhem Ball, j\u2019ai voulu cr\u00e9er une exp\u00e9rience diff\u00e9rente \u2014 quelque chose de plus intime, plus proche, plus connect\u00e9, qui se pr\u00eate \u00e0 l\u2019art th\u00e9\u00e2tral du live que j\u2019aime tant.\u00a0\u00bb Dans le cadre de son \u00e9tape europ\u00e9enne, elle commence la France par Lyon, avant 4 concerts \u00e0 Paris.<\/p>\n<p class=\"note\">Lady Gaga \u00e0 la LDLC Arena, jeudi\u00a013 et vendredi 14\u00a0novembre. Site\u00a0: <a href=\"https:\/\/www.olvallee.fr\/evenement\/lady-gaga-lyon-2025\/\" target=\"_blank\" rel=\"nofollow noopener\">https:\/\/www.olvallee.fr\/evenement\/lady-gaga-lyon-2025\/<\/a><\/p>\n<p>Dans un tout autre registre, et le lendemain, Mireille Mathieu f\u00eatera \u00ab\u00a060 ans d\u2019amour\u00a0\u00bb (avec le public, et de carri\u00e8re) \u00e0 l\u2019Amphith\u00e9\u00e2tre Salle 3000.<\/p>\n<p>Pour l\u2019anecdote, il y a 10 ans, il avait \u00e9t\u00e9 question qu\u2019elles enregistrent un duo\u00a0!<\/p>\n<p class=\"note\">Mireille Mathieu en concert \u00e0 l\u2019Amphith\u00e9\u00e2tre 3000, samedi 15\u00a0novembre 2025 \u00e0 20\u00a0h\u00a030. Tarifs\u00a0: de 43 \u00e0 113\u00a0euros. Billetterie <a href=\"https:\/\/www.fnacspectacles.com\/event\/mireille-mathieu-60-ans-damour-lamphiteatre\" target=\"_blank\" rel=\"nofollow noopener\">dans les points de vente habituels<\/a>.<\/p>\n<p>Le duo, form\u00e9 depuis 1994 par Vincent Dubois et Jean Christian Fraiscinet, campe Maria, une fermi\u00e8re octog\u00e9naire roublarde, et son fils Christian, vieux gar\u00e7on na\u00eff de 50 ans. Un succ\u00e8s jamais d\u00e9menti en 30 ans, sur sc\u00e8ne, \u00e0 la t\u00e9l\u00e9vision comme au cin\u00e9ma. En tourn\u00e9e des z\u00e9niths pour f\u00eater cet anniversaire, ils vont remplir trois fois de suite la Halle Tony-Garnier ce week-end avec leur spectacle-phare, \u00ab\u00a0Grandeur nature\u00a0\u00bb.<\/p>\n<p class=\"note\">Les Bodin\u2019s Grandeur nature, vendredi\u00a014, samedi\u00a015 et dimanche 16\u00a0novembre 2025 \u00e0 la Halle Tony-Garnier (Lyon 7e). Complet. Site\u00a0: www.les-bodins.fr<\/p>\n","protected":false},"excerpt":{"rendered":"Il y a du monde, et du beau monde, cette semaine sur les sc\u00e8nes lyonnaises. \u00c0 commencer par&hellip;\n","protected":false},"author":2,"featured_media":522867,"comment_status":"","ping_status":"","sticky":false,"template":"","format":"standard","meta":{"footnotes":""},"categories":[1889],"tags":[1111,11,2430,1687,2757,1777,674,1011,27,2428,2756,873,12,25,2429,3140],"class_list":{"0":"post-522866","1":"post","2":"type-post","3":"status-publish","4":"format-standard","5":"has-post-thumbnail","7":"category-lyon","8":"tag-actu","9":"tag-actualites","10":"tag-auvergne-rhone-alpes","11":"tag-culture-loisirs","12":"tag-edition-lyon-villeurbanne","13":"tag-eu","14":"tag-europe","15":"tag-fr","16":"tag-france","17":"tag-lyon","18":"tag-lyon-bassin","19":"tag-musique","20":"tag-news","21":"tag-republique-francaise","22":"tag-rhone","23":"tag-spectacle"},"share_on_mastodon":{"url":"https:\/\/pubeurope.com\/@fr\/115520121303299408","error":""},"_links":{"self":[{"href":"https:\/\/www.europesays.com\/fr\/wp-json\/wp\/v2\/posts\/522866","targetHints":{"allow":["GET"]}}],"collection":[{"href":"https:\/\/www.europesays.com\/fr\/wp-json\/wp\/v2\/posts"}],"about":[{"href":"https:\/\/www.europesays.com\/fr\/wp-json\/wp\/v2\/types\/post"}],"author":[{"embeddable":true,"href":"https:\/\/www.europesays.com\/fr\/wp-json\/wp\/v2\/users\/2"}],"replies":[{"embeddable":true,"href":"https:\/\/www.europesays.com\/fr\/wp-json\/wp\/v2\/comments?post=522866"}],"version-history":[{"count":0,"href":"https:\/\/www.europesays.com\/fr\/wp-json\/wp\/v2\/posts\/522866\/revisions"}],"wp:featuredmedia":[{"embeddable":true,"href":"https:\/\/www.europesays.com\/fr\/wp-json\/wp\/v2\/media\/522867"}],"wp:attachment":[{"href":"https:\/\/www.europesays.com\/fr\/wp-json\/wp\/v2\/media?parent=522866"}],"wp:term":[{"taxonomy":"category","embeddable":true,"href":"https:\/\/www.europesays.com\/fr\/wp-json\/wp\/v2\/categories?post=522866"},{"taxonomy":"post_tag","embeddable":true,"href":"https:\/\/www.europesays.com\/fr\/wp-json\/wp\/v2\/tags?post=522866"}],"curies":[{"name":"wp","href":"https:\/\/api.w.org\/{rel}","templated":true}]}}